{"id":10082,"date":"2021-12-22T19:01:45","date_gmt":"2021-12-22T19:01:45","guid":{"rendered":"http:\/\/myftinia-shkoder.org\/?p=10082"},"modified":"2021-12-23T08:05:28","modified_gmt":"2021-12-23T08:05:28","slug":"myftiu-fale-udhezimit-islam-jetojme-si-njerez-me-vlera","status":"publish","type":"post","link":"https:\/\/myftinia-shkoder.org\/?p=10082","title":{"rendered":"Myftiu: &#8220;Fal\u00eb udh\u00ebzimit islam jetojm\u00eb si njer\u00ebz me vlera!&#8221;"},"content":{"rendered":"<p class=\"cxmmr5t8 oygrvhab hcukyx3x c1et5uql o9v6fnle ii04i59q\" style=\"text-align: justify;\">Dit\u00ebn e m\u00ebrkur\u00eb, m\u00eb 22 dhjetor 2021, Myftiu i Shkodr\u00ebs, Imam <a class=\"oajrlxb2 g5ia77u1 qu0x051f esr5mh6w e9989ue4 r7d6kgcz rq0escxv nhd2j8a9 nc684nl6 p7hjln8o kvgmc6g5 cxmmr5t8 oygrvhab hcukyx3x jb3vyjys rz4wbd8a qt6c0cv9 a8nywdso i1ao9s8h esuyzwwr f1sip0of lzcic4wl gpro0wi8 q66pz984 b1v8xokw\" tabindex=\"0\" role=\"link\" href=\"https:\/\/www.facebook.com\/profile.php?id=100008293066207&amp;__cft__[0]=AZX-iA5U1XK-ZwovQDjEgI2SlgwPijlfLvSwndxk2p6UPzbtWOMQkXYXg2ZL65arqk4TcXBK0_t58jrCO2bo8sdM_1wwiiflc_aCvI8lB_5eKM66MJfm0wVxXZHhDHNopRU&amp;__tn__=-]K-R\"><span class=\"nc684nl6\">Muhamed B. Sytari<\/span><\/a>, mbajti nj\u00eb ligj\u00ebrat\u00eb pas namazit t\u00eb akshamit n\u00eb xhamin\u00eb e fshatit Kullaj, <a class=\"oajrlxb2 g5ia77u1 qu0x051f esr5mh6w e9989ue4 r7d6kgcz rq0escxv nhd2j8a9 nc684nl6 p7hjln8o kvgmc6g5 cxmmr5t8 oygrvhab hcukyx3x jb3vyjys rz4wbd8a qt6c0cv9 a8nywdso i1ao9s8h esuyzwwr f1sip0of lzcic4wl gpro0wi8 q66pz984 b1v8xokw\" tabindex=\"0\" role=\"link\" href=\"https:\/\/www.facebook.com\/ura.e.mesit.postribe?__cft__[0]=AZX-iA5U1XK-ZwovQDjEgI2SlgwPijlfLvSwndxk2p6UPzbtWOMQkXYXg2ZL65arqk4TcXBK0_t58jrCO2bo8sdM_1wwiiflc_aCvI8lB_5eKM66MJfm0wVxXZHhDHNopRU&amp;__tn__=-]K-R\"><span class=\"nc684nl6\">Postrib\u00eb<\/span><\/a>.<\/p>\n<p dir=\"auto\" style=\"text-align: justify;\">N\u00eb fillim, Myftiu fal\u00ebnderoi besimtar\u00ebt e pranish\u00ebm, q\u00eb p\u00ebrtej temperaturave t\u00eb ul\u00ebta t\u00eb dit\u00ebve t\u00eb fundit, ishin t\u00eb pranish\u00ebm n\u00eb xhami p\u00ebr faljen e namazit t\u00eb akshamit me xhemat\u00eb dhe ligj\u00ebrat\u00ebs s\u00eb Myftiut.<\/p>\n<p dir=\"auto\" style=\"text-align: justify;\">N\u00eb vasin e mbajtur k\u00ebt\u00eb nat\u00eb, Myftiu iu qas r\u00ebnd\u00ebsis\u00eb q\u00eb ka kuptimi i thirrjes: &#8220;Allahu ekber&#8221;, q\u00eb musliman\u00ebt e p\u00ebrs\u00ebrisin \u00e7do dit\u00eb me dhjetra her\u00eb.<\/p>\n<p dir=\"auto\" style=\"text-align: justify;\">Myftiu tha se tekbiri \u00ebsht\u00eb simbol dhe nxitje e t\u00eb mir\u00ebs e lart\u00ebsimit n\u00eb jet\u00eb, n\u00eb \u00e7do koh\u00eb e \u00e7do situat\u00eb.<\/p>\n<p dir=\"auto\" style=\"text-align: justify;\">Ai tha se p\u00ebrtej propagandave t\u00eb djall\u00ebzuara p\u00ebr ta mjegulluar dhe b\u00ebr\u00eb t\u00eb urryer p\u00ebr njer\u00ebzimin k\u00ebt\u00eb thirrje t\u00eb shenjt\u00eb, asgj\u00eb nuk duhet ta step\u00eb muslimanin p\u00ebr ta d\u00ebshmuar madh\u00ebshtin\u00eb dhe shenjt\u00ebrin\u00eb e k\u00ebsaj thirrjeje shekullore, me t\u00eb cil\u00ebn, krejt t\u00eb d\u00ebrguarit e Allahut e ftuan njer\u00ebzimin drejt krenaris\u00eb s\u00eb besimit, dinjitetit t\u00eb jetuarit si m\u00ebk\u00ebmb\u00ebs t\u00eb Zotit dhe njer\u00ebz me vlera dhe drit\u00eb!<\/p>\n<p class=\"cxmmr5t8 oygrvhab hcukyx3x c1et5uql o9v6fnle ii04i59q\" style=\"text-align: justify;\">Ligj\u00ebrata e plot\u00eb:<\/p>\n<p><iframe loading=\"lazy\" title=\"Me krenari th\u00ebrrasim: &quot;Allahu ekber&quot;!\" width=\"500\" height=\"281\" src=\"https:\/\/www.youtube.com\/embed\/nbN_tIL3kGA?feature=oembed\" frameborder=\"0\" allow=\"accelerometer; autoplay; clipboard-write; encrypted-media; gyroscope; picture-in-picture; web-share\" referrerpolicy=\"strict-origin-when-cross-origin\" allowfullscreen><\/iframe><\/p>\n<div id='gallery-1' class='gallery galleryid-10082 gallery-columns-4 gallery-size-thumbnail'><figure class='gallery-item'>\n\t\t\t<div class='gallery-icon landscape'>\n\t\t\t\t<a href='https:\/\/myftinia-shkoder.org\/?attachment_id=10083'><img loading=\"lazy\" decoding=\"async\" width=\"150\" height=\"150\" src=\"https:\/\/myftinia-shkoder.org\/wp-content\/uploads\/2021\/12\/Kullaj_22dhjetor2021-150x150.jpg\" class=\"attachment-thumbnail size-thumbnail\" alt=\"\" \/><\/a>\n\t\t\t<\/div><\/figure><figure class='gallery-item'>\n\t\t\t<div class='gallery-icon landscape'>\n\t\t\t\t<a href='https:\/\/myftinia-shkoder.org\/?attachment_id=10085'><img loading=\"lazy\" decoding=\"async\" width=\"150\" height=\"150\" src=\"https:\/\/myftinia-shkoder.org\/wp-content\/uploads\/2021\/12\/Kullaj_22dhjetor2021-2-150x150.jpg\" class=\"attachment-thumbnail size-thumbnail\" alt=\"\" \/><\/a>\n\t\t\t<\/div><\/figure><figure class='gallery-item'>\n\t\t\t<div class='gallery-icon landscape'>\n\t\t\t\t<a href='https:\/\/myftinia-shkoder.org\/?attachment_id=10084'><img loading=\"lazy\" decoding=\"async\" width=\"150\" height=\"150\" src=\"https:\/\/myftinia-shkoder.org\/wp-content\/uploads\/2021\/12\/Kullaj_22dhjetor2021-1-150x150.jpg\" class=\"attachment-thumbnail size-thumbnail\" alt=\"\" \/><\/a>\n\t\t\t<\/div><\/figure><figure class='gallery-item'>\n\t\t\t<div class='gallery-icon landscape'>\n\t\t\t\t<a href='https:\/\/myftinia-shkoder.org\/?attachment_id=10086'><img loading=\"lazy\" decoding=\"async\" width=\"150\" height=\"150\" src=\"https:\/\/myftinia-shkoder.org\/wp-content\/uploads\/2021\/12\/Kullaj_22dhjetor2021-3-150x150.jpg\" class=\"attachment-thumbnail size-thumbnail\" alt=\"\" \/><\/a>\n\t\t\t<\/div><\/figure>\n\t\t<\/div>\n\n","protected":false},"excerpt":{"rendered":"<div class=\"mh-excerpt\"><p>Dit\u00ebn e m\u00ebrkur\u00eb, m\u00eb 22 dhjetor 2021, Myftiu i Shkodr\u00ebs, Imam Muhamed B. Sytari, mbajti nj\u00eb ligj\u00ebrat\u00eb pas namazit t\u00eb akshamit n\u00eb xhamin\u00eb e fshatit Kullaj, Postrib\u00eb. N\u00eb fillim, Myftiu fal\u00ebnderoi besimtar\u00ebt e pranish\u00ebm, q\u00eb <a class=\"mh-excerpt-more\" href=\"https:\/\/myftinia-shkoder.org\/?p=10082\" title=\"Myftiu: &#8220;Fal\u00eb udh\u00ebzimit islam jetojm\u00eb si njer\u00ebz me vlera!&#8221;\">[&#8230;]<\/a><\/p>\n<\/div>","protected":false},"author":1,"featured_media":10083,"comment_status":"closed","ping_status":"closed","sticky":false,"template":"","format":"standard","meta":{"footnotes":""},"categories":[1],"tags":[],"class_list":["post-10082","post","type-post","status-publish","format-standard","has-post-thumbnail","hentry","category-aktivitete"],"_links":{"self":[{"href":"https:\/\/myftinia-shkoder.org\/index.php?rest_route=\/wp\/v2\/posts\/10082","targetHints":{"allow":["GET"]}}],"collection":[{"href":"https:\/\/myftinia-shkoder.org\/index.php?rest_route=\/wp\/v2\/posts"}],"about":[{"href":"https:\/\/myftinia-shkoder.org\/index.php?rest_route=\/wp\/v2\/types\/post"}],"author":[{"embeddable":true,"href":"https:\/\/myftinia-shkoder.org\/index.php?rest_route=\/wp\/v2\/users\/1"}],"replies":[{"embeddable":true,"href":"https:\/\/myftinia-shkoder.org\/index.php?rest_route=%2Fwp%2Fv2%2Fcomments&post=10082"}],"version-history":[{"count":3,"href":"https:\/\/myftinia-shkoder.org\/index.php?rest_route=\/wp\/v2\/posts\/10082\/revisions"}],"predecessor-version":[{"id":10089,"href":"https:\/\/myftinia-shkoder.org\/index.php?rest_route=\/wp\/v2\/posts\/10082\/revisions\/10089"}],"wp:featuredmedia":[{"embeddable":true,"href":"https:\/\/myftinia-shkoder.org\/index.php?rest_route=\/wp\/v2\/media\/10083"}],"wp:attachment":[{"href":"https:\/\/myftinia-shkoder.org\/index.php?rest_route=%2Fwp%2Fv2%2Fmedia&parent=10082"}],"wp:term":[{"taxonomy":"category","embeddable":true,"href":"https:\/\/myftinia-shkoder.org\/index.php?rest_route=%2Fwp%2Fv2%2Fcategories&post=10082"},{"taxonomy":"post_tag","embeddable":true,"href":"https:\/\/myftinia-shkoder.org\/index.php?rest_route=%2Fwp%2Fv2%2Ftags&post=10082"}],"curies":[{"name":"wp","href":"https:\/\/api.w.org\/{rel}","templated":true}]}}