{"id":11360,"date":"2022-09-12T11:59:00","date_gmt":"2022-09-12T11:59:00","guid":{"rendered":"http:\/\/myftinia-shkoder.org\/?p=11360"},"modified":"2022-09-13T12:06:37","modified_gmt":"2022-09-13T12:06:37","slug":"fillon-restaurimi-i-xhamise-se-plumbit-ne-shkoder-myftiu-falenderon-presidentin-erdogan","status":"publish","type":"post","link":"https:\/\/myftinia-shkoder.org\/?p=11360","title":{"rendered":"Fillon restaurimi i Xhamis\u00eb s\u00eb Plumbit n\u00eb Shkod\u00ebr, Myftiu fal\u00ebnderon presidentin Erdo\u011fan"},"content":{"rendered":"<p class=\"l7ghb35v kjdc1dyq kmwttqpk gh25dzvf jikcssrz n3t5jt4f\" style=\"text-align: justify;\">N\u00eb Shkod\u00ebr ka nisur intensivisht puna p\u00ebr restaurimin e Xhamis\u00eb s\u00eb Plumbit, monument kulture i kategoris\u00eb s\u00eb par\u00eb, me mb\u00ebshtetjen financiare t\u00eb T\u00fcrkiye-s, pas marr\u00ebveshjes s\u00eb n\u00ebnshkruar mes dy vendeve, shqiptare-turke.<\/p>\n<p dir=\"auto\" style=\"text-align: justify;\">Myftiu i Shkodr\u00ebs, Imam Muhamed Sytari gjat\u00eb xhumas\u00eb s\u00eb dat\u00ebs 9 shtator 2022 u shpreh se ky restaurim madhor \u00ebsht\u00eb nj\u00eb sihariq i madh p\u00ebr Shkodr\u00ebn dhe mbar\u00eb Shqip\u00ebrin\u00eb, premtim i mbajtur nga Presidenti i T\u00fcrkiye-s, Rexhep Tajjip Erdogan, p\u00ebr t\u00eb cilin jemi fal\u00ebnderues atij, qeveris\u00eb s\u00eb tij dhe popullit v\u00eblla turk.<\/p>\n<p dir=\"auto\" style=\"text-align: justify;\">Myftiu Sytari gjat\u00eb hytbes s\u00eb xhumas\u00eb, iu p\u00ebrgjigj edhe n\/kryetarit t\u00eb Kuvendit t\u00eb Shqip\u00ebris\u00eb, lidhur me debatin p\u00ebr shamin\u00eb e vajzave n\u00eb shkolla n\u00eb Kosov\u00eb duke hedhur posht\u00eb pretendimet se shamia islame i sh\u00ebrben qarqeve serbe dhe i b\u00ebri thirrje atij dhe t\u00eb gjith\u00eb politikan\u00ebve t\u00eb tjer\u00eb q\u00eb t\u00eb heshtin.<\/p>\n<p dir=\"auto\" style=\"text-align: justify;\">\u201cEkstremizmi politik p\u00ebr fat t\u00eb keq kur fut\u00eb hund\u00ebt n\u00eb \u00e7\u00ebshtjet e fes\u00eb apo keqp\u00ebrdor\u00eb fen\u00eb kthehet n\u00eb nj\u00eb rrezik komb\u00ebtar dhe nj\u00eb kaz\u00ebm q\u00eb p\u00ebrpiqet dit\u00eb e nat\u00eb p\u00ebr t\u00eb shkat\u00ebrruar harmonin\u00eb komb\u00ebtare dhe harmonin\u00eb nd\u00ebrfetare n\u00eb mes nesh&#8230;\u201d, ka cituar n\u00eb mes t\u00eb tjerave Myftiu.<\/p>\n<p dir=\"auto\" style=\"text-align: justify;\">N\u00eb lidhje me projektin, kryeministri i Shqip\u00ebris\u00eb, Edi Rama, ka shkruar n\u00eb rrjetet sociale se &#8220;U hap kantieri m\u00eb i ri n\u00eb fush\u00ebn e trash\u00ebgimis\u00eb kulturore, p\u00ebr nj\u00eb nga objektet pa asnj\u00eb ekzagjerim m\u00eb origjinale t\u00eb arkitektur\u00ebs islame n\u00eb bot\u00eb&#8221;.<\/p>\n<p dir=\"auto\" style=\"text-align: justify;\">\u201cXhamia e Plumbit, pjes\u00eb e r\u00ebnd\u00ebsishme e trash\u00ebgimis\u00eb son\u00eb kulturore, do t\u2019i n\u00ebnshtrohet transformimit rr\u00ebnj\u00ebsor. Me nd\u00ebrhyrjet n\u00eb k\u00ebt\u00eb xhami, besimtar\u00ebve do u kthehet nj\u00eb tempull n\u00eb kushte optimale, por Shkodr\u00ebs e gjith\u00eb Shqip\u00ebris\u00eb, do i shtohet nj\u00eb tjet\u00ebr atraksion i madh turistik\u201d.<\/p>\n<p dir=\"auto\" style=\"text-align: justify;\">N\u00eb lidhje me fillimin e zbatimit t\u00eb projektit n\u00eb fjal\u00eb ka reaguar edhe ministrja e Kultur\u00ebs e Shqip\u00ebris\u00eb, Elva Margariti, e cila n\u00eb rrjetet sociale ka shkruar se &#8220;Nisi puna p\u00ebr restaurimin dhe rehabilitimin e Xhamis\u00eb s\u00eb Plumbit n\u00eb Shkod\u00ebr, k\u00ebtij objekti unik me r\u00ebnd\u00ebsi p\u00ebr trash\u00ebgimin\u00eb kulturore.<\/p>\n<p dir=\"auto\" style=\"text-align: justify;\">Margariti ka theksuar se ky proces po b\u00ebhet i mundur fal\u00eb bashk\u00ebpunimit me Qeverin\u00eb e Republik\u00ebs s\u00eb T\u00fcrkiye-s.<\/p>\n<p dir=\"auto\" style=\"text-align: justify;\">&#8220;Projekti, konsiston n\u00eb zgjidhjen e problemit t\u00eb p\u00ebrmbytjes, n\u00eb restaurimin dhe rijet\u00ebsimin e monumentit t\u00eb kultur\u00ebs n\u00ebp\u00ebrmjet rikualifikimit t\u00eb zon\u00ebs, duke ia rikthyer at\u00eb jo vet\u00ebm besimtar\u00ebve, por gjith\u00eb qytetit&#8221;, ka shkruar Margariti.<\/p>\n<p dir=\"auto\" style=\"text-align: justify;\">Nj\u00eb vit m\u00eb par\u00eb, ministrja e Kultur\u00ebs n\u00ebnshkroi marr\u00ebveshjen p\u00ebr restaurimin e xhamis\u00eb me homologun e saj turk.<\/p>\n<p dir=\"auto\" style=\"text-align: justify;\">\u201cLajm i mir\u00eb \u2013 nisin nes\u00ebr punimet e rikonstruksionit s\u00eb xhamis\u00eb s\u00eb \u201cPlumbit\u201d, k\u00ebshtu \u00ebsht\u00eb shprehur, deputetja e Qarkut Shkod\u00ebr, Edona Bilali.<\/p>\n<p dir=\"auto\" style=\"text-align: justify;\">\u201cPrej vitesh qytetar\u00ebt presin me padurim ta shikojn\u00eb xhamin\u00eb t\u00eb restauruar. P\u00ebr shkak t\u00eb specifikimeve teknike, por edhe ligjore, ardhjes deri n\u00eb pik\u00ebn ku m\u00eb n\u00eb fund do t\u00eb nisin punimet ju desh disa koh\u00eb.<\/p>\n<p dir=\"auto\" style=\"text-align: justify;\">Si deputete e Shkodr\u00ebs, kam ndjekur n\u00eb \u00e7do faz\u00eb me institucionet afatet dhe ofrimin e zgjidhjeve n\u00eb m\u00ebnyr\u00eb q\u00eb, zbatimi i projektit t\u00eb niste sa m\u00eb par\u00eb dhe q\u00eb projekti mos t\u00eb rrezikohej.<\/p>\n<p dir=\"auto\" style=\"text-align: justify;\">Kompania erdhi sot p\u00ebr t\u00eb shprehur fal\u00ebnderimin p\u00ebr gatishm\u00ebrin\u00eb dhe zgjidhjet e ofruara, por fal\u00ebnderimi i takon pal\u00ebs turke p\u00ebr mb\u00ebshtetjen, gjith\u00eb institucioneve q\u00eb i dhan\u00eb zgjidhje problematikave t\u00eb lindura si dhe Myftinis\u00eb Shkod\u00ebr. Ritheksova q\u00eb do jem n\u00eb dispozicion deri dit\u00ebn e inaugurimit.<\/p>\n<p dir=\"auto\" style=\"text-align: justify;\">Investimi tek xhamia e \u201cPlumbit\u201d pritet t\u00eb k\u00ebt\u00eb gjithashtu nj\u00eb impakt n\u00eb rritjen e turizmit n\u00eb zon\u00eb.<\/p>\n<p dir=\"auto\" style=\"text-align: justify;\">Nga nes\u00ebr kemi nj\u00eb num\u00ebrim tjet\u00ebr mbrapsht, i cili me gjas\u00eb dhe shpres\u00eb \u00ebsht\u00eb i fundit, ai i zbatimit t\u00eb projektit deri n\u00eb prerjen e shiritit ku besimtar\u00ebt, qytetar\u00ebt e Shkodr\u00ebs dhe turist\u00ebt t\u00eb mund ta aksesojn\u00eb dhe shijojn\u00eb k\u00ebt\u00eb monument kulture\u201d.<\/p>\n<p dir=\"auto\" style=\"text-align: justify;\">Nd\u00ebrkaq, nd\u00ebrhyrja kryesore pritet t\u00eb zgjidh\u00eb problemin e p\u00ebrmbytjeve, krijimin e nj\u00eb sistemi kullimi t\u00eb sigurt, pengimin e uj\u00ebrave v\u00ebrshuese dhe restaurimin e e objektit. Mjedisi p\u00ebrreth saj do t\u00eb kthehet n\u00eb nj\u00eb park t\u00eb denj\u00eb p\u00ebr besimtar\u00ebt e turist\u00ebt.<\/p>\n<p dir=\"auto\" style=\"text-align: justify;\">Teknikat e nd\u00ebrtimit dhe materialet e p\u00ebrdorura n\u00eb monumentin e kultur\u00ebs dhe t\u00eb gjitha detajet arkitektonike origjinale nuk do t\u00eb cenohen.<\/p>\n<p dir=\"auto\" style=\"text-align: justify;\">Xhamia, e cila mbart vlera t\u00eb rralla arkitekturore n\u00eb vend, do t\u00eb restaurohet me mb\u00ebshtetjen financiare t\u00eb Drejtor\u00eb s\u00eb P\u00ebrgjithshme t\u00eb Vak\u00ebfeve t\u00eb T\u00fcrkiye-s, n\u00eb kuad\u00ebr t\u00eb protokollit t\u00eb n\u00ebnshkruar n\u00eb Ankara mes dy vendeve.<\/p>\n<p dir=\"auto\" style=\"text-align: justify;\">Xhamia e Plumbit \u00ebsht\u00eb xhamia m\u00eb e madhe q\u00eb ruhet n\u00eb Shqip\u00ebri e stilit osman, me nd\u00ebrthurjen edhe t\u00eb arkitekturave t\u00eb tjera.<\/p>\n<p dir=\"auto\" style=\"text-align: justify;\">Xhamia \u00ebsht\u00eb nd\u00ebrtuar nga Mehmet Pash\u00eb Bushati n\u00eb vitin 1773-1774, duke sh\u00ebrbyer p\u00ebr nj\u00eb koh\u00eb t\u00eb gjat\u00eb si xhamia m\u00eb e madhe e Shqip\u00ebris\u00eb.<\/p>\n<p dir=\"auto\" style=\"text-align: justify;\">T\u00eb dh\u00ebnat tregojn\u00eb se xhamia u nd\u00ebrtua me gur\u00eb t\u00eb sjell\u00eb prej popullit me sistem zinxhir (dor\u00eb m\u00eb dor\u00eb) prej Gurit t\u00eb Zi, dhe me tepricat u nd\u00ebrtuan k\u00ebmb\u00ebt e ur\u00ebs s\u00eb Kirit.<\/p>\n<p dir=\"auto\" style=\"text-align: justify;\">N\u00eb vitin 1948 Xhamia e Plumbit u shpall monument kulture, duke pasur statusin e mbrojtjes nga shteti.<\/p>\n<p dir=\"auto\" style=\"text-align: justify;\">N\u00eb vitin 1967, kur edhe zyrtarisht u ndalua feja n\u00eb Shqip\u00ebri, xhamia p\u00ebsoi d\u00ebmtime, sidomos me rr\u00ebnimin e minares, nd\u00ebrkoh\u00eb n\u00eb periudha t\u00eb ndryshme ajo nuk \u00ebsht\u00eb p\u00ebrdorur zyrtarisht p\u00ebr kryerjen e riteve.<\/p>\n<p class=\"l7ghb35v kjdc1dyq kmwttqpk gh25dzvf jikcssrz n3t5jt4f\" style=\"text-align: justify;\">Ajo mbetet nj\u00eb xhami simbol n\u00eb Shqip\u00ebri, pasi rihapi dyert p\u00ebr besimtar\u00ebt musliman\u00eb m\u00eb 16 n\u00ebntor t\u00eb vitit 1990 pas ndalimit shum\u00ebvje\u00e7ar t\u00eb fes\u00eb n\u00eb Shqip\u00ebri gjat\u00eb periudh\u00ebs fam\u00ebkeqe t\u00eb komunizmit.<\/p>\n<div id='gallery-1' class='gallery galleryid-11360 gallery-columns-4 gallery-size-thumbnail'><figure class='gallery-item'>\n\t\t\t<div class='gallery-icon landscape'>\n\t\t\t\t<a href='https:\/\/myftinia-shkoder.org\/?attachment_id=11369'><img loading=\"lazy\" decoding=\"async\" width=\"150\" height=\"150\" src=\"https:\/\/myftinia-shkoder.org\/wp-content\/uploads\/2022\/09\/nisin_punimet_xhamia_Plumbit-12092022-1-150x150.jpg\" class=\"attachment-thumbnail size-thumbnail\" alt=\"\" \/><\/a>\n\t\t\t<\/div><\/figure><figure class='gallery-item'>\n\t\t\t<div class='gallery-icon portrait'>\n\t\t\t\t<a href='https:\/\/myftinia-shkoder.org\/?attachment_id=11368'><img loading=\"lazy\" decoding=\"async\" width=\"150\" height=\"150\" src=\"https:\/\/myftinia-shkoder.org\/wp-content\/uploads\/2022\/09\/nisin_punimet_xhamia_Plumbit-12092022-9-150x150.jpg\" class=\"attachment-thumbnail size-thumbnail\" alt=\"\" srcset=\"https:\/\/myftinia-shkoder.org\/wp-content\/uploads\/2022\/09\/nisin_punimet_xhamia_Plumbit-12092022-9-150x150.jpg 150w, https:\/\/myftinia-shkoder.org\/wp-content\/uploads\/2022\/09\/nisin_punimet_xhamia_Plumbit-12092022-9-300x300.jpg 300w, https:\/\/myftinia-shkoder.org\/wp-content\/uploads\/2022\/09\/nisin_punimet_xhamia_Plumbit-12092022-9-1021x1024.jpg 1021w, https:\/\/myftinia-shkoder.org\/wp-content\/uploads\/2022\/09\/nisin_punimet_xhamia_Plumbit-12092022-9-768x770.jpg 768w, https:\/\/myftinia-shkoder.org\/wp-content\/uploads\/2022\/09\/nisin_punimet_xhamia_Plumbit-12092022-9.jpg 1080w\" sizes=\"auto, (max-width: 150px) 100vw, 150px\" \/><\/a>\n\t\t\t<\/div><\/figure><figure class='gallery-item'>\n\t\t\t<div class='gallery-icon landscape'>\n\t\t\t\t<a href='https:\/\/myftinia-shkoder.org\/?attachment_id=11367'><img loading=\"lazy\" decoding=\"async\" width=\"150\" height=\"150\" src=\"https:\/\/myftinia-shkoder.org\/wp-content\/uploads\/2022\/09\/nisin_punimet_xhamia_Plumbit-12092022-8-150x150.jpg\" class=\"attachment-thumbnail size-thumbnail\" alt=\"\" \/><\/a>\n\t\t\t<\/div><\/figure><figure class='gallery-item'>\n\t\t\t<div class='gallery-icon landscape'>\n\t\t\t\t<a href='https:\/\/myftinia-shkoder.org\/?attachment_id=11366'><img loading=\"lazy\" decoding=\"async\" width=\"150\" height=\"150\" src=\"https:\/\/myftinia-shkoder.org\/wp-content\/uploads\/2022\/09\/nisin_punimet_xhamia_Plumbit-12092022-7-150x150.jpg\" class=\"attachment-thumbnail size-thumbnail\" alt=\"\" \/><\/a>\n\t\t\t<\/div><\/figure><figure class='gallery-item'>\n\t\t\t<div class='gallery-icon portrait'>\n\t\t\t\t<a href='https:\/\/myftinia-shkoder.org\/?attachment_id=11365'><img loading=\"lazy\" decoding=\"async\" width=\"150\" height=\"150\" src=\"https:\/\/myftinia-shkoder.org\/wp-content\/uploads\/2022\/09\/nisin_punimet_xhamia_Plumbit-12092022-6-150x150.jpg\" class=\"attachment-thumbnail size-thumbnail\" alt=\"\" \/><\/a>\n\t\t\t<\/div><\/figure><figure class='gallery-item'>\n\t\t\t<div class='gallery-icon portrait'>\n\t\t\t\t<a href='https:\/\/myftinia-shkoder.org\/?attachment_id=11364'><img loading=\"lazy\" decoding=\"async\" width=\"150\" height=\"150\" src=\"https:\/\/myftinia-shkoder.org\/wp-content\/uploads\/2022\/09\/nisin_punimet_xhamia_Plumbit-12092022-5-150x150.jpg\" class=\"attachment-thumbnail size-thumbnail\" alt=\"\" \/><\/a>\n\t\t\t<\/div><\/figure><figure class='gallery-item'>\n\t\t\t<div class='gallery-icon portrait'>\n\t\t\t\t<a href='https:\/\/myftinia-shkoder.org\/?attachment_id=11363'><img loading=\"lazy\" decoding=\"async\" width=\"150\" height=\"150\" src=\"https:\/\/myftinia-shkoder.org\/wp-content\/uploads\/2022\/09\/nisin_punimet_xhamia_Plumbit-12092022-4-150x150.jpg\" class=\"attachment-thumbnail size-thumbnail\" alt=\"\" \/><\/a>\n\t\t\t<\/div><\/figure><figure class='gallery-item'>\n\t\t\t<div class='gallery-icon landscape'>\n\t\t\t\t<a href='https:\/\/myftinia-shkoder.org\/?attachment_id=11362'><img loading=\"lazy\" decoding=\"async\" width=\"150\" height=\"150\" src=\"https:\/\/myftinia-shkoder.org\/wp-content\/uploads\/2022\/09\/nisin_punimet_xhamia_Plumbit-12092022-3-150x150.jpg\" class=\"attachment-thumbnail size-thumbnail\" alt=\"\" \/><\/a>\n\t\t\t<\/div><\/figure><figure class='gallery-item'>\n\t\t\t<div class='gallery-icon landscape'>\n\t\t\t\t<a href='https:\/\/myftinia-shkoder.org\/?attachment_id=11361'><img loading=\"lazy\" decoding=\"async\" width=\"150\" height=\"150\" src=\"https:\/\/myftinia-shkoder.org\/wp-content\/uploads\/2022\/09\/nisin_punimet_xhamia_Plumbit-12092022-2-150x150.jpg\" class=\"attachment-thumbnail size-thumbnail\" alt=\"\" \/><\/a>\n\t\t\t<\/div><\/figure><figure class='gallery-item'>\n\t\t\t<div class='gallery-icon landscape'>\n\t\t\t\t<a href='https:\/\/myftinia-shkoder.org\/?attachment_id=11355'><img loading=\"lazy\" decoding=\"async\" width=\"150\" height=\"150\" src=\"https:\/\/myftinia-shkoder.org\/wp-content\/uploads\/2022\/09\/xhamia_Plumbit_7shtator2022-5-1-150x150.jpeg\" class=\"attachment-thumbnail size-thumbnail\" alt=\"\" \/><\/a>\n\t\t\t<\/div><\/figure>\n\t\t<\/div>\n\n","protected":false},"excerpt":{"rendered":"<div class=\"mh-excerpt\"><p>N\u00eb Shkod\u00ebr ka nisur intensivisht puna p\u00ebr restaurimin e Xhamis\u00eb s\u00eb Plumbit, monument kulture i kategoris\u00eb s\u00eb par\u00eb, me mb\u00ebshtetjen financiare t\u00eb T\u00fcrkiye-s, pas marr\u00ebveshjes s\u00eb n\u00ebnshkruar mes dy vendeve, shqiptare-turke. Myftiu i Shkodr\u00ebs, Imam <a class=\"mh-excerpt-more\" href=\"https:\/\/myftinia-shkoder.org\/?p=11360\" title=\"Fillon restaurimi i Xhamis\u00eb s\u00eb Plumbit n\u00eb Shkod\u00ebr, Myftiu fal\u00ebnderon presidentin Erdo\u011fan\">[&#8230;]<\/a><\/p>\n<\/div>","protected":false},"author":1,"featured_media":11361,"comment_status":"closed","ping_status":"closed","sticky":false,"template":"","format":"standard","meta":{"footnotes":""},"categories":[4],"tags":[],"class_list":["post-11360","post","type-post","status-publish","format-standard","has-post-thumbnail","hentry","category-vakef"],"_links":{"self":[{"href":"https:\/\/myftinia-shkoder.org\/index.php?rest_route=\/wp\/v2\/posts\/11360","targetHints":{"allow":["GET"]}}],"collection":[{"href":"https:\/\/myftinia-shkoder.org\/index.php?rest_route=\/wp\/v2\/posts"}],"about":[{"href":"https:\/\/myftinia-shkoder.org\/index.php?rest_route=\/wp\/v2\/types\/post"}],"author":[{"embeddable":true,"href":"https:\/\/myftinia-shkoder.org\/index.php?rest_route=\/wp\/v2\/users\/1"}],"replies":[{"embeddable":true,"href":"https:\/\/myftinia-shkoder.org\/index.php?rest_route=%2Fwp%2Fv2%2Fcomments&post=11360"}],"version-history":[{"count":1,"href":"https:\/\/myftinia-shkoder.org\/index.php?rest_route=\/wp\/v2\/posts\/11360\/revisions"}],"predecessor-version":[{"id":11370,"href":"https:\/\/myftinia-shkoder.org\/index.php?rest_route=\/wp\/v2\/posts\/11360\/revisions\/11370"}],"wp:featuredmedia":[{"embeddable":true,"href":"https:\/\/myftinia-shkoder.org\/index.php?rest_route=\/wp\/v2\/media\/11361"}],"wp:attachment":[{"href":"https:\/\/myftinia-shkoder.org\/index.php?rest_route=%2Fwp%2Fv2%2Fmedia&parent=11360"}],"wp:term":[{"taxonomy":"category","embeddable":true,"href":"https:\/\/myftinia-shkoder.org\/index.php?rest_route=%2Fwp%2Fv2%2Fcategories&post=11360"},{"taxonomy":"post_tag","embeddable":true,"href":"https:\/\/myftinia-shkoder.org\/index.php?rest_route=%2Fwp%2Fv2%2Ftags&post=11360"}],"curies":[{"name":"wp","href":"https:\/\/api.w.org\/{rel}","templated":true}]}}