{"id":1171,"date":"2016-10-05T20:47:47","date_gmt":"2016-10-05T20:47:47","guid":{"rendered":"http:\/\/myftinia-shkoder.org\/?p=1171"},"modified":"2016-10-06T02:15:26","modified_gmt":"2016-10-06T02:15:26","slug":"perkujtohet-viti-i-ri-hixhri-1438","status":"publish","type":"post","link":"https:\/\/myftinia-shkoder.org\/?p=1171","title":{"rendered":"P\u00ebrkujtohet Viti i Ri Hixhri 1438"},"content":{"rendered":"<p style=\"text-align: justify;\">Dit\u00ebn e m\u00ebrkur\u00eb, m\u00eb 5 tetor 2016, n\u00eb xhamin\u00eb e Medreses\u00eb, Myftinia Shkod\u00ebr n\u00eb bashk\u00ebpunim me Medresen\u00eb &#8220;Haxhi Sheh Shamia&#8221;, n\u00eb p\u00ebrkujtim t\u00eb vitit t\u00eb ri Hixhri 1438, organizuan aktivitetin me tem\u00eb &#8220;Hixhreti, si rip\u00ebrt\u00ebritje e vet\u00ebdijes islame&#8221;.<\/p>\n<p style=\"text-align: justify;\">Aktiviteti u hap me leximin e nj\u00eb pjes\u00eb kuranore, pastaj teologu Arben Halluni uroi t\u00eb pranishmit me rastin e k\u00ebtij viti t\u00eb ri, 1438. M\u00eb pas, ai ftoi p\u00ebr t\u00eb b\u00ebr\u00eb p\u00ebrsh\u00ebndetjet e rastit, Myftiun e Shkodr\u00ebs, Imam Muhamed B. Sytari dhe drejtorin e Medreses\u00eb, z. Kujtim Dervishi.<\/p>\n<p style=\"text-align: justify;\">N\u00eb fjal\u00ebn e tij p\u00ebrsh\u00ebndet\u00ebse, Imam Muhamed B. Sytari, pasi fal\u00ebnderoi Zotin (xh.sh) p\u00ebr mir\u00ebsin\u00eb e besimit, theksoi se nuk ka mir\u00ebsi m\u00eb t\u00eb madhe n\u00eb k\u00ebt\u00eb bot\u00eb, sesa mir\u00ebsia e besimit.<\/p>\n<p style=\"text-align: justify;\">Nd\u00ebr t\u00eb tjera Myftiu tha se: &#8220;P\u00ebrkujtimi i hixhretit, i k\u00ebsaj ngjarje t\u00eb madhe, \u00ebsht\u00eb m\u00eb e r\u00ebnd\u00ebsishmja e ngjarjeve n\u00eb kalendarin islam, sepse hixhreti ndryshoi historin\u00eb e njer\u00ebzimit. Hixhreti p\u00ebr myslimanin e sot\u00ebm do t\u00eb thot\u00eb emigrim drejt dijes, drejt p\u00ebrkushtimit, drejt sinqeritetit dhe drejt harmonis\u00eb n\u00eb mesin e v\u00ebllaz\u00ebris\u00eb myslimane&#8221;.<\/p>\n<p style=\"text-align: justify;\">Myftiu gjithashtu fal\u00ebnderoi drejtorin e Medreses\u00eb dhe Kryetarin e Shoqat\u00ebs &#8220;Istanbul&#8221; p\u00ebr bashk\u00ebpunimin e mir\u00eb n\u00eb rrug\u00ebn e thirrjes dhe t\u00eb p\u00ebrhapjes s\u00eb m\u00ebsimeve t\u00eb Islamit.<\/p>\n<p style=\"text-align: justify;\">Drejtori i Medreses\u00eb, z. Kujtim Dervishi, pasi uroi t\u00eb pranishmit p\u00ebr fillimin e vitit t\u00eb ri Hixhri, fal\u00ebnderoi Myftiun e Shkodr\u00ebs, Imam Muhamed Sytari p\u00ebr bashk\u00ebpunimin, pjes\u00ebmarrjen e tij n\u00eb k\u00ebt\u00eb aktivitet dhe vler\u00ebsimin q\u00eb i b\u00ebn Medreses\u00eb &#8220;Haxhi Sheh Shamia&#8221;.<\/p>\n<p style=\"text-align: justify;\">M\u00eb pas, teologu Lavdrim Hamja, imam i xhamis\u00eb s\u00eb &#8220;Dy Vajzave&#8221;, mbajti ligj\u00ebrat\u00ebn me tem\u00eb &#8220;Hixhreti, si rip\u00ebrt\u00ebritje e vet\u00ebdijes islame&#8221;, ku vuri theksin te domosdoshm\u00ebria e p\u00ebrkujtimit t\u00eb datave dhe ngjarjeve t\u00eb r\u00ebnd\u00ebsishme t\u00eb kalendarit islam dhe sidomos hixhretit t\u00eb Pejgamberit (a.s).<\/p>\n<p style=\"text-align: justify;\">Ai nd\u00ebr t\u00eb tjera tha: &#8220;Shok\u00ebt e t\u00eb D\u00ebrguarit t\u00eb Allahut (a.s) duke par\u00eb r\u00ebnd\u00ebsin\u00eb e k\u00ebtyre datave dhe ngjarjeve, vendos\u00ebn q\u00eb dit\u00ebn e Hixhretit t\u00eb Pejgamberit (a.s) nga Meka n\u00eb Medine, ta p\u00ebrjet\u00ebsojn\u00eb duke e vendosur si dat\u00eb t\u00eb fillimit t\u00eb kalendarit islam, n\u00eb m\u00ebnyr\u00eb q\u00eb mysliman\u00ebt t\u00eb mos e harrojn\u00eb k\u00ebt\u00eb ngjarje t\u00eb madhe, por ta p\u00ebrkujtojn\u00eb \u00e7do vit, ta studiojn\u00eb dhe t\u00eb nxjerrin m\u00ebsime prej saj.<\/p>\n<p style=\"text-align: justify;\">Dhe, k\u00ebshtu ne sot, n\u00eb fillim t\u00eb k\u00ebtij viti t\u00eb ri hixhri 1438, po p\u00ebrkujtojm\u00eb k\u00ebt\u00eb Dit\u00eb t\u00eb Allahut, dit\u00ebn e Hixhretit, apo dit\u00ebn e nj\u00eb fillimi t\u00eb ri islam, sepse me shp\u00ebrnguljen e Pejgamberit (a.s) n\u00eb Medine, filloi nj\u00eb epok\u00eb e re islame, epoka e p\u00ebrhapjes, zhvillimit dhe p\u00ebrcjelljes s\u00eb mesazhit islam n\u00eb mbar\u00eb bot\u00ebn.<\/p>\n<p style=\"text-align: justify;\">Thelbi dhe ideja e emigrimit n\u00eb rrug\u00ebn e Zotit (xh.sh) do t\u00eb mbesim p\u00ebrgjithmon\u00eb udh\u00ebzim dhe m\u00ebsim p\u00ebr myslimanin e men\u00e7ur dhe t\u00eb urt\u00eb, i cili me bindje e besim ec\u00eb n\u00eb rrug\u00ebn e Islamit, n\u00eb rrug\u00ebn e Zotit t\u00eb tij. Mesazhin e hixhretit, q\u00ebllimin dhe vazhdim\u00ebsin\u00eb e tij n\u00eb jet\u00ebn e myslimanit, deri sa t\u00eb ekzistoj\u00eb kjo bot\u00eb, e marrim nga Ibn Abasi (r.a), i cili transmeton se Pejgamberi (a.s) ka th\u00ebn\u00eb: \u201cNuk ka m\u00eb emigrim pas \u00e7lirimit t\u00eb Mekes, por sakrific\u00eb dhe nijet (q\u00ebllim)\u201d.<\/p>\n<p style=\"text-align: justify;\">N\u00eb fund t\u00eb pranishmit i uruan nj\u00ebri-tjetrit vitin e ri Hixhri 1438 dhe u lut\u00ebn p\u00ebr mbar\u00ebsi, paqe dhe begati p\u00ebr mbar\u00eb bot\u00ebn dhe ymetin islam n\u00eb ve\u00e7anti.<\/p>\n","protected":false},"excerpt":{"rendered":"<div class=\"mh-excerpt\"><p>Dit\u00ebn e m\u00ebrkur\u00eb, m\u00eb 5 tetor 2016, n\u00eb xhamin\u00eb e Medreses\u00eb, Myftinia Shkod\u00ebr n\u00eb bashk\u00ebpunim me Medresen\u00eb &#8220;Haxhi Sheh Shamia&#8221;, n\u00eb p\u00ebrkujtim t\u00eb vitit t\u00eb ri Hixhri 1438, organizuan aktivitetin me tem\u00eb &#8220;Hixhreti, si rip\u00ebrt\u00ebritje <a class=\"mh-excerpt-more\" href=\"https:\/\/myftinia-shkoder.org\/?p=1171\" title=\"P\u00ebrkujtohet Viti i Ri Hixhri 1438\">[&#8230;]<\/a><\/p>\n<\/div>","protected":false},"author":1,"featured_media":1174,"comment_status":"closed","ping_status":"closed","sticky":false,"template":"","format":"standard","meta":{"footnotes":""},"categories":[1],"tags":[],"class_list":["post-1171","post","type-post","status-publish","format-standard","has-post-thumbnail","hentry","category-aktivitete"],"_links":{"self":[{"href":"https:\/\/myftinia-shkoder.org\/index.php?rest_route=\/wp\/v2\/posts\/1171","targetHints":{"allow":["GET"]}}],"collection":[{"href":"https:\/\/myftinia-shkoder.org\/index.php?rest_route=\/wp\/v2\/posts"}],"about":[{"href":"https:\/\/myftinia-shkoder.org\/index.php?rest_route=\/wp\/v2\/types\/post"}],"author":[{"embeddable":true,"href":"https:\/\/myftinia-shkoder.org\/index.php?rest_route=\/wp\/v2\/users\/1"}],"replies":[{"embeddable":true,"href":"https:\/\/myftinia-shkoder.org\/index.php?rest_route=%2Fwp%2Fv2%2Fcomments&post=1171"}],"version-history":[{"count":4,"href":"https:\/\/myftinia-shkoder.org\/index.php?rest_route=\/wp\/v2\/posts\/1171\/revisions"}],"predecessor-version":[{"id":1189,"href":"https:\/\/myftinia-shkoder.org\/index.php?rest_route=\/wp\/v2\/posts\/1171\/revisions\/1189"}],"wp:featuredmedia":[{"embeddable":true,"href":"https:\/\/myftinia-shkoder.org\/index.php?rest_route=\/wp\/v2\/media\/1174"}],"wp:attachment":[{"href":"https:\/\/myftinia-shkoder.org\/index.php?rest_route=%2Fwp%2Fv2%2Fmedia&parent=1171"}],"wp:term":[{"taxonomy":"category","embeddable":true,"href":"https:\/\/myftinia-shkoder.org\/index.php?rest_route=%2Fwp%2Fv2%2Fcategories&post=1171"},{"taxonomy":"post_tag","embeddable":true,"href":"https:\/\/myftinia-shkoder.org\/index.php?rest_route=%2Fwp%2Fv2%2Ftags&post=1171"}],"curies":[{"name":"wp","href":"https:\/\/api.w.org\/{rel}","templated":true}]}}