{"id":11728,"date":"2023-01-25T07:40:59","date_gmt":"2023-01-25T07:40:59","guid":{"rendered":"http:\/\/myftinia-shkoder.org\/?p=11728"},"modified":"2023-01-25T13:56:29","modified_gmt":"2023-01-25T13:56:29","slug":"myftiu-i-shkodres-per-vizite-ne-mbreterine-e-arabise-saudite","status":"publish","type":"post","link":"https:\/\/myftinia-shkoder.org\/?p=11728","title":{"rendered":"Myftiu i Shkodr\u00ebs p\u00ebr vizit\u00eb n\u00eb Mbret\u00ebrin\u00eb e Arabis\u00eb Saudite"},"content":{"rendered":"<p class=\"x11i5rnm xat24cr x1mh8g0r x1vvkbs xtlvy1s x126k92a\" style=\"text-align: justify;\"><strong>Myftiu i Shkodr\u00ebs p\u00ebr vizit\u00eb n\u00eb Mbret\u00ebrin\u00eb e Arabis\u00eb Saudite<\/strong><\/p>\n<p dir=\"auto\" style=\"text-align: justify;\">Prej disa dit\u00ebsh, Muftiu i Shkodr\u00ebs, Imam Muhamed B. Sytari po q\u00ebndron p\u00ebr vizit\u00eb disa ditor\u00ebshe n\u00eb Mbret\u00ebrin\u00eb e Arabis\u00eb Saudite.<\/p>\n<p dir=\"auto\" style=\"text-align: justify;\">Gjat\u00eb k\u00ebsaj vizite, Imam Sytari po viziton edhe vendet e shenjta, Medin\u00ebn e Ndri\u00e7uar, Mek\u00ebn e Bekuar dhe shum\u00eb gjurm\u00eb historike, q\u00eb na lidhin me jet\u00ebn e t\u00eb D\u00ebrguarit t\u00eb Allahut (a.s) dhe historin\u00eb e lavdishme islame.<\/p>\n<p dir=\"auto\" style=\"text-align: justify;\">P\u00ebrmes rrjeteve sociale, Myfitu, her\u00eb pas her\u00eb, jep mesazhe dhe k\u00ebshilla t\u00eb dobishme dhe me vler\u00eb p\u00ebr ndjek\u00ebsit dhe shikuesit e shumt\u00eb t\u00eb k\u00ebtyre rrjeteve, duke u p\u00ebrqendruar te r\u00ebnd\u00ebsia e vlerave morale, t\u00eb jetuarit n\u00eb paqe, harmonia dhe dashuria mes nj\u00ebri-tjetrit e t\u00eb jetuarit si v\u00ebllez\u00ebr n\u00eb k\u00ebt\u00eb bot\u00eb t\u00eb trazuar dhe me sfida e sprova t\u00eb ndryshme.<\/p>\n<p dir=\"auto\" style=\"text-align: justify;\">Gjat\u00eb k\u00ebsaj vizite, Myftiu na p\u00ebrcjell me shum\u00eb emocione ndalesa dhe stacione t\u00eb bukura nga ato vende t\u00eb mbushura me kujtime dhe ngjarje t\u00eb r\u00ebnd\u00ebsishme t\u00eb jet\u00ebs dhe historis\u00eb islame.<\/p>\n<p dir=\"auto\" style=\"text-align: justify;\">Gjithashtu, Imam Sytari, nd\u00ebrkoh\u00eb q\u00eb po viziton Mbret\u00ebrin\u00eb e Arabis\u00eb Saudite, ka folur edhe p\u00ebr aktin e d\u00ebnuesh\u00ebm t\u00eb djegies s\u00eb Kur\u2019anit Fam\u00eblart\u00eb nga disa ekstremist\u00eb n\u00eb Stokholm t\u00eb Suedis\u00eb, natyrisht duke e d\u00ebnuar k\u00ebt\u00eb akt, por nj\u00ebkoh\u00ebsisht duke p\u00ebrcjell\u00eb edhe mesazhe me vler\u00eb nga Kur\u2019ani Fam\u00eblart\u00eb.<\/p>\n<p class=\"x11i5rnm xat24cr x1mh8g0r x1vvkbs xtlvy1s x126k92a\" style=\"text-align: justify;\"><strong>Mesazhet e plota t\u00eb Myftiut, Imam Muhamed B. Sytari mund t\u2019i shikoni dhe d\u00ebgjoni n\u00eb kanalin e tij n\u00eb youtube:<\/strong><\/p>\n<div dir=\"auto\"><\/div>\n<p><iframe loading=\"lazy\" title=\"Nj\u00eb detaj me vler\u00eb, q\u00eb shum\u00ebkush nuk e di se ndodhet n\u00eb xhamin\u00eb e Pejgamberit (a.s)!\" width=\"500\" height=\"281\" src=\"https:\/\/www.youtube.com\/embed\/H6EOXBev76Y?list=UULFxnGx4C_ISnlyD93UCV3eBA\" frameborder=\"0\" allow=\"accelerometer; autoplay; clipboard-write; encrypted-media; gyroscope; picture-in-picture; web-share\" referrerpolicy=\"strict-origin-when-cross-origin\" allowfullscreen><\/iframe><\/p>\n<p style=\"text-align: justify;\"><a href=\"https:\/\/youtu.be\/MNcDdZNkSfU\">Xhamia e sms-ve, diku n\u00eb shkret\u00ebtir\u00eb&#8230;<\/a><\/p>\n<p style=\"text-align: justify;\"><a href=\"https:\/\/youtu.be\/Egtx3NFH9sU\">Kjo q\u00eb ndodh n\u00eb xhamin\u00eb e Pejgamberit (a.s), mes akshamit dhe jacis\u00eb, \u00ebsht\u00eb e mrekullueshme!<\/a><\/p>\n<p style=\"text-align: justify;\"><a href=\"https:\/\/youtu.be\/swuqAscCVE0\">N\u00eb prag t\u00eb sabahut, pran\u00eb varrit t\u00eb Pejgamberit (a.s)&#8230;<\/a><\/p>\n<p style=\"text-align: justify;\"><a href=\"https:\/\/youtu.be\/YGUz1glNrqI\">Namazi i nat\u00ebs, kjo der\u00eb e madhe e paqtimit, e lutjes dhe e shpres\u00ebs!<\/a><\/p>\n<p style=\"text-align: justify;\"><a href=\"Nga%20ky%20vend%20k\u00ebndohet%20ezani%20n\u00eb%20xhamin\u00eb%20e%20Pejgamberit%20(a.s)!\">Nga ky vend k\u00ebndohet ezani n\u00eb xhamin\u00eb e Pejgamberit (a.s)!<\/a><\/p>\n<p style=\"text-align: justify;\"><a href=\"https:\/\/youtu.be\/mldUHtKCsSA\">\u00c7far\u00eb jan\u00eb k\u00ebta z\u00ebra n\u00eb xhamin\u00eb e Medines s\u00eb Ndri\u00e7uar?!<\/a><\/p>\n<p style=\"text-align: justify;\"><a href=\"https:\/\/youtu.be\/-sX6RJgUEzo\">Koha e iftarit po vjen, sofrat po shtrohen, mikpritja e Medines t\u00eb mahnit!<\/a><\/p>\n<p style=\"text-align: justify;\"><a href=\"https:\/\/youtu.be\/wJPjZTsidVw\">Kjo turm\u00eb m\u00eb kujton dit\u00ebn e gjykimit, por si do t\u00eb njihen musliman\u00ebt at\u00eb dit\u00eb?<\/a><\/p>\n<p style=\"text-align: justify;\"><a href=\"https:\/\/youtu.be\/Cy-6wmIupJ8\">N\u00eb Kub\u00e2, sh\u00ebtitorja m\u00eb e gjat\u00eb n\u00eb bot\u00eb, n\u00eb gjurm\u00ebt e Pejgamberit (a.s)!<\/a><\/p>\n<p style=\"text-align: justify;\"><a href=\"https:\/\/youtu.be\/z-Ysav5rIO4\">Ata e dogj\u00ebn Kur&#8217;anin, po ti, si e ke marr\u00ebdh\u00ebnien me T\u00eb?<\/a><\/p>\n<p style=\"text-align: justify;\"><a href=\"https:\/\/youtu.be\/QP9f-qbWyjk\">Po ti, a e do Pejgamberin t\u00ebnd, 15 shekuj m\u00eb pas..?<\/a><\/p>\n<p style=\"text-align: justify;\"><a href=\"https:\/\/youtu.be\/Kh0II3zKwO0\">Dedikim p\u00ebrball\u00eb Bab-i Selamit&#8230;<\/a><\/p>\n<p style=\"text-align: justify;\"><a href=\"https:\/\/youtu.be\/H6EOXBev76Y\">Nj\u00eb detaj me vler\u00eb, q\u00eb shum\u00ebkush nuk e di se ndodhet n\u00eb xhamin\u00eb e Pejgamberit (a.s)!<\/a><\/p>\n<p style=\"text-align: justify;\">\n","protected":false},"excerpt":{"rendered":"<div class=\"mh-excerpt\"><p>Myftiu i Shkodr\u00ebs p\u00ebr vizit\u00eb n\u00eb Mbret\u00ebrin\u00eb e Arabis\u00eb Saudite Prej disa dit\u00ebsh, Muftiu i Shkodr\u00ebs, Imam Muhamed B. Sytari po q\u00ebndron p\u00ebr vizit\u00eb disa ditor\u00ebshe n\u00eb Mbret\u00ebrin\u00eb e Arabis\u00eb Saudite. Gjat\u00eb k\u00ebsaj vizite, Imam <a class=\"mh-excerpt-more\" href=\"https:\/\/myftinia-shkoder.org\/?p=11728\" title=\"Myftiu i Shkodr\u00ebs p\u00ebr vizit\u00eb n\u00eb Mbret\u00ebrin\u00eb e Arabis\u00eb Saudite\">[&#8230;]<\/a><\/p>\n<\/div>","protected":false},"author":1,"featured_media":11729,"comment_status":"closed","ping_status":"closed","sticky":false,"template":"","format":"standard","meta":{"footnotes":""},"categories":[13],"tags":[],"class_list":["post-11728","post","type-post","status-publish","format-standard","has-post-thumbnail","hentry","category-aktualitet"],"_links":{"self":[{"href":"https:\/\/myftinia-shkoder.org\/index.php?rest_route=\/wp\/v2\/posts\/11728","targetHints":{"allow":["GET"]}}],"collection":[{"href":"https:\/\/myftinia-shkoder.org\/index.php?rest_route=\/wp\/v2\/posts"}],"about":[{"href":"https:\/\/myftinia-shkoder.org\/index.php?rest_route=\/wp\/v2\/types\/post"}],"author":[{"embeddable":true,"href":"https:\/\/myftinia-shkoder.org\/index.php?rest_route=\/wp\/v2\/users\/1"}],"replies":[{"embeddable":true,"href":"https:\/\/myftinia-shkoder.org\/index.php?rest_route=%2Fwp%2Fv2%2Fcomments&post=11728"}],"version-history":[{"count":4,"href":"https:\/\/myftinia-shkoder.org\/index.php?rest_route=\/wp\/v2\/posts\/11728\/revisions"}],"predecessor-version":[{"id":11733,"href":"https:\/\/myftinia-shkoder.org\/index.php?rest_route=\/wp\/v2\/posts\/11728\/revisions\/11733"}],"wp:featuredmedia":[{"embeddable":true,"href":"https:\/\/myftinia-shkoder.org\/index.php?rest_route=\/wp\/v2\/media\/11729"}],"wp:attachment":[{"href":"https:\/\/myftinia-shkoder.org\/index.php?rest_route=%2Fwp%2Fv2%2Fmedia&parent=11728"}],"wp:term":[{"taxonomy":"category","embeddable":true,"href":"https:\/\/myftinia-shkoder.org\/index.php?rest_route=%2Fwp%2Fv2%2Fcategories&post=11728"},{"taxonomy":"post_tag","embeddable":true,"href":"https:\/\/myftinia-shkoder.org\/index.php?rest_route=%2Fwp%2Fv2%2Ftags&post=11728"}],"curies":[{"name":"wp","href":"https:\/\/api.w.org\/{rel}","templated":true}]}}