{"id":11987,"date":"2023-03-21T14:45:42","date_gmt":"2023-03-21T14:45:42","guid":{"rendered":"http:\/\/myftinia-shkoder.org\/?p=11987"},"modified":"2023-03-21T14:45:42","modified_gmt":"2023-03-21T14:45:42","slug":"myftiu-takoi-kryetarin-e-bashkise-vau-dejes","status":"publish","type":"post","link":"https:\/\/myftinia-shkoder.org\/?p=11987","title":{"rendered":"Myftiu takoi Kryetarin e Bashkis\u00eb Vau Dej\u00ebs"},"content":{"rendered":"<p class=\"x11i5rnm xat24cr x1mh8g0r x1vvkbs xtlvy1s x126k92a\" style=\"text-align: justify;\"><strong>Myftiu takoi Kryetarin e Bashkis\u00eb Vau Dej\u00ebs<\/strong><\/p>\n<p dir=\"auto\" style=\"text-align: justify;\">Paradit\u00ebn e s\u00eb mart\u00ebs, m\u00eb 21 mars 2023, Myftiu i Zon\u00ebs Shkod\u00ebr, Imam <a class=\"x1i10hfl xjbqb8w x6umtig x1b1mbwd xaqea5y xav7gou x9f619 x1ypdohk xt0psk2 xe8uvvx xdj266r x11i5rnm xat24cr x1mh8g0r xexx8yu x4uap5 x18d9i69 xkhd6sd x16tdsg8 x1hl2dhg xggy1nq x1a2a7pz xt0b8zv x1qq9wsj xo1l8bm\" tabindex=\"0\" role=\"link\" href=\"https:\/\/www.facebook.com\/profile.php?id=100008293066207&amp;__cft__[0]=AZXwifMBffjgcTVKT-g3T0T4rp1pJVb0o06dqhMvLEH0T98c0JNhs9UT__je-brBJ8TNxu5ZvlC6mGfIqnZ3i7xHalnsPehyyJHGjgQ_-C2UCdtntsIImvN2WpCdEBclJEbeES0O7zN1G33xgUH9LoclI_UNtVsvl8J98LMKE22Hs-ulEhJfCW-DIcFvoJiAOao&amp;__tn__=-]K-R\"><span class=\"xt0psk2\">Muhamed B. Sytari<\/span><\/a>, zhvilloi nj\u00eb takim pune n\u00eb Bashkin\u00eb Vau Dej\u00ebs, ku u prit nga Kryetari i saj, Mark Babani me staf.<\/p>\n<p dir=\"auto\" style=\"text-align: justify;\">Gjat\u00eb bashk\u00ebbisedimit t\u00eb ngroht\u00eb, u diskutua rreth bashk\u00ebpunimit t\u00eb p\u00ebrbashk\u00ebt n\u00eb interes t\u00eb ruajtjes s\u00eb vlerave dhe shenjt\u00ebrive, si dhe mir\u00ebkuptimin n\u00eb raport me tema me interes t\u00eb p\u00ebrbashk\u00ebt p\u00ebr t\u00eb dy institucionet.<\/p>\n<p class=\"x11i5rnm xat24cr x1mh8g0r x1vvkbs xtlvy1s x126k92a\" style=\"text-align: justify;\">Myftiu Sytari e fal\u00ebnderoi Kryebashkiakun Babani p\u00ebr frym\u00ebn e bashk\u00ebpunimit dhe uroi q\u00eb fal\u00eb k\u00ebsaj fryme, projektet me vler\u00eb p\u00ebr komunitetin t\u00eb mos ngelen peng e asnj\u00eb burokracie, jasht\u00eb d\u00ebshir\u00ebs dhe vullnetit t\u00eb mir\u00eb t\u00eb dy instutucioneve.<\/p>\n<div id='gallery-1' class='gallery galleryid-11987 gallery-columns-5 gallery-size-thumbnail'><figure class='gallery-item'>\n\t\t\t<div class='gallery-icon landscape'>\n\t\t\t\t<a href='https:\/\/myftinia-shkoder.org\/?attachment_id=12007'><img loading=\"lazy\" decoding=\"async\" width=\"150\" height=\"150\" src=\"https:\/\/myftinia-shkoder.org\/wp-content\/uploads\/2023\/03\/Myftiu_Sytari-Bashkia-Vau-Dejes-21032023-5-150x150.jpg\" class=\"attachment-thumbnail size-thumbnail\" alt=\"\" \/><\/a>\n\t\t\t<\/div><\/figure><figure class='gallery-item'>\n\t\t\t<div class='gallery-icon landscape'>\n\t\t\t\t<a href='https:\/\/myftinia-shkoder.org\/?attachment_id=12006'><img loading=\"lazy\" decoding=\"async\" width=\"150\" height=\"150\" src=\"https:\/\/myftinia-shkoder.org\/wp-content\/uploads\/2023\/03\/Myftiu_Sytari-Bashkia-Vau-Dejes-21032023-4-150x150.jpg\" class=\"attachment-thumbnail size-thumbnail\" alt=\"\" \/><\/a>\n\t\t\t<\/div><\/figure><figure class='gallery-item'>\n\t\t\t<div class='gallery-icon landscape'>\n\t\t\t\t<a href='https:\/\/myftinia-shkoder.org\/?attachment_id=12005'><img loading=\"lazy\" decoding=\"async\" width=\"150\" height=\"150\" src=\"https:\/\/myftinia-shkoder.org\/wp-content\/uploads\/2023\/03\/Myftiu_Sytari-Bashkia-Vau-Dejes-21032023-3-150x150.jpg\" class=\"attachment-thumbnail size-thumbnail\" alt=\"\" \/><\/a>\n\t\t\t<\/div><\/figure><figure class='gallery-item'>\n\t\t\t<div class='gallery-icon landscape'>\n\t\t\t\t<a href='https:\/\/myftinia-shkoder.org\/?attachment_id=12003'><img loading=\"lazy\" decoding=\"async\" width=\"150\" height=\"150\" src=\"https:\/\/myftinia-shkoder.org\/wp-content\/uploads\/2023\/03\/Myftiu_Sytari-Bashkia-Vau-Dejes-21032023-1-150x150.jpg\" class=\"attachment-thumbnail size-thumbnail\" alt=\"\" \/><\/a>\n\t\t\t<\/div><\/figure><figure class='gallery-item'>\n\t\t\t<div class='gallery-icon landscape'>\n\t\t\t\t<a href='https:\/\/myftinia-shkoder.org\/?attachment_id=12004'><img loading=\"lazy\" decoding=\"async\" width=\"150\" height=\"150\" src=\"https:\/\/myftinia-shkoder.org\/wp-content\/uploads\/2023\/03\/Myftiu_Sytari-Bashkia-Vau-Dejes-21032023-2-150x150.jpg\" class=\"attachment-thumbnail size-thumbnail\" alt=\"\" \/><\/a>\n\t\t\t<\/div><\/figure>\n\t\t<\/div>\n\n","protected":false},"excerpt":{"rendered":"<div class=\"mh-excerpt\"><p>Myftiu takoi Kryetarin e Bashkis\u00eb Vau Dej\u00ebs Paradit\u00ebn e s\u00eb mart\u00ebs, m\u00eb 21 mars 2023, Myftiu i Zon\u00ebs Shkod\u00ebr, Imam Muhamed B. Sytari, zhvilloi nj\u00eb takim pune n\u00eb Bashkin\u00eb Vau Dej\u00ebs, ku u prit nga <a class=\"mh-excerpt-more\" href=\"https:\/\/myftinia-shkoder.org\/?p=11987\" title=\"Myftiu takoi Kryetarin e Bashkis\u00eb Vau Dej\u00ebs\">[&#8230;]<\/a><\/p>\n<\/div>","protected":false},"author":1,"featured_media":12004,"comment_status":"closed","ping_status":"closed","sticky":false,"template":"","format":"standard","meta":{"footnotes":""},"categories":[4],"tags":[],"class_list":["post-11987","post","type-post","status-publish","format-standard","has-post-thumbnail","hentry","category-vakef"],"_links":{"self":[{"href":"https:\/\/myftinia-shkoder.org\/index.php?rest_route=\/wp\/v2\/posts\/11987","targetHints":{"allow":["GET"]}}],"collection":[{"href":"https:\/\/myftinia-shkoder.org\/index.php?rest_route=\/wp\/v2\/posts"}],"about":[{"href":"https:\/\/myftinia-shkoder.org\/index.php?rest_route=\/wp\/v2\/types\/post"}],"author":[{"embeddable":true,"href":"https:\/\/myftinia-shkoder.org\/index.php?rest_route=\/wp\/v2\/users\/1"}],"replies":[{"embeddable":true,"href":"https:\/\/myftinia-shkoder.org\/index.php?rest_route=%2Fwp%2Fv2%2Fcomments&post=11987"}],"version-history":[{"count":1,"href":"https:\/\/myftinia-shkoder.org\/index.php?rest_route=\/wp\/v2\/posts\/11987\/revisions"}],"predecessor-version":[{"id":12008,"href":"https:\/\/myftinia-shkoder.org\/index.php?rest_route=\/wp\/v2\/posts\/11987\/revisions\/12008"}],"wp:featuredmedia":[{"embeddable":true,"href":"https:\/\/myftinia-shkoder.org\/index.php?rest_route=\/wp\/v2\/media\/12004"}],"wp:attachment":[{"href":"https:\/\/myftinia-shkoder.org\/index.php?rest_route=%2Fwp%2Fv2%2Fmedia&parent=11987"}],"wp:term":[{"taxonomy":"category","embeddable":true,"href":"https:\/\/myftinia-shkoder.org\/index.php?rest_route=%2Fwp%2Fv2%2Fcategories&post=11987"},{"taxonomy":"post_tag","embeddable":true,"href":"https:\/\/myftinia-shkoder.org\/index.php?rest_route=%2Fwp%2Fv2%2Ftags&post=11987"}],"curies":[{"name":"wp","href":"https:\/\/api.w.org\/{rel}","templated":true}]}}