{"id":1201,"date":"2016-10-11T13:18:01","date_gmt":"2016-10-11T13:18:01","guid":{"rendered":"http:\/\/myftinia-shkoder.org\/?p=1201"},"modified":"2016-10-11T13:27:10","modified_gmt":"2016-10-11T13:27:10","slug":"lozane-shfaqet-dokumentari-i-25-vjetorit-te-lirise-se-besimit","status":"publish","type":"post","link":"https:\/\/myftinia-shkoder.org\/?p=1201","title":{"rendered":"Lozan\u00eb, shfaqet dokumentari i 25 vjetorit t\u00eb liris\u00eb s\u00eb besimit"},"content":{"rendered":"<p style=\"text-align: justify;\">Mbr\u00ebmjen e s\u00eb shtun\u00ebs, m\u00eb 8 tetor 2016, n\u00eb kuad\u00ebr t\u00eb tribun\u00ebs fetare n\u00eb p\u00ebrkujtim t\u00eb Hixhretit 1438, organizuar nga Qendra Islame Shqiptare n\u00eb Lozan\u00eb t\u00eb Zvicr\u00ebs, u shfaq p\u00eb her\u00eb t\u00eb par\u00eb edhe dokumentari me titull: &#8220;Triumfi i zanit t\u00eb minareve&#8230;&#8221;, prodhim i Myftinis\u00eb Shkod\u00ebr, me rastin e 25 vjetorit t\u00eb liris\u00eb s\u00eb besimit.<\/p>\n<p style=\"text-align: justify;\">N\u00eb prag t\u00eb shfaqjes s\u00eb dokumentarit, Myftiu i Shkodr\u00ebs, Imam Muhamed B. Sytari, tha p\u00ebr t\u00eb pranishmit e shumt\u00eb se, dokumentari n\u00eb fjal\u00eb \u00ebsht\u00eb nj\u00eb p\u00ebrpjekje p\u00ebr t\u00eb nxjerr\u00eb n\u00eb pah dhimbjen dhe absurditetion e diktatur\u00ebs ateiste dhe luft\u00ebn e saj t\u00eb hapur kund\u00ebr Islamit dhe musliman\u00ebve n\u00eb Shqip\u00ebri, sikurse d\u00ebshmon edhe faktin se thirrjet e shpirtit dhe &#8220;zanin e minareve&#8221;, nuk ka forc\u00eb, pushtet e diktatur\u00eb n\u00eb bot\u00eb q\u00eb ta mposht\u00eb.<\/p>\n<p style=\"text-align: justify;\">Shfaqja e dokumentarit u shoq\u00ebria me emocione dhe thirrje tekbiresh nga t\u00eb pranishmit. T\u00eb shumt\u00eb ishin q\u00eb u p\u00ebrlot\u00ebn, sidomos gjat\u00eb shfaqjes ekskluzive t\u00eb pamjeve t\u00eb rralla t\u00eb dat\u00ebs historike 16 n\u00ebntor 1990, kur te Xhamia e Plumbit u zhvillua ceremonia madh\u00ebshtore e faljes s\u00eb xhumas\u00eb n\u00eb liri, pas 23 viteve persekutim, dhun\u00eb dhe terroriz\u00ebm shtet\u00ebror kund\u00ebr musliman\u00ebve dhe jet\u00ebs fetare n\u00eb Shqip\u00ebri.<\/p>\n<p style=\"text-align: justify;\">N\u00eb p\u00ebrfundim t\u00eb k\u00ebsaj shfaqjeje me vlera, Kryetari dhe imami i Qendr\u00ebs Islame Shqiptare n\u00eb Lozan\u00eb, Fehim ef. Abazi, pasi fal\u00ebnderoi Myftiun e Shkodr\u00ebs p\u00ebr pranin\u00eb e tij dhe dokumentarin e p\u00ebrgatitur, theksoi se emocionet e p\u00ebrjetuara n\u00eb k\u00ebt\u00eb mbr\u00ebmje duhet t\u00eb sh\u00ebrbejn\u00eb si nj\u00eb nxitje m\u00eb shum\u00eb p\u00ebr t\u00eb par\u00eb secili n\u00eb pasqyr\u00ebn e zemr\u00ebs, p\u00ebr t\u00eb rritur besimin dhe p\u00ebr t\u00eb shtuar kapjen pas fes\u00eb ton\u00eb t\u00eb shtrenjt\u00eb islame.<\/p>\n<div id='gallery-1' class='gallery galleryid-1201 gallery-columns-4 gallery-size-thumbnail'><figure class='gallery-item'>\n\t\t\t<div class='gallery-icon landscape'>\n\t\t\t\t<a href='https:\/\/myftinia-shkoder.org\/?attachment_id=1209'><img loading=\"lazy\" decoding=\"async\" width=\"150\" height=\"150\" src=\"https:\/\/myftinia-shkoder.org\/wp-content\/uploads\/2016\/10\/FB_IMG_1476192085969-150x150.jpg\" class=\"attachment-thumbnail size-thumbnail\" alt=\"\" \/><\/a>\n\t\t\t<\/div><\/figure><figure class='gallery-item'>\n\t\t\t<div class='gallery-icon landscape'>\n\t\t\t\t<a href='https:\/\/myftinia-shkoder.org\/?attachment_id=1208'><img loading=\"lazy\" decoding=\"async\" width=\"150\" height=\"150\" src=\"https:\/\/myftinia-shkoder.org\/wp-content\/uploads\/2016\/10\/FB_IMG_1476192095370-150x150.jpg\" class=\"attachment-thumbnail size-thumbnail\" alt=\"\" \/><\/a>\n\t\t\t<\/div><\/figure><figure class='gallery-item'>\n\t\t\t<div class='gallery-icon landscape'>\n\t\t\t\t<a href='https:\/\/myftinia-shkoder.org\/?attachment_id=1207'><img loading=\"lazy\" decoding=\"async\" width=\"150\" height=\"150\" src=\"https:\/\/myftinia-shkoder.org\/wp-content\/uploads\/2016\/10\/FB_IMG_1476192099884-150x150.jpg\" class=\"attachment-thumbnail size-thumbnail\" alt=\"\" \/><\/a>\n\t\t\t<\/div><\/figure><figure class='gallery-item'>\n\t\t\t<div class='gallery-icon landscape'>\n\t\t\t\t<a href='https:\/\/myftinia-shkoder.org\/?attachment_id=1206'><img loading=\"lazy\" decoding=\"async\" width=\"150\" height=\"150\" src=\"https:\/\/myftinia-shkoder.org\/wp-content\/uploads\/2016\/10\/FB_IMG_1476192104055-150x150.jpg\" class=\"attachment-thumbnail size-thumbnail\" alt=\"\" \/><\/a>\n\t\t\t<\/div><\/figure><figure class='gallery-item'>\n\t\t\t<div class='gallery-icon landscape'>\n\t\t\t\t<a href='https:\/\/myftinia-shkoder.org\/?attachment_id=1205'><img loading=\"lazy\" decoding=\"async\" width=\"150\" height=\"150\" src=\"https:\/\/myftinia-shkoder.org\/wp-content\/uploads\/2016\/10\/FB_IMG_1476192108165-150x150.jpg\" class=\"attachment-thumbnail size-thumbnail\" alt=\"\" \/><\/a>\n\t\t\t<\/div><\/figure><figure class='gallery-item'>\n\t\t\t<div class='gallery-icon landscape'>\n\t\t\t\t<a href='https:\/\/myftinia-shkoder.org\/?attachment_id=1204'><img loading=\"lazy\" decoding=\"async\" width=\"150\" height=\"150\" src=\"https:\/\/myftinia-shkoder.org\/wp-content\/uploads\/2016\/10\/FB_IMG_1476192112075-150x150.jpg\" class=\"attachment-thumbnail size-thumbnail\" alt=\"\" \/><\/a>\n\t\t\t<\/div><\/figure><figure class='gallery-item'>\n\t\t\t<div class='gallery-icon landscape'>\n\t\t\t\t<a href='https:\/\/myftinia-shkoder.org\/?attachment_id=1203'><img loading=\"lazy\" decoding=\"async\" width=\"150\" height=\"150\" src=\"https:\/\/myftinia-shkoder.org\/wp-content\/uploads\/2016\/10\/FB_IMG_1476192116232-150x150.jpg\" class=\"attachment-thumbnail size-thumbnail\" alt=\"\" \/><\/a>\n\t\t\t<\/div><\/figure><figure class='gallery-item'>\n\t\t\t<div class='gallery-icon landscape'>\n\t\t\t\t<a href='https:\/\/myftinia-shkoder.org\/?attachment_id=1202'><img loading=\"lazy\" decoding=\"async\" width=\"150\" height=\"150\" src=\"https:\/\/myftinia-shkoder.org\/wp-content\/uploads\/2016\/10\/FB_IMG_1476192122403-150x150.jpg\" class=\"attachment-thumbnail size-thumbnail\" alt=\"\" \/><\/a>\n\t\t\t<\/div><\/figure>\n\t\t<\/div>\n\n","protected":false},"excerpt":{"rendered":"<div class=\"mh-excerpt\"><p>Mbr\u00ebmjen e s\u00eb shtun\u00ebs, m\u00eb 8 tetor 2016, n\u00eb kuad\u00ebr t\u00eb tribun\u00ebs fetare n\u00eb p\u00ebrkujtim t\u00eb Hixhretit 1438, organizuar nga Qendra Islame Shqiptare n\u00eb Lozan\u00eb t\u00eb Zvicr\u00ebs, u shfaq p\u00eb her\u00eb t\u00eb par\u00eb edhe dokumentari <a class=\"mh-excerpt-more\" href=\"https:\/\/myftinia-shkoder.org\/?p=1201\" title=\"Lozan\u00eb, shfaqet dokumentari i 25 vjetorit t\u00eb liris\u00eb s\u00eb besimit\">[&#8230;]<\/a><\/p>\n<\/div>","protected":false},"author":1,"featured_media":1209,"comment_status":"closed","ping_status":"closed","sticky":false,"template":"","format":"standard","meta":{"footnotes":""},"categories":[1,13],"tags":[],"class_list":["post-1201","post","type-post","status-publish","format-standard","has-post-thumbnail","hentry","category-aktivitete","category-aktualitet"],"_links":{"self":[{"href":"https:\/\/myftinia-shkoder.org\/index.php?rest_route=\/wp\/v2\/posts\/1201","targetHints":{"allow":["GET"]}}],"collection":[{"href":"https:\/\/myftinia-shkoder.org\/index.php?rest_route=\/wp\/v2\/posts"}],"about":[{"href":"https:\/\/myftinia-shkoder.org\/index.php?rest_route=\/wp\/v2\/types\/post"}],"author":[{"embeddable":true,"href":"https:\/\/myftinia-shkoder.org\/index.php?rest_route=\/wp\/v2\/users\/1"}],"replies":[{"embeddable":true,"href":"https:\/\/myftinia-shkoder.org\/index.php?rest_route=%2Fwp%2Fv2%2Fcomments&post=1201"}],"version-history":[{"count":3,"href":"https:\/\/myftinia-shkoder.org\/index.php?rest_route=\/wp\/v2\/posts\/1201\/revisions"}],"predecessor-version":[{"id":1212,"href":"https:\/\/myftinia-shkoder.org\/index.php?rest_route=\/wp\/v2\/posts\/1201\/revisions\/1212"}],"wp:featuredmedia":[{"embeddable":true,"href":"https:\/\/myftinia-shkoder.org\/index.php?rest_route=\/wp\/v2\/media\/1209"}],"wp:attachment":[{"href":"https:\/\/myftinia-shkoder.org\/index.php?rest_route=%2Fwp%2Fv2%2Fmedia&parent=1201"}],"wp:term":[{"taxonomy":"category","embeddable":true,"href":"https:\/\/myftinia-shkoder.org\/index.php?rest_route=%2Fwp%2Fv2%2Fcategories&post=1201"},{"taxonomy":"post_tag","embeddable":true,"href":"https:\/\/myftinia-shkoder.org\/index.php?rest_route=%2Fwp%2Fv2%2Ftags&post=1201"}],"curies":[{"name":"wp","href":"https:\/\/api.w.org\/{rel}","templated":true}]}}