{"id":12455,"date":"2023-06-12T14:22:37","date_gmt":"2023-06-12T14:22:37","guid":{"rendered":"http:\/\/myftinia-shkoder.org\/?p=12455"},"modified":"2023-06-12T21:01:04","modified_gmt":"2023-06-12T21:01:04","slug":"nis-trajnimi-i-haxhilereve-shkodrane-per-vitin-1444-2023","status":"publish","type":"post","link":"https:\/\/myftinia-shkoder.org\/?p=12455","title":{"rendered":"Nis trajnimi i haxhiler\u00ebve shkodran\u00eb p\u00ebr vitin 1444\/2023"},"content":{"rendered":"<p class=\"x11i5rnm xat24cr x1mh8g0r x1vvkbs xtlvy1s x126k92a\" style=\"text-align: justify;\"><strong>Nis trajnimi i haxhiler\u00ebve shkodran\u00eb p\u00ebr vitin 1444\/2023<\/strong><\/p>\n<p dir=\"auto\" style=\"text-align: justify;\">Paradit\u00ebn e s\u00eb h\u00ebn\u00ebs, m\u00eb 12\/6\/2023, n\u00eb ambientet e xhamis\u00eb s\u00eb Parruc\u00ebs, Myftinia Shkod\u00ebr, nisi trajnimin e p\u00ebrvitsh\u00ebm t\u00eb haxhiler\u00ebve t\u00eb Shkodr\u00ebs, me q\u00ebllim p\u00ebrgatitjen emocionale dhe shpjegimin e detajeve t\u00eb duhura p\u00ebr kryerjen me sukses t\u00eb Haxhit dhe ritualeve t\u00eb tij.<\/p>\n<p dir=\"auto\" style=\"text-align: justify;\">N\u00eb ligj\u00ebrat\u00ebn e par\u00eb t\u00eb mbajtur dit\u00ebn e sotme, Myftiu i Shkodr\u00ebs, Imam <a class=\"x1i10hfl xjbqb8w x6umtig x1b1mbwd xaqea5y xav7gou x9f619 x1ypdohk xt0psk2 xe8uvvx xdj266r x11i5rnm xat24cr x1mh8g0r xexx8yu x4uap5 x18d9i69 xkhd6sd x16tdsg8 x1hl2dhg xggy1nq x1a2a7pz xt0b8zv x1qq9wsj xo1l8bm\" tabindex=\"0\" role=\"link\" href=\"https:\/\/www.facebook.com\/profile.php?id=100008293066207&amp;__cft__[0]=AZU46vvflmLoQS87I06x0krlujMV04E8gS5s6JMcmVSZsCIMdmADBhR1rMFXgRmvVO9Q-mRmGhL1vlotybo-xDWFlWgfJH5Q5h7E2a8FLPeMXp5nLUUqO7v1cDhvjVDXlVNYwOXxK8ymslVg505Fykp3YX_CMUe8GJFFPhJsiLC6ucjKeWDUoo3MSHTwlvpQLrQ&amp;__tn__=-]K-R\"><span class=\"xt0psk2\">Muhamed B. Sytari<\/span><\/a>, trajtoi vler\u00ebn dhe madh\u00ebshtin\u00eb e Haxhit, n\u00ebp\u00ebrmjet haditheve t\u00eb Pejgamberit (a.s).<\/p>\n<p dir=\"auto\" style=\"text-align: justify;\">Nd\u00ebrkoh\u00eb, n\u00eb ligj\u00ebrat\u00ebn e dyt\u00eb t\u00eb k\u00ebsaj dite, imami i xhamis\u00eb s\u00eb Fush\u00eb \u00c7el\u00ebs, H. <a class=\"x1i10hfl xjbqb8w x6umtig x1b1mbwd xaqea5y xav7gou x9f619 x1ypdohk xt0psk2 xe8uvvx xdj266r x11i5rnm xat24cr x1mh8g0r xexx8yu x4uap5 x18d9i69 xkhd6sd x16tdsg8 x1hl2dhg xggy1nq x1a2a7pz xt0b8zv x1qq9wsj xo1l8bm\" tabindex=\"0\" role=\"link\" href=\"https:\/\/www.facebook.com\/idmir.plaku?__cft__[0]=AZU46vvflmLoQS87I06x0krlujMV04E8gS5s6JMcmVSZsCIMdmADBhR1rMFXgRmvVO9Q-mRmGhL1vlotybo-xDWFlWgfJH5Q5h7E2a8FLPeMXp5nLUUqO7v1cDhvjVDXlVNYwOXxK8ymslVg505Fykp3YX_CMUe8GJFFPhJsiLC6ucjKeWDUoo3MSHTwlvpQLrQ&amp;__tn__=-]K-R\"><span class=\"xt0psk2\">Idmir Plaku<\/span><\/a>, shpjegoi detaje me r\u00ebnd\u00ebsi rreth shenjt\u00ebris\u00eb s\u00eb Mek\u00ebs dhe Medines s\u00eb Ndri\u00e7uar, si dhe disa stacioneve t\u00eb spikatura n\u00eb adhurimet e dit\u00ebve t\u00eb Haxhit n\u00eb k\u00ebto dy qytete t\u00eb begata.<\/p>\n<p dir=\"auto\" style=\"text-align: justify;\">Trajnimi i haxhiler\u00ebve do t\u00eb vijoj\u00eb me ligj\u00ebratat e dy dit\u00ebve n\u00eb vijim, shpjegimin e detajeve t\u00eb ritualeve t\u00eb k\u00ebtij adhurimi t\u00eb spikatur, m\u00ebsimin e disa lutjeve dhe dhikreve, etj.<\/p>\n<p class=\"x11i5rnm xat24cr x1mh8g0r x1vvkbs xtlvy1s x126k92a\" style=\"text-align: justify;\">P\u00ebr nder t\u00eb haxhiler\u00ebve shkodran\u00eb, dit\u00ebn e enjte, m\u00eb 15\/6\/2023, n\u00eb ora: 19.00, n\u00eb oborrin e xhamis\u00eb s\u00eb Parruc\u00ebs do t\u00eb zhvillohet nj\u00eb program i pasur festiv.<\/p>\n<div id='gallery-1' class='gallery galleryid-12455 gallery-columns-5 gallery-size-thumbnail'><figure class='gallery-item'>\n\t\t\t<div class='gallery-icon landscape'>\n\t\t\t\t<a href='https:\/\/myftinia-shkoder.org\/?attachment_id=12460'><img loading=\"lazy\" decoding=\"async\" width=\"150\" height=\"150\" src=\"https:\/\/myftinia-shkoder.org\/wp-content\/uploads\/2023\/06\/trajnimi_haxhilereve-2023-ditapare-5-150x150.jpg\" class=\"attachment-thumbnail size-thumbnail\" alt=\"\" \/><\/a>\n\t\t\t<\/div><\/figure><figure class='gallery-item'>\n\t\t\t<div class='gallery-icon landscape'>\n\t\t\t\t<a href='https:\/\/myftinia-shkoder.org\/?attachment_id=12459'><img loading=\"lazy\" decoding=\"async\" width=\"150\" height=\"150\" src=\"https:\/\/myftinia-shkoder.org\/wp-content\/uploads\/2023\/06\/trajnimi_haxhilereve-2023-ditapare-4-150x150.jpg\" class=\"attachment-thumbnail size-thumbnail\" alt=\"\" \/><\/a>\n\t\t\t<\/div><\/figure><figure class='gallery-item'>\n\t\t\t<div class='gallery-icon landscape'>\n\t\t\t\t<a href='https:\/\/myftinia-shkoder.org\/?attachment_id=12458'><img loading=\"lazy\" decoding=\"async\" width=\"150\" height=\"150\" src=\"https:\/\/myftinia-shkoder.org\/wp-content\/uploads\/2023\/06\/trajnimi_haxhilereve-2023-ditapare-3-150x150.jpg\" class=\"attachment-thumbnail size-thumbnail\" alt=\"\" \/><\/a>\n\t\t\t<\/div><\/figure><figure class='gallery-item'>\n\t\t\t<div class='gallery-icon landscape'>\n\t\t\t\t<a href='https:\/\/myftinia-shkoder.org\/?attachment_id=12457'><img loading=\"lazy\" decoding=\"async\" width=\"150\" height=\"150\" src=\"https:\/\/myftinia-shkoder.org\/wp-content\/uploads\/2023\/06\/trajnimi_haxhilereve-2023-ditapare-2-150x150.jpg\" class=\"attachment-thumbnail size-thumbnail\" alt=\"\" \/><\/a>\n\t\t\t<\/div><\/figure><figure class='gallery-item'>\n\t\t\t<div class='gallery-icon landscape'>\n\t\t\t\t<a href='https:\/\/myftinia-shkoder.org\/?attachment_id=12456'><img loading=\"lazy\" decoding=\"async\" width=\"150\" height=\"150\" src=\"https:\/\/myftinia-shkoder.org\/wp-content\/uploads\/2023\/06\/trajnimi_haxhilereve-2023-ditapare-1-150x150.jpg\" class=\"attachment-thumbnail size-thumbnail\" alt=\"\" \/><\/a>\n\t\t\t<\/div><\/figure>\n\t\t<\/div>\n\n","protected":false},"excerpt":{"rendered":"<div class=\"mh-excerpt\"><p>Nis trajnimi i haxhiler\u00ebve shkodran\u00eb p\u00ebr vitin 1444\/2023 Paradit\u00ebn e s\u00eb h\u00ebn\u00ebs, m\u00eb 12\/6\/2023, n\u00eb ambientet e xhamis\u00eb s\u00eb Parruc\u00ebs, Myftinia Shkod\u00ebr, nisi trajnimin e p\u00ebrvitsh\u00ebm t\u00eb haxhiler\u00ebve t\u00eb Shkodr\u00ebs, me q\u00ebllim p\u00ebrgatitjen emocionale dhe <a class=\"mh-excerpt-more\" href=\"https:\/\/myftinia-shkoder.org\/?p=12455\" title=\"Nis trajnimi i haxhiler\u00ebve shkodran\u00eb p\u00ebr vitin 1444\/2023\">[&#8230;]<\/a><\/p>\n<\/div>","protected":false},"author":1,"featured_media":12459,"comment_status":"closed","ping_status":"closed","sticky":false,"template":"","format":"standard","meta":{"footnotes":""},"categories":[1],"tags":[],"class_list":["post-12455","post","type-post","status-publish","format-standard","has-post-thumbnail","hentry","category-aktivitete"],"_links":{"self":[{"href":"https:\/\/myftinia-shkoder.org\/index.php?rest_route=\/wp\/v2\/posts\/12455","targetHints":{"allow":["GET"]}}],"collection":[{"href":"https:\/\/myftinia-shkoder.org\/index.php?rest_route=\/wp\/v2\/posts"}],"about":[{"href":"https:\/\/myftinia-shkoder.org\/index.php?rest_route=\/wp\/v2\/types\/post"}],"author":[{"embeddable":true,"href":"https:\/\/myftinia-shkoder.org\/index.php?rest_route=\/wp\/v2\/users\/1"}],"replies":[{"embeddable":true,"href":"https:\/\/myftinia-shkoder.org\/index.php?rest_route=%2Fwp%2Fv2%2Fcomments&post=12455"}],"version-history":[{"count":2,"href":"https:\/\/myftinia-shkoder.org\/index.php?rest_route=\/wp\/v2\/posts\/12455\/revisions"}],"predecessor-version":[{"id":12462,"href":"https:\/\/myftinia-shkoder.org\/index.php?rest_route=\/wp\/v2\/posts\/12455\/revisions\/12462"}],"wp:featuredmedia":[{"embeddable":true,"href":"https:\/\/myftinia-shkoder.org\/index.php?rest_route=\/wp\/v2\/media\/12459"}],"wp:attachment":[{"href":"https:\/\/myftinia-shkoder.org\/index.php?rest_route=%2Fwp%2Fv2%2Fmedia&parent=12455"}],"wp:term":[{"taxonomy":"category","embeddable":true,"href":"https:\/\/myftinia-shkoder.org\/index.php?rest_route=%2Fwp%2Fv2%2Fcategories&post=12455"},{"taxonomy":"post_tag","embeddable":true,"href":"https:\/\/myftinia-shkoder.org\/index.php?rest_route=%2Fwp%2Fv2%2Ftags&post=12455"}],"curies":[{"name":"wp","href":"https:\/\/api.w.org\/{rel}","templated":true}]}}