{"id":12995,"date":"2023-07-27T08:47:27","date_gmt":"2023-07-27T08:47:27","guid":{"rendered":"http:\/\/myftinia-shkoder.org\/?p=12995"},"modified":"2023-07-27T10:10:45","modified_gmt":"2023-07-27T10:10:45","slug":"asambleja-e-pergjithshme-e-kombeve-te-bashkuara-miraton-rezoluten-qe-denon-te-gjitha-aktet-e-dhunes-ndaj-librave-te-shenjte","status":"publish","type":"post","link":"https:\/\/myftinia-shkoder.org\/?p=12995","title":{"rendered":"Asambleja e P\u00ebrgjithshme e Kombeve t\u00eb Bashkuara miraton rezolut\u00ebn, q\u00eb d\u00ebnon t\u00eb gjitha aktet e dhun\u00ebs ndaj Librave t\u00eb Shenjt\u00eb"},"content":{"rendered":"<p style=\"text-align: justify;\"><strong>Asambleja e P\u00ebrgjithshme e Kombeve t\u00eb Bashkuara miraton rezolut\u00ebn, q\u00eb d\u00ebnon t\u00eb gjitha aktet e dhun\u00ebs ndaj Librave t\u00eb Shenjt\u00eb<\/strong><\/p>\n<p style=\"text-align: justify;\">T\u00eb mart\u00ebn, Asambleja e P\u00ebrgjithshme e Kombeve t\u00eb Bashkuara miratoi rezolut\u00ebn, q\u00eb d\u00ebnon t\u00eb gjitha aktet e dhun\u00ebs ndaj Librave t\u00eb Shenjt\u00eb, si shkelje e t\u00eb drejt\u00ebs nd\u00ebrkomb\u00ebtare.<\/p>\n<p style=\"text-align: justify;\">Kjo erdhi pas djegies dhe p\u00ebrdhosjes s\u00eb disa kopjeve t\u00eb Kur&#8217;anit n\u00eb vendet evropiane, duke p\u00ebrfshir\u00eb djegien e kopjeve t\u00eb Kur&#8217;anit Fam\u00eblart\u00eb n\u00eb Suedi dhe Danimark\u00eb, n\u00eb incidente q\u00eb shkaktuan zem\u00ebrim mbar\u00ebbot\u00ebror.<\/p>\n<p style=\"text-align: justify;\">Asambleja e P\u00ebrgjithshme, prej 193 an\u00ebtar\u00ebsh miratoi rezolut\u00ebn, t\u00eb cil\u00ebn Maroku e hartoi me konsensus.<\/p>\n<p style=\"text-align: justify;\">N\u00eb tekstin e rezolut\u00ebs thuhet, se an\u00ebtar\u00ebt e Asambles\u00eb s\u00eb P\u00ebrgjithshme: \u201cD\u00ebnojn\u00eb n\u00eb m\u00ebnyr\u00ebn m\u00eb t\u00eb ashp\u00ebr t\u00eb gjitha aktet e dhun\u00ebs ndaj personave n\u00eb baz\u00eb t\u00eb fes\u00eb ose besimit t\u00eb tyre, si dhe \u00e7do akt t\u00eb ngjash\u00ebm, q\u00eb drejtohet kund\u00ebr simboleve t\u00eb tyre fetare, Librave t\u00eb Shenjt\u00eb, sht\u00ebpive t\u00eb tyre, bizneseve, pronave, shkollave, qendrave kulturore ose objekteve t\u00eb kultit.\u201d<\/p>\n<p style=\"text-align: justify;\">Rezoluta k\u00ebrkon q\u00eb sulmet, t\u00eb cilat kan\u00eb p\u00ebr q\u00ebllim Kur&#8217;anin t\u00eb d\u00ebnohen, duke i konsideruar ato si &#8220;akte t\u00eb urrejtjes fetare&#8221;.<\/p>\n<p style=\"text-align: justify;\">M\u00eb 12 korrik 2023, K\u00ebshilli i Kombeve t\u00eb Bashkuara p\u00ebr t\u00eb Drejtat e Njeriut (me seli n\u00eb Gjenev\u00eb) d\u00ebnoi aktet e p\u00ebrdhosjes s\u00eb Kur&#8217;anit Fam\u00eblart\u00eb n\u00eb fund t\u00eb qershorit t\u00eb kaluar n\u00eb Suedi, pavar\u00ebsisht se vendet per\u00ebndimore votuan n\u00eb k\u00ebt\u00eb drejtim kund\u00ebr rezolut\u00ebs s\u00eb propozuar t\u00eb k\u00ebshillit.<\/p>\n<p style=\"text-align: justify;\">Rezoluta b\u00ebn thirrje p\u00ebr d\u00ebnimin e sulmeve q\u00eb kan\u00eb p\u00ebr q\u00ebllim Kur&#8217;anin, duke i p\u00ebrshkruar ato si &#8220;akte t\u00eb urrejtjes fetare&#8221;.<\/p>\n<p style=\"text-align: justify;\">Tensionet u shtuan midis Stokholmit dhe vendeve islame p\u00ebr shkak t\u00eb djegies s\u00eb faqeve t\u00eb Kur&#8217;anit nga nj\u00eb refugjat irakian n\u00eb Suedi muajin e kaluar.<\/p>\n<p style=\"text-align: justify;\">N\u00eb incidentin e nj\u00ebjt\u00eb t\u00eb fundit, t\u00eb enjten refugjati Silvan Momica sulmoi p\u00ebrs\u00ebri Kur&#8217;anin, por nuk e dogji at\u00eb, duke shkaktuar reagime t\u00eb reja d\u00ebnimi n\u00eb mbar\u00eb bot\u00ebn myslimane.<\/p>\n<p style=\"text-align: justify;\">Ez&#8217;heri Sherif d\u00ebnoi incidentin e s\u00eb enjtes n\u00eb nj\u00eb deklarat\u00eb, duke d\u00ebnuar &#8220;provokimet e p\u00ebrs\u00ebritura t\u00eb ushtruara nga autoritetet suedeze kund\u00ebr shenjt\u00ebrive tona islame n\u00ebn moton e rrem\u00eb t\u00eb liris\u00eb s\u00eb shprehjes&#8221;.<\/p>\n<p>P\u00ebrktheu nga arabishtja:<br \/>\nLavdrim Hamja<\/p>\n<p style=\"text-align: justify;\"><strong>(<a href=\"https:\/\/www.aljazeeramubasher.net\/news\/politics\/2023\/7\/26\/%d8%a8%d8%b9%d8%af-%d8%a7%d8%b9%d8%aa%d8%af%d8%a7%d8%a1%d8%a7%d8%aa-%d9%85%d8%aa%d9%83%d8%b1%d8%b1%d8%a9-%d8%b9%d9%84%d9%89-%d8%a7%d9%84%d9%82%d8%b1%d8%a2%d9%86-%d8%a7%d9%84%d9%83%d8%b1%d9%8a%d9%85?sf180419814=1\">www.aljazeeramubasher.net<\/a>)<\/strong><\/p>\n<div id='gallery-1' class='gallery galleryid-12995 gallery-columns-3 gallery-size-medium'><figure class='gallery-item'>\n\t\t\t<div class='gallery-icon portrait'>\n\t\t\t\t<a href='https:\/\/myftinia-shkoder.org\/?attachment_id=12998'><img loading=\"lazy\" decoding=\"async\" width=\"160\" height=\"300\" src=\"https:\/\/myftinia-shkoder.org\/wp-content\/uploads\/2023\/07\/aljazeera-3-160x300.jpg\" class=\"attachment-medium size-medium\" alt=\"\" srcset=\"https:\/\/myftinia-shkoder.org\/wp-content\/uploads\/2023\/07\/aljazeera-3-160x300.jpg 160w, https:\/\/myftinia-shkoder.org\/wp-content\/uploads\/2023\/07\/aljazeera-3-547x1024.jpg 547w, https:\/\/myftinia-shkoder.org\/wp-content\/uploads\/2023\/07\/aljazeera-3.jpg 720w\" sizes=\"auto, (max-width: 160px) 100vw, 160px\" \/><\/a>\n\t\t\t<\/div><\/figure><figure class='gallery-item'>\n\t\t\t<div class='gallery-icon landscape'>\n\t\t\t\t<a href='https:\/\/myftinia-shkoder.org\/?attachment_id=12997'><img loading=\"lazy\" decoding=\"async\" width=\"300\" height=\"231\" src=\"https:\/\/myftinia-shkoder.org\/wp-content\/uploads\/2023\/07\/aljazeera-2-300x231.jpg\" class=\"attachment-medium size-medium\" alt=\"\" srcset=\"https:\/\/myftinia-shkoder.org\/wp-content\/uploads\/2023\/07\/aljazeera-2-300x231.jpg 300w, https:\/\/myftinia-shkoder.org\/wp-content\/uploads\/2023\/07\/aljazeera-2-768x592.jpg 768w, https:\/\/myftinia-shkoder.org\/wp-content\/uploads\/2023\/07\/aljazeera-2.jpg 848w\" sizes=\"auto, (max-width: 300px) 100vw, 300px\" \/><\/a>\n\t\t\t<\/div><\/figure><figure class='gallery-item'>\n\t\t\t<div class='gallery-icon landscape'>\n\t\t\t\t<a href='https:\/\/myftinia-shkoder.org\/?attachment_id=12996'><img loading=\"lazy\" decoding=\"async\" width=\"300\" height=\"225\" src=\"https:\/\/myftinia-shkoder.org\/wp-content\/uploads\/2023\/07\/aljazeera-1-300x225.jpg\" class=\"attachment-medium size-medium\" alt=\"\" srcset=\"https:\/\/myftinia-shkoder.org\/wp-content\/uploads\/2023\/07\/aljazeera-1-300x225.jpg 300w, https:\/\/myftinia-shkoder.org\/wp-content\/uploads\/2023\/07\/aljazeera-1-768x577.jpg 768w, https:\/\/myftinia-shkoder.org\/wp-content\/uploads\/2023\/07\/aljazeera-1-678x509.jpg 678w, https:\/\/myftinia-shkoder.org\/wp-content\/uploads\/2023\/07\/aljazeera-1-326x245.jpg 326w, https:\/\/myftinia-shkoder.org\/wp-content\/uploads\/2023\/07\/aljazeera-1-80x60.jpg 80w, https:\/\/myftinia-shkoder.org\/wp-content\/uploads\/2023\/07\/aljazeera-1.jpg 843w\" sizes=\"auto, (max-width: 300px) 100vw, 300px\" \/><\/a>\n\t\t\t<\/div><\/figure>\n\t\t<\/div>\n\n","protected":false},"excerpt":{"rendered":"<div class=\"mh-excerpt\"><p>Asambleja e P\u00ebrgjithshme e Kombeve t\u00eb Bashkuara miraton rezolut\u00ebn, q\u00eb d\u00ebnon t\u00eb gjitha aktet e dhun\u00ebs ndaj Librave t\u00eb Shenjt\u00eb T\u00eb mart\u00ebn, Asambleja e P\u00ebrgjithshme e Kombeve t\u00eb Bashkuara miratoi rezolut\u00ebn, q\u00eb d\u00ebnon t\u00eb gjitha <a class=\"mh-excerpt-more\" href=\"https:\/\/myftinia-shkoder.org\/?p=12995\" title=\"Asambleja e P\u00ebrgjithshme e Kombeve t\u00eb Bashkuara miraton rezolut\u00ebn, q\u00eb d\u00ebnon t\u00eb gjitha aktet e dhun\u00ebs ndaj Librave t\u00eb Shenjt\u00eb\">[&#8230;]<\/a><\/p>\n<\/div>","protected":false},"author":1,"featured_media":12998,"comment_status":"closed","ping_status":"closed","sticky":false,"template":"","format":"standard","meta":{"footnotes":""},"categories":[16],"tags":[],"class_list":["post-12995","post","type-post","status-publish","format-standard","has-post-thumbnail","hentry","category-bota-islame"],"_links":{"self":[{"href":"https:\/\/myftinia-shkoder.org\/index.php?rest_route=\/wp\/v2\/posts\/12995","targetHints":{"allow":["GET"]}}],"collection":[{"href":"https:\/\/myftinia-shkoder.org\/index.php?rest_route=\/wp\/v2\/posts"}],"about":[{"href":"https:\/\/myftinia-shkoder.org\/index.php?rest_route=\/wp\/v2\/types\/post"}],"author":[{"embeddable":true,"href":"https:\/\/myftinia-shkoder.org\/index.php?rest_route=\/wp\/v2\/users\/1"}],"replies":[{"embeddable":true,"href":"https:\/\/myftinia-shkoder.org\/index.php?rest_route=%2Fwp%2Fv2%2Fcomments&post=12995"}],"version-history":[{"count":3,"href":"https:\/\/myftinia-shkoder.org\/index.php?rest_route=\/wp\/v2\/posts\/12995\/revisions"}],"predecessor-version":[{"id":13001,"href":"https:\/\/myftinia-shkoder.org\/index.php?rest_route=\/wp\/v2\/posts\/12995\/revisions\/13001"}],"wp:featuredmedia":[{"embeddable":true,"href":"https:\/\/myftinia-shkoder.org\/index.php?rest_route=\/wp\/v2\/media\/12998"}],"wp:attachment":[{"href":"https:\/\/myftinia-shkoder.org\/index.php?rest_route=%2Fwp%2Fv2%2Fmedia&parent=12995"}],"wp:term":[{"taxonomy":"category","embeddable":true,"href":"https:\/\/myftinia-shkoder.org\/index.php?rest_route=%2Fwp%2Fv2%2Fcategories&post=12995"},{"taxonomy":"post_tag","embeddable":true,"href":"https:\/\/myftinia-shkoder.org\/index.php?rest_route=%2Fwp%2Fv2%2Ftags&post=12995"}],"curies":[{"name":"wp","href":"https:\/\/api.w.org\/{rel}","templated":true}]}}