{"id":13206,"date":"2023-09-21T13:39:56","date_gmt":"2023-09-21T13:39:56","guid":{"rendered":"http:\/\/myftinia-shkoder.org\/?p=13206"},"modified":"2023-09-21T13:39:56","modified_gmt":"2023-09-21T13:39:56","slug":"myftiu-sytari-dita-boterore-e-paqes-frymezim-per-tu-ndare-nga-haramet-dhe-zullumet","status":"publish","type":"post","link":"https:\/\/myftinia-shkoder.org\/?p=13206","title":{"rendered":"Myftiu Sytari: &#8220;Dita Bot\u00ebrore e Paqes, frym\u00ebzim p\u00ebr t&#8217;u ndar\u00eb nga haramet dhe zullumet!&#8221;"},"content":{"rendered":"<p style=\"text-align: justify;\"><strong>21 shtator, Dita bot\u00ebrore e Paqes!<\/strong><\/p>\n<p style=\"text-align: justify;\">Elhamdulilah, un\u00eb jam musliman dhe bota \u00ebsht\u00eb m\u00eb e sigurt! Kjo \u00ebsht\u00eb esenca dhe zanafilla!<\/p>\n<p style=\"text-align: justify;\">Pas \u00e7do namazi, ne si musliman\u00eb lexojm\u00eb dhikret e virdeve ditore q\u00eb na i m\u00ebsoi Resulull-llahu (a.s), ku fjalia e par\u00eb pas istigfarit \u00ebsht\u00eb: &#8220;All-llahumme Entes-Selamu ve minkes-Selam&#8230;&#8221;, q\u00eb do t\u00eb thot\u00eb: &#8220;Zoti im, Ti je burimi i Paqtimit, prej Teje buron Paqja&#8230;&#8221;!<\/p>\n<p style=\"text-align: justify;\">Me pak fjal\u00eb, m\u00eb e pakta, pes\u00eb her\u00eb n\u00eb dit\u00eb, Islami na edukon e na frym\u00ebzon drejt paqtimit dhe rrug\u00ebve t\u00eb tij, duke u lart\u00ebsuar dit\u00eb pas dite drejt asaj q\u00eb Krijuesi yn\u00eb k\u00ebrkon prej nesh n\u00eb k\u00ebt\u00eb jet\u00eb!<\/p>\n<p style=\"text-align: justify;\">Le t\u00eb punojm\u00eb me sa t\u00eb kemi mund\u00ebsi p\u00ebr t\u00eb jetuar n\u00eb paqe dhe harmoni me nj\u00ebri-tjetrin, duke ruajtur mbi t\u00eb gjitha dinjitetin dhe krenarin\u00eb e besimit dhe t\u00eb fes\u00eb, shenjt\u00ebrin\u00eb e jet\u00ebs dhe at\u00eb t\u00eb njeriut-m\u00ebk\u00ebmb\u00ebs i Zotit n\u00eb tok\u00eb, dijes dhe arsimimit!<\/p>\n<p style=\"text-align: justify;\">T\u00eb p\u00ebrpiqemi p\u00ebr t\u00eb punuar me past\u00ebrti e dinjitet, t\u00eb angazhohemi p\u00ebr t\u00eb ruajtur e mbrojtur Tok\u00ebn, n\u00ebn\u00ebn ton\u00eb t\u00eb p\u00ebrbashk\u00ebt, nga zjarret dashakeqe, nga shkat\u00ebrrimet egoiste, nga zaptimet zullumqare, nga mohimi i pron\u00ebsis\u00eb p\u00ebr t\u00eb zot\u00ebt legjitim\u00eb, por jo vet\u00ebm, dhe q\u00eb shpien drejt konflikteve dhe t\u00eb papriturave t\u00eb pad\u00ebshiruara!<\/p>\n<p style=\"text-align: justify;\">T\u00eb angazhohemi me t\u00eb gjitha forcat p\u00ebr t&#8217;u ndar\u00eb nga politikat shkat\u00ebrrimtare, q\u00eb prishin rendin mbi tok\u00eb, edhe duke p\u00ebrdorur kart\u00ebn e fes\u00eb p\u00ebr t\u00eb p\u00ebr\u00e7ar\u00eb njer\u00ebzit mbi baza fetare, si nj\u00eb gangren\u00eb e keqe, q\u00eb \u00ebsht\u00eb instaluar n\u00eb mend\u00ebsit\u00eb provinciale t\u00eb mb\u00ebshtetura edhe nga rrogtar\u00eb meskin\u00eb!<\/p>\n<p style=\"text-align: justify;\">T\u00eb jap\u00eb secili di\u00e7ka nga vetja e tij p\u00ebr paqen me dinjitet, duke falur mir\u00ebsi e dashuri, mir\u00ebkuptim e heshtje, sidomos n\u00eb familje, me f\u00ebmij\u00ebt, me t\u00eb rinjt\u00eb e farefisin!<\/p>\n<p style=\"text-align: justify;\">Nuk mund t\u00eb prodhojm\u00eb paqe sociale, duke mb\u00ebshtetur &#8220;festat&#8221; e harameve, duke promovuar alkoolin, lakuriq\u00ebsin\u00eb, devijimet morale dhe injoranc\u00ebn, n\u00eb zem\u00ebr t\u00eb lagjeve tona dhe bri sht\u00ebpive t\u00eb Zotit!<\/p>\n<p style=\"text-align: justify;\">Rini e alkoolizuar, e droguar, rini hashashi, banalitetesh, nuk mund t\u00eb jet\u00eb ajo q\u00eb e themi n\u00eb zhargonin e p\u00ebrditsh\u00ebm: &#8220;e ardhmja e kombit&#8221;!<\/p>\n<p style=\"text-align: justify;\">Alkool, zhurm\u00eb e \u00e7mendur deri n\u00eb or\u00eb t\u00eb vona, sh\u00ebtitorja kryesore e qytetit e mbushur me flamuj me shishe birre, harbim para dyerve t\u00eb Bashkis\u00eb, nuk \u00ebsht\u00eb as m\u00eb shum\u00eb e as m\u00eb pak sesa nj\u00eb shfaqje e denj\u00eb p\u00ebr njer\u00ebz pa dinjitet, &#8220;pa din e pa iman&#8221;, si\u00e7 e p\u00ebrmend shpesh edhe kryeministri i vendit!?<\/p>\n<p style=\"text-align: justify;\">Mendoja se kjo tollovi dhe gjurulldi do t\u00eb mbyllej nj\u00eb her\u00eb e mir\u00eb n\u00eb Shkod\u00ebr, por ja q\u00eb parashikimi im i heshtur paska qen\u00eb i gabuar!<\/p>\n<p style=\"text-align: justify;\">Imagjino, sa tribuna fetare e ligj\u00ebrata, takime zyrtare, konferenca shkencore nd\u00ebrfetare me vler\u00eb, fushata t\u00eb mbara sensibilizimi n\u00eb bashk\u00ebpunim me policin\u00eb, me shkolla etj, p\u00ebr t\u00eb udh\u00ebzuar opinionin kund\u00ebr alkoolit, drog\u00ebs, bim\u00ebve narkotike e t\u00eb ngjashme dhe, papritur, krejt papritur, &#8220;Festa e birr\u00ebs&#8221; q\u00eb don t\u00eb imponohet si tradit\u00eb primitive n\u00eb mesin ton\u00eb!<\/p>\n<p style=\"text-align: justify;\">Sapo mbaroi java e par\u00eb e fillimit t\u00eb vitit t\u00eb ri shkollor. Para Bashkis\u00eb mund t\u00eb shihnim nj\u00eb panair libri, nj\u00eb festival t\u00eb let\u00ebrsis\u00eb p\u00ebr f\u00ebmij\u00eb e t\u00eb rritur, nj\u00eb fushat\u00eb sensibilizuese p\u00ebr leximin, shenjt\u00ebrin\u00eb e librit, nj\u00eb seri mbr\u00ebmjesh letrare e poetike me shkrimtar\u00ebt dhe poet\u00ebt m\u00eb me z\u00eb t\u00eb qytetit e p\u00ebrtej, duke i mb\u00ebshtetur e vler\u00ebsuar, nj\u00eb panair t\u00eb arritjeve t\u00eb talenteve t\u00eb Shkodr\u00ebs n\u00eb dije e shkenc\u00eb, nj\u00eb.., por..!?<\/p>\n<p style=\"text-align: justify;\">Nuk mund t\u00eb ket\u00eb paqe, n\u00ebse nuk e kultivojm\u00eb dhe e jetojm\u00eb at\u00eb n\u00eb familje fillimisht, pastaj n\u00eb rrethin e ngusht\u00eb familjar, e m\u00eb pas n\u00eb shoq\u00ebri, me shum\u00eb kujdes e plot p\u00ebrkushtim, duke ndjekur drit\u00ebn e Zotit dhe udh\u00ebzimin e Tij, jo interesat e ngushta, tekat e skutat e err\u00ebta!<\/p>\n<p style=\"text-align: justify;\">Fjala e mir\u00eb \u00ebsht\u00eb paqe! Buz\u00ebqeshja e sinqert\u00eb \u00ebsht\u00eb paqe! Heshtja e urt\u00eb \u00ebsht\u00eb paqe! M\u00ebsimi dhe edukimi i udh\u00ebzuar \u00ebsht\u00eb paqe! Ndihma n\u00eb rast nevoje \u00ebsht\u00eb paqe! Luftimi i s\u00eb keqes n\u00eb jet\u00eb \u00ebsht\u00eb paqe! Kund\u00ebrshtimi i keqp\u00ebrdorimit t\u00eb besimit \u00ebsht\u00eb paqe! P\u00ebrballja me t\u00ebr\u00eb fenomenet e prishjes dhe devijimit \u00ebsht\u00eb paqe!<\/p>\n<p style=\"text-align: justify;\">Paqe me Zotin! Paqe me robin! Paqe me vetveten e me realitetet e p\u00ebrditshme, q\u00eb gjithsesi mbeten m\u00eb t\u00eb dob\u00ebta sesa mund\u00ebsia p\u00ebr t\u00eb ndryshuar kaderin!<\/p>\n<p style=\"text-align: justify;\"><strong>Imam Muhamed B. Sytari<br \/>\n<\/strong><em>Myfti i Zon\u00ebs Shkod\u00ebr<\/em><\/p>\n<p style=\"text-align: justify;\"><em>Shkod\u00ebr, m\u00eb 21 shtator 2023<\/em><\/p>\n<div id='gallery-1' class='gallery galleryid-13206 gallery-columns-2 gallery-size-medium'><figure class='gallery-item'>\n\t\t\t<div class='gallery-icon landscape'>\n\t\t\t\t<a href='https:\/\/myftinia-shkoder.org\/?attachment_id=13208'><img loading=\"lazy\" decoding=\"async\" width=\"300\" height=\"169\" src=\"https:\/\/myftinia-shkoder.org\/wp-content\/uploads\/2023\/09\/m1-300x169.jpeg\" class=\"attachment-medium size-medium\" alt=\"\" srcset=\"https:\/\/myftinia-shkoder.org\/wp-content\/uploads\/2023\/09\/m1-300x169.jpeg 300w, https:\/\/myftinia-shkoder.org\/wp-content\/uploads\/2023\/09\/m1-1024x576.jpeg 1024w, https:\/\/myftinia-shkoder.org\/wp-content\/uploads\/2023\/09\/m1-768x432.jpeg 768w, https:\/\/myftinia-shkoder.org\/wp-content\/uploads\/2023\/09\/m1-1536x864.jpeg 1536w, https:\/\/myftinia-shkoder.org\/wp-content\/uploads\/2023\/09\/m1-678x381.jpeg 678w, https:\/\/myftinia-shkoder.org\/wp-content\/uploads\/2023\/09\/m1.jpeg 1600w\" sizes=\"auto, (max-width: 300px) 100vw, 300px\" \/><\/a>\n\t\t\t<\/div><\/figure><figure class='gallery-item'>\n\t\t\t<div class='gallery-icon landscape'>\n\t\t\t\t<a href='https:\/\/myftinia-shkoder.org\/?attachment_id=13207'><img loading=\"lazy\" decoding=\"async\" width=\"300\" height=\"169\" src=\"https:\/\/myftinia-shkoder.org\/wp-content\/uploads\/2023\/09\/m2-300x169.jpeg\" class=\"attachment-medium size-medium\" alt=\"\" srcset=\"https:\/\/myftinia-shkoder.org\/wp-content\/uploads\/2023\/09\/m2-300x169.jpeg 300w, https:\/\/myftinia-shkoder.org\/wp-content\/uploads\/2023\/09\/m2-1024x576.jpeg 1024w, https:\/\/myftinia-shkoder.org\/wp-content\/uploads\/2023\/09\/m2-768x432.jpeg 768w, https:\/\/myftinia-shkoder.org\/wp-content\/uploads\/2023\/09\/m2-1536x864.jpeg 1536w, https:\/\/myftinia-shkoder.org\/wp-content\/uploads\/2023\/09\/m2-678x381.jpeg 678w, https:\/\/myftinia-shkoder.org\/wp-content\/uploads\/2023\/09\/m2.jpeg 1600w\" sizes=\"auto, (max-width: 300px) 100vw, 300px\" \/><\/a>\n\t\t\t<\/div><\/figure>\n\t\t<\/div>\n\n","protected":false},"excerpt":{"rendered":"<div class=\"mh-excerpt\"><p>21 shtator, Dita bot\u00ebrore e Paqes! Elhamdulilah, un\u00eb jam musliman dhe bota \u00ebsht\u00eb m\u00eb e sigurt! Kjo \u00ebsht\u00eb esenca dhe zanafilla! Pas \u00e7do namazi, ne si musliman\u00eb lexojm\u00eb dhikret e virdeve ditore q\u00eb na i <a class=\"mh-excerpt-more\" href=\"https:\/\/myftinia-shkoder.org\/?p=13206\" title=\"Myftiu Sytari: &#8220;Dita Bot\u00ebrore e Paqes, frym\u00ebzim p\u00ebr t&#8217;u ndar\u00eb nga haramet dhe zullumet!&#8221;\">[&#8230;]<\/a><\/p>\n<\/div>","protected":false},"author":1,"featured_media":13207,"comment_status":"closed","ping_status":"closed","sticky":false,"template":"","format":"standard","meta":{"footnotes":""},"categories":[6],"tags":[],"class_list":["post-13206","post","type-post","status-publish","format-standard","has-post-thumbnail","hentry","category-mesazhe"],"_links":{"self":[{"href":"https:\/\/myftinia-shkoder.org\/index.php?rest_route=\/wp\/v2\/posts\/13206","targetHints":{"allow":["GET"]}}],"collection":[{"href":"https:\/\/myftinia-shkoder.org\/index.php?rest_route=\/wp\/v2\/posts"}],"about":[{"href":"https:\/\/myftinia-shkoder.org\/index.php?rest_route=\/wp\/v2\/types\/post"}],"author":[{"embeddable":true,"href":"https:\/\/myftinia-shkoder.org\/index.php?rest_route=\/wp\/v2\/users\/1"}],"replies":[{"embeddable":true,"href":"https:\/\/myftinia-shkoder.org\/index.php?rest_route=%2Fwp%2Fv2%2Fcomments&post=13206"}],"version-history":[{"count":1,"href":"https:\/\/myftinia-shkoder.org\/index.php?rest_route=\/wp\/v2\/posts\/13206\/revisions"}],"predecessor-version":[{"id":13209,"href":"https:\/\/myftinia-shkoder.org\/index.php?rest_route=\/wp\/v2\/posts\/13206\/revisions\/13209"}],"wp:featuredmedia":[{"embeddable":true,"href":"https:\/\/myftinia-shkoder.org\/index.php?rest_route=\/wp\/v2\/media\/13207"}],"wp:attachment":[{"href":"https:\/\/myftinia-shkoder.org\/index.php?rest_route=%2Fwp%2Fv2%2Fmedia&parent=13206"}],"wp:term":[{"taxonomy":"category","embeddable":true,"href":"https:\/\/myftinia-shkoder.org\/index.php?rest_route=%2Fwp%2Fv2%2Fcategories&post=13206"},{"taxonomy":"post_tag","embeddable":true,"href":"https:\/\/myftinia-shkoder.org\/index.php?rest_route=%2Fwp%2Fv2%2Ftags&post=13206"}],"curies":[{"name":"wp","href":"https:\/\/api.w.org\/{rel}","templated":true}]}}