{"id":13477,"date":"2023-11-16T19:57:40","date_gmt":"2023-11-16T19:57:40","guid":{"rendered":"http:\/\/myftinia-shkoder.org\/?p=13477"},"modified":"2023-12-04T20:14:08","modified_gmt":"2023-12-04T20:14:08","slug":"16-nentori-1990-jehone-edhe-ne-mediat-audiovizive","status":"publish","type":"post","link":"https:\/\/myftinia-shkoder.org\/?p=13477","title":{"rendered":"16 N\u00ebntori 1990, jehon\u00eb edhe n\u00eb mediat audiovizive"},"content":{"rendered":"<p style=\"text-align: justify;\"><strong>16 N\u00ebntori 1990, jehon\u00eb edhe n\u00eb mediat audiovizive<\/strong><\/p>\n<p style=\"text-align: justify;\">N\u00eb emisionin \u201cStart\u201d t\u00eb TV1 Channel ishte i ftuar teologu Arben Halluni p\u00ebr t\u00eb\u00a0 bashk\u00ebbiseduar me gazetaren e k\u00ebtij emisioni, Linda Doda rreth ngjarjes s\u00eb madhe historike, 16 N\u00ebntori 1990.<\/p>\n<p style=\"text-align: justify;\">Teologu Halluni foli rreth mesazheve dhe frym\u00ebzimit q\u00eb na fal p\u00ebrkujtimi i 16 n\u00ebntorit 1990, sot, pas 33 vitesh nga ajo ngjarje e lavdishme dhe q\u00eb p\u00ebr t\u00eb gjith\u00eb popullin shqiptar mbetet shum\u00eb kuptimplote dhe historike.<\/p>\n<p style=\"text-align: justify;\">Ai p\u00ebrmendi edhe\u00a0 rihapjen e xhamis\u00eb s\u00eb Plumbit, pionierja e par\u00eb e t\u00eb gjitha xhamive, ku n\u00eb k\u00ebt\u00eb dat\u00eb u b\u00eb falja e par\u00eb e xhumas\u00eb, pas 23 viteve nd\u00ebrprerje t\u00eb liris\u00eb s\u00eb besimit nga diktatura kriminale komuniste.<\/p>\n<p style=\"text-align: justify;\">Nd\u00ebrkoh\u00eb, teologu Halluni k\u00ebrkoi q\u00eb autoritetet e sotme t\u00eb shtetit ta akordojn\u00eb k\u00ebt\u00eb dat\u00eb apo t\u00eb gjitha datat e rihapjes s\u00eb kulteve n\u00eb vendin ton\u00eb me akordimin m\u00eb t\u00eb lart\u00eb q\u00eb ka shteti shqiptar si dhe t\u00eb shpallen dit\u00eb fest\u00eb komb\u00ebtare.<\/p>\n<p><a href=\"https:\/\/www.facebook.com\/watch\/live\/?ref=watch_permalink&amp;v=2124679434530443\">Klikoni k\u00ebtu p\u00ebr t\u00eb ndjekur bashk\u00ebbisedimin e plot\u00eb:<\/a><\/p>\n<p>&nbsp;<\/p>\n<div id='gallery-1' class='gallery galleryid-13477 gallery-columns-2 gallery-size-medium'><figure class='gallery-item'>\n\t\t\t<div class='gallery-icon landscape'>\n\t\t\t\t<a href='https:\/\/myftinia-shkoder.org\/?attachment_id=13478'><img loading=\"lazy\" decoding=\"async\" width=\"300\" height=\"161\" src=\"https:\/\/myftinia-shkoder.org\/wp-content\/uploads\/2023\/12\/A.Halluni-Start-Tv1-Channel-300x161.jpg\" class=\"attachment-medium size-medium\" alt=\"\" srcset=\"https:\/\/myftinia-shkoder.org\/wp-content\/uploads\/2023\/12\/A.Halluni-Start-Tv1-Channel-300x161.jpg 300w, https:\/\/myftinia-shkoder.org\/wp-content\/uploads\/2023\/12\/A.Halluni-Start-Tv1-Channel-1024x549.jpg 1024w, https:\/\/myftinia-shkoder.org\/wp-content\/uploads\/2023\/12\/A.Halluni-Start-Tv1-Channel-768x412.jpg 768w, https:\/\/myftinia-shkoder.org\/wp-content\/uploads\/2023\/12\/A.Halluni-Start-Tv1-Channel.jpg 1329w\" sizes=\"auto, (max-width: 300px) 100vw, 300px\" \/><\/a>\n\t\t\t<\/div><\/figure><figure class='gallery-item'>\n\t\t\t<div class='gallery-icon landscape'>\n\t\t\t\t<a href='https:\/\/myftinia-shkoder.org\/?attachment_id=13479'><img loading=\"lazy\" decoding=\"async\" width=\"300\" height=\"163\" src=\"https:\/\/myftinia-shkoder.org\/wp-content\/uploads\/2023\/12\/A.Halluni-Start-Tv1-Channel-2-300x163.jpg\" class=\"attachment-medium size-medium\" alt=\"\" srcset=\"https:\/\/myftinia-shkoder.org\/wp-content\/uploads\/2023\/12\/A.Halluni-Start-Tv1-Channel-2-300x163.jpg 300w, https:\/\/myftinia-shkoder.org\/wp-content\/uploads\/2023\/12\/A.Halluni-Start-Tv1-Channel-2-1024x557.jpg 1024w, https:\/\/myftinia-shkoder.org\/wp-content\/uploads\/2023\/12\/A.Halluni-Start-Tv1-Channel-2-768x418.jpg 768w, https:\/\/myftinia-shkoder.org\/wp-content\/uploads\/2023\/12\/A.Halluni-Start-Tv1-Channel-2.jpg 1315w\" sizes=\"auto, (max-width: 300px) 100vw, 300px\" \/><\/a>\n\t\t\t<\/div><\/figure>\n\t\t<\/div>\n\n","protected":false},"excerpt":{"rendered":"<div class=\"mh-excerpt\"><p>16 N\u00ebntori 1990, jehon\u00eb edhe n\u00eb mediat audiovizive N\u00eb emisionin \u201cStart\u201d t\u00eb TV1 Channel ishte i ftuar teologu Arben Halluni p\u00ebr t\u00eb\u00a0 bashk\u00ebbiseduar me gazetaren e k\u00ebtij emisioni, Linda Doda rreth ngjarjes s\u00eb madhe historike, <a class=\"mh-excerpt-more\" href=\"https:\/\/myftinia-shkoder.org\/?p=13477\" title=\"16 N\u00ebntori 1990, jehon\u00eb edhe n\u00eb mediat audiovizive\">[&#8230;]<\/a><\/p>\n<\/div>","protected":false},"author":1,"featured_media":13479,"comment_status":"closed","ping_status":"closed","sticky":false,"template":"","format":"standard","meta":{"footnotes":""},"categories":[13],"tags":[],"class_list":["post-13477","post","type-post","status-publish","format-standard","has-post-thumbnail","hentry","category-aktualitet"],"_links":{"self":[{"href":"https:\/\/myftinia-shkoder.org\/index.php?rest_route=\/wp\/v2\/posts\/13477","targetHints":{"allow":["GET"]}}],"collection":[{"href":"https:\/\/myftinia-shkoder.org\/index.php?rest_route=\/wp\/v2\/posts"}],"about":[{"href":"https:\/\/myftinia-shkoder.org\/index.php?rest_route=\/wp\/v2\/types\/post"}],"author":[{"embeddable":true,"href":"https:\/\/myftinia-shkoder.org\/index.php?rest_route=\/wp\/v2\/users\/1"}],"replies":[{"embeddable":true,"href":"https:\/\/myftinia-shkoder.org\/index.php?rest_route=%2Fwp%2Fv2%2Fcomments&post=13477"}],"version-history":[{"count":1,"href":"https:\/\/myftinia-shkoder.org\/index.php?rest_route=\/wp\/v2\/posts\/13477\/revisions"}],"predecessor-version":[{"id":13480,"href":"https:\/\/myftinia-shkoder.org\/index.php?rest_route=\/wp\/v2\/posts\/13477\/revisions\/13480"}],"wp:featuredmedia":[{"embeddable":true,"href":"https:\/\/myftinia-shkoder.org\/index.php?rest_route=\/wp\/v2\/media\/13479"}],"wp:attachment":[{"href":"https:\/\/myftinia-shkoder.org\/index.php?rest_route=%2Fwp%2Fv2%2Fmedia&parent=13477"}],"wp:term":[{"taxonomy":"category","embeddable":true,"href":"https:\/\/myftinia-shkoder.org\/index.php?rest_route=%2Fwp%2Fv2%2Fcategories&post=13477"},{"taxonomy":"post_tag","embeddable":true,"href":"https:\/\/myftinia-shkoder.org\/index.php?rest_route=%2Fwp%2Fv2%2Ftags&post=13477"}],"curies":[{"name":"wp","href":"https:\/\/api.w.org\/{rel}","templated":true}]}}