{"id":13880,"date":"2024-02-21T22:25:05","date_gmt":"2024-02-21T22:25:05","guid":{"rendered":"http:\/\/myftinia-shkoder.org\/?p=13880"},"modified":"2024-02-22T19:30:34","modified_gmt":"2024-02-22T19:30:34","slug":"myftiu-i-shkodres-mori-pjese-ne-pritjen-e-ambasades-se-kuvajtit","status":"publish","type":"post","link":"https:\/\/myftinia-shkoder.org\/?p=13880","title":{"rendered":"Myftiu i Shkodr\u00ebs mori pjes\u00eb n\u00eb pritjen e Ambasad\u00ebs s\u00eb Kuvajtit"},"content":{"rendered":"<p class=\"x11i5rnm xat24cr x1mh8g0r x1vvkbs xtlvy1s x126k92a\" style=\"text-align: justify;\"><strong>Myftiu i Shkodr\u00ebs mori pjes\u00eb n\u00eb pritjen e Ambasad\u00ebs s\u00eb Kuvajtit<\/strong><\/p>\n<p dir=\"auto\" style=\"text-align: justify;\">Mbr\u00ebmjen e s\u00eb m\u00ebrkur\u00ebs, m\u00eb 21 shkurt 2024, Myftiu i Shkodr\u00ebs, <a class=\"x1i10hfl xjbqb8w x1ejq31n xd10rxx x1sy0etr x17r0tee x972fbf xcfux6l x1qhh985 xm0m39n x9f619 x1ypdohk xt0psk2 xe8uvvx xdj266r x11i5rnm xat24cr x1mh8g0r xexx8yu x4uap5 x18d9i69 xkhd6sd x16tdsg8 x1hl2dhg xggy1nq x1a2a7pz xt0b8zv x1fey0fg xo1l8bm\" tabindex=\"0\" role=\"link\" href=\"https:\/\/www.facebook.com\/muhamed.sytari?__cft__[0]=AZUeSCHA1LYkz7UptRjtyE1WK3kaB4gBViNSBgNviyo0SaAov90Np0yZoHQZNhs7ixWb0DYSYOsFOtRXtfaPNsXeoLqJ4uYogHHblcw3C5-Q1mapeYnFIW90lYOxyNoD9PAOtO6HVVasdYattvN7AOfkGfVtBTiB75TK0yq_MeyM1_EfVlIZn1S2nLmXCGGj_GU&amp;__tn__=-]K-R\"><span class=\"xt0psk2\">Imam Muhamed B. Sytari<\/span><\/a>, mori pjes\u00eb n\u00eb pritjen e organizuar nga Ambasada e Shtetit t\u00eb Kuvajtit n\u00eb vendin ton\u00eb, me rastin e 63 vjetorit t\u00eb Pavar\u00ebsis\u00eb dhe 33 vjetorit t\u00eb \u00c7lirimit.<\/p>\n<p dir=\"auto\" style=\"text-align: justify;\">Me k\u00ebt\u00eb rast, Myftiu Sytari uroi Ambasadorin e Kuvajtit n\u00eb vendin ton\u00eb, Sh.T.Z. Faisal S. Al-Musaileem, duke e uruar p\u00ebr k\u00ebto dy data t\u00eb sh\u00ebnuara dhe duke d\u00ebshiruar mir\u00ebqenie dhe bekim p\u00ebr popullin v\u00eblla kuvajtian.<\/p>\n<p dir=\"auto\" style=\"text-align: justify;\">Gjat\u00eb k\u00ebsaj mbr\u00ebmjeje t\u00eb sh\u00ebnuar, Myftiu takoi edhe shum\u00eb personalitete t\u00eb huaja dhe t\u00eb vendit, me t\u00eb cil\u00ebt ndau bashk\u00ebbisedime me dobi dhe mendime me vler\u00eb me interes t\u00eb p\u00ebrbashk\u00ebt.<\/p>\n<p class=\"x11i5rnm xat24cr x1mh8g0r x1vvkbs xtlvy1s x126k92a\" style=\"text-align: justify;\">Myftinia Shkod\u00ebr shpreh fal\u00ebnderimet e saj p\u00ebr kontributet e m\u00ebdha q\u00eb Shteti i Kuvajtit ka dh\u00ebn\u00eb p\u00ebr Shqip\u00ebrin\u00eb dhe shqiptar\u00ebt n\u00eb krejt trevat e tyre, si d\u00ebshmi e v\u00ebllaz\u00ebris\u00eb, humanizmit dhe solidaritetit n\u00eb momente t\u00eb v\u00ebshtira.<\/p>\n<div id='gallery-1' class='gallery galleryid-13880 gallery-columns-4 gallery-size-thumbnail'><figure class='gallery-item'>\n\t\t\t<div class='gallery-icon landscape'>\n\t\t\t\t<a href='https:\/\/myftinia-shkoder.org\/?attachment_id=13882'><img loading=\"lazy\" decoding=\"async\" width=\"150\" height=\"150\" src=\"https:\/\/myftinia-shkoder.org\/wp-content\/uploads\/2024\/02\/63_vjetori_Pavaresise-se-Kuvajtit-2-150x150.jpg\" class=\"attachment-thumbnail size-thumbnail\" alt=\"\" \/><\/a>\n\t\t\t<\/div><\/figure><figure class='gallery-item'>\n\t\t\t<div class='gallery-icon landscape'>\n\t\t\t\t<a href='https:\/\/myftinia-shkoder.org\/?attachment_id=13884'><img loading=\"lazy\" decoding=\"async\" width=\"150\" height=\"150\" src=\"https:\/\/myftinia-shkoder.org\/wp-content\/uploads\/2024\/02\/63_vjetori_Pavaresise-se-Kuvajtit-4-150x150.jpg\" class=\"attachment-thumbnail size-thumbnail\" alt=\"\" \/><\/a>\n\t\t\t<\/div><\/figure><figure class='gallery-item'>\n\t\t\t<div class='gallery-icon landscape'>\n\t\t\t\t<a href='https:\/\/myftinia-shkoder.org\/?attachment_id=13883'><img loading=\"lazy\" decoding=\"async\" width=\"150\" height=\"150\" src=\"https:\/\/myftinia-shkoder.org\/wp-content\/uploads\/2024\/02\/63_vjetori_Pavaresise-se-Kuvajtit-3-150x150.jpg\" class=\"attachment-thumbnail size-thumbnail\" alt=\"\" \/><\/a>\n\t\t\t<\/div><\/figure><figure class='gallery-item'>\n\t\t\t<div class='gallery-icon landscape'>\n\t\t\t\t<a href='https:\/\/myftinia-shkoder.org\/?attachment_id=13881'><img loading=\"lazy\" decoding=\"async\" width=\"150\" height=\"150\" src=\"https:\/\/myftinia-shkoder.org\/wp-content\/uploads\/2024\/02\/63_vjetori_Pavaresise-se-Kuvajtit-1-150x150.jpg\" class=\"attachment-thumbnail size-thumbnail\" alt=\"\" \/><\/a>\n\t\t\t<\/div><\/figure>\n\t\t<\/div>\n\n","protected":false},"excerpt":{"rendered":"<div class=\"mh-excerpt\"><p>Myftiu i Shkodr\u00ebs mori pjes\u00eb n\u00eb pritjen e Ambasad\u00ebs s\u00eb Kuvajtit Mbr\u00ebmjen e s\u00eb m\u00ebrkur\u00ebs, m\u00eb 21 shkurt 2024, Myftiu i Shkodr\u00ebs, Imam Muhamed B. Sytari, mori pjes\u00eb n\u00eb pritjen e organizuar nga Ambasada e <a class=\"mh-excerpt-more\" href=\"https:\/\/myftinia-shkoder.org\/?p=13880\" title=\"Myftiu i Shkodr\u00ebs mori pjes\u00eb n\u00eb pritjen e Ambasad\u00ebs s\u00eb Kuvajtit\">[&#8230;]<\/a><\/p>\n<\/div>","protected":false},"author":1,"featured_media":13882,"comment_status":"closed","ping_status":"closed","sticky":false,"template":"","format":"standard","meta":{"footnotes":""},"categories":[16],"tags":[],"class_list":["post-13880","post","type-post","status-publish","format-standard","has-post-thumbnail","hentry","category-bota-islame"],"_links":{"self":[{"href":"https:\/\/myftinia-shkoder.org\/index.php?rest_route=\/wp\/v2\/posts\/13880","targetHints":{"allow":["GET"]}}],"collection":[{"href":"https:\/\/myftinia-shkoder.org\/index.php?rest_route=\/wp\/v2\/posts"}],"about":[{"href":"https:\/\/myftinia-shkoder.org\/index.php?rest_route=\/wp\/v2\/types\/post"}],"author":[{"embeddable":true,"href":"https:\/\/myftinia-shkoder.org\/index.php?rest_route=\/wp\/v2\/users\/1"}],"replies":[{"embeddable":true,"href":"https:\/\/myftinia-shkoder.org\/index.php?rest_route=%2Fwp%2Fv2%2Fcomments&post=13880"}],"version-history":[{"count":1,"href":"https:\/\/myftinia-shkoder.org\/index.php?rest_route=\/wp\/v2\/posts\/13880\/revisions"}],"predecessor-version":[{"id":13885,"href":"https:\/\/myftinia-shkoder.org\/index.php?rest_route=\/wp\/v2\/posts\/13880\/revisions\/13885"}],"wp:featuredmedia":[{"embeddable":true,"href":"https:\/\/myftinia-shkoder.org\/index.php?rest_route=\/wp\/v2\/media\/13882"}],"wp:attachment":[{"href":"https:\/\/myftinia-shkoder.org\/index.php?rest_route=%2Fwp%2Fv2%2Fmedia&parent=13880"}],"wp:term":[{"taxonomy":"category","embeddable":true,"href":"https:\/\/myftinia-shkoder.org\/index.php?rest_route=%2Fwp%2Fv2%2Fcategories&post=13880"},{"taxonomy":"post_tag","embeddable":true,"href":"https:\/\/myftinia-shkoder.org\/index.php?rest_route=%2Fwp%2Fv2%2Ftags&post=13880"}],"curies":[{"name":"wp","href":"https:\/\/api.w.org\/{rel}","templated":true}]}}