{"id":1427,"date":"2016-11-15T21:31:24","date_gmt":"2016-11-15T21:31:24","guid":{"rendered":"http:\/\/myftinia-shkoder.org\/?p=1427"},"modified":"2016-11-15T21:31:24","modified_gmt":"2016-11-15T21:31:24","slug":"myftiu-vizitoi-koordinatorin-e-ri-te-tika-s","status":"publish","type":"post","link":"https:\/\/myftinia-shkoder.org\/?p=1427","title":{"rendered":"Myftiu vizitoi Koordinatorin e ri t\u00eb TIKA-s"},"content":{"rendered":"<p style=\"text-align: justify;\">Paradit\u00ebn e s\u00eb mart\u00ebs, m\u00eb 15 n\u00ebntor 2016, Myftiu i Shkodr\u00ebs, Imam Muhamed B. Sytari, zhvilloi nj\u00eb vizit\u00eb n\u00eb selin\u00eb e TIKA-s, n\u00eb Tiran\u00eb, ku uroi Koordinatorin e saj t\u00eb ri p\u00ebr Shqip\u00ebrin\u00eb, z. Eyup Yavuz Umutlu.<\/p>\n<p style=\"text-align: justify;\">Gjat\u00eb k\u00ebtij takimi t\u00eb p\u00ebrzem\u00ebrt, Myftiu e uroi z. Umutlu p\u00ebr detyr\u00ebn e re dhe shprehu d\u00ebshir\u00ebn e tij q\u00eb TIKA t\u00eb jet\u00eb sa m\u00eb shum\u00eb prezente n\u00eb Shqip\u00ebri me projekte t\u00eb dobishme, q\u00eb lidhin edhe m\u00eb shum\u00eb dhe forcojn\u00eb urat shekullore t\u00eb v\u00ebllaz\u00ebris\u00eb dhe bashk\u00ebpunimit n\u00eb mesin e dy popujve tan\u00eb.<\/p>\n<p>Myftiu theksoi se Turqia \u00ebsht\u00eb sot, \u00ebsht\u00eb arteria kryesore e zhvillimeve t\u00eb ymetit islam, sikurse tha se, bashk\u00ebpunimet n\u00eb mesin e institucioneve fetare dhe jo vet\u00ebm, n\u00eb mesin e dy vendeve, duhet t\u00eb shtohen, n\u00eb rrug\u00ebn e forcimit t\u00eb m\u00ebtejsh\u00ebm t\u00eb tyre, n\u00eb sh\u00ebrbim t\u00eb vlerave t\u00eb p\u00ebrbashk\u00ebta shekullore dhe shpirtit t\u00eb qytet\u00ebrimit islam, t\u00eb nd\u00ebrtuar me shum\u00eb p\u00ebrkushtim e mund nga gjysh\u00ebrit tan\u00eb t\u00eb p\u00ebrbashk\u00ebt.<\/p>\n<p style=\"text-align: justify;\">Nga ana e tij, z. Umutlu fal\u00ebnderoi Myftiun e Shkodr\u00ebs p\u00ebr vizit\u00ebn dhe shprehu k\u00ebnaq\u00ebsin\u00eb e tij p\u00ebr k\u00ebt\u00eb takim t\u00eb p\u00ebrzem\u00ebrt.<\/p>\n","protected":false},"excerpt":{"rendered":"<div class=\"mh-excerpt\"><p>Paradit\u00ebn e s\u00eb mart\u00ebs, m\u00eb 15 n\u00ebntor 2016, Myftiu i Shkodr\u00ebs, Imam Muhamed B. Sytari, zhvilloi nj\u00eb vizit\u00eb n\u00eb selin\u00eb e TIKA-s, n\u00eb Tiran\u00eb, ku uroi Koordinatorin e saj t\u00eb ri p\u00ebr Shqip\u00ebrin\u00eb, z. Eyup <a class=\"mh-excerpt-more\" href=\"https:\/\/myftinia-shkoder.org\/?p=1427\" title=\"Myftiu vizitoi Koordinatorin e ri t\u00eb TIKA-s\">[&#8230;]<\/a><\/p>\n<\/div>","protected":false},"author":1,"featured_media":1428,"comment_status":"closed","ping_status":"closed","sticky":false,"template":"","format":"standard","meta":{"footnotes":""},"categories":[13],"tags":[],"class_list":["post-1427","post","type-post","status-publish","format-standard","has-post-thumbnail","hentry","category-aktualitet"],"_links":{"self":[{"href":"https:\/\/myftinia-shkoder.org\/index.php?rest_route=\/wp\/v2\/posts\/1427","targetHints":{"allow":["GET"]}}],"collection":[{"href":"https:\/\/myftinia-shkoder.org\/index.php?rest_route=\/wp\/v2\/posts"}],"about":[{"href":"https:\/\/myftinia-shkoder.org\/index.php?rest_route=\/wp\/v2\/types\/post"}],"author":[{"embeddable":true,"href":"https:\/\/myftinia-shkoder.org\/index.php?rest_route=\/wp\/v2\/users\/1"}],"replies":[{"embeddable":true,"href":"https:\/\/myftinia-shkoder.org\/index.php?rest_route=%2Fwp%2Fv2%2Fcomments&post=1427"}],"version-history":[{"count":1,"href":"https:\/\/myftinia-shkoder.org\/index.php?rest_route=\/wp\/v2\/posts\/1427\/revisions"}],"predecessor-version":[{"id":1429,"href":"https:\/\/myftinia-shkoder.org\/index.php?rest_route=\/wp\/v2\/posts\/1427\/revisions\/1429"}],"wp:featuredmedia":[{"embeddable":true,"href":"https:\/\/myftinia-shkoder.org\/index.php?rest_route=\/wp\/v2\/media\/1428"}],"wp:attachment":[{"href":"https:\/\/myftinia-shkoder.org\/index.php?rest_route=%2Fwp%2Fv2%2Fmedia&parent=1427"}],"wp:term":[{"taxonomy":"category","embeddable":true,"href":"https:\/\/myftinia-shkoder.org\/index.php?rest_route=%2Fwp%2Fv2%2Fcategories&post=1427"},{"taxonomy":"post_tag","embeddable":true,"href":"https:\/\/myftinia-shkoder.org\/index.php?rest_route=%2Fwp%2Fv2%2Ftags&post=1427"}],"curies":[{"name":"wp","href":"https:\/\/api.w.org\/{rel}","templated":true}]}}