{"id":14536,"date":"2024-04-11T21:13:06","date_gmt":"2024-04-11T21:13:06","guid":{"rendered":"https:\/\/myftinia-shkoder.org\/?p=14536"},"modified":"2024-04-13T16:32:27","modified_gmt":"2024-04-13T16:32:27","slug":"h-lavdrim-hamja-i-ftuar-ne-studio-e-hapur-te-gazetarit-senad-nikshiqi","status":"publish","type":"post","link":"https:\/\/myftinia-shkoder.org\/?p=14536","title":{"rendered":"H. Lavdrim Hamja i ftuar n\u00eb \u201cStudio e Hapur\u201d t\u00eb gazetarit Senad Nikshiqi"},"content":{"rendered":"<p style=\"text-align: justify;\"><strong>H. Lavdrim Hamja <\/strong><strong>i ftuar n\u00eb \u201cStudio e Hapur\u201d t\u00eb gazetarit Senad Nikshiqi<\/strong><\/p>\n<p style=\"text-align: justify;\">Dit\u00ebn e dyt\u00eb t\u00eb Fit\u00ebr Bajramit, m\u00eb 11 prill 2024, H. Lavdrim Hamja, imam i xhamis\u00eb s\u00eb \u201cDy Vajzave\u201d ishte i ftuar n\u00eb emisionin \u201cStudio e Hapur\u201d t\u00eb gazetarit Senad Nikshiqi p\u00ebr t\u00eb folur rreth atmosfer\u00ebs s\u00eb begat\u00eb t\u00eb Fit\u00ebr Bajramit dhe muajit t\u00eb shenjt\u00eb t\u00eb Ramazanit.<\/p>\n<p style=\"text-align: justify;\">P\u00ebrmes nj\u00eb bashk\u00ebbisedimi t\u00eb ngroht\u00eb teologu Hamja iu p\u00ebrgjigj pyetje t\u00eb gazetarit Nikshiqi, rreth p\u00ebrjetimit t\u00eb muajit t\u00eb Ramazanit, aktiviteteve t\u00eb ndryshme t\u00eb zhvilluara nga Myftinia Shkod\u00ebr, sidomos p\u00ebr pjes\u00ebn e ndihmave, q\u00eb shp\u00ebrndahen \u00e7do vit p\u00ebr familjet dhe njer\u00ebzit n\u00eb nevoj\u00eb, ku edhe k\u00ebt\u00eb vit pat nj\u00eb num\u00ebr t\u00eb konsideruesh\u00ebm pakosh ushqimore, rreth 1500 t\u00eb tilla.<\/p>\n<p style=\"text-align: justify;\">Gjithashtu hoxha i nderuar foli edhe p\u00ebr faljen e Fit\u00ebr Bajramit n\u00eb sheshin Fush\u00eb \u00c7el\u00eb, bri xhamis\u00eb \u201cEbu Bek\u00ebr\u201d, q\u00eb ishte nj\u00eb pamje mahnit\u00ebse, me sheshin plot me besimtar\u00eb, t\u00eb cil\u00ebt kishin ardhur p\u00ebr t\u00eb fal\u00eb namazin e Fit\u00ebr Bajramit; si\u00e7 foli edhe p\u00ebr fest\u00ebn tradicionale t\u00eb f\u00ebmij\u00ebve, q\u00eb u zhvilluar paraditen e par\u00eb t\u00eb Fit\u00ebr Bajramit, duke th\u00ebn\u00eb, se g\u00ebzimi i f\u00ebmij\u00ebve n\u00eb k\u00ebt\u00eb dit\u00eb feste, e shton edhe m\u00eb tep\u00ebr haren\u00eb dhe p\u00ebrjetimin e g\u00ebzuesh\u00ebm p\u00ebr k\u00ebt\u00eb dit\u00eb t\u00eb begat\u00eb, t\u00eb shenjt\u00eb dhe t\u00eb madhe p\u00ebr mbar\u00eb musliman\u00ebt.<\/p>\n<p><a href=\"https:\/\/www.facebook.com\/starplusalbania\/videos\/301367056318523\">Kliko k\u00ebtu p\u00ebr t\u00eb ndjekur emisionin e plot\u00eb<\/a><\/p>\n<div id='gallery-1' class='gallery galleryid-14536 gallery-columns-2 gallery-size-thumbnail'><figure class='gallery-item'>\n\t\t\t<div class='gallery-icon landscape'>\n\t\t\t\t<a href='https:\/\/myftinia-shkoder.org\/?attachment_id=14538'><img loading=\"lazy\" decoding=\"async\" width=\"150\" height=\"150\" src=\"https:\/\/myftinia-shkoder.org\/wp-content\/uploads\/2024\/04\/Lavdrim-Hamja-i-ftuar-ne-Studio-e-Hapur-te-gazetarit-Senad-Nikshiqi-150x150.jpeg\" class=\"attachment-thumbnail size-thumbnail\" alt=\"\" aria-describedby=\"gallery-1-14538\" \/><\/a>\n\t\t\t<\/div>\n\t\t\t\t<figcaption class='wp-caption-text gallery-caption' id='gallery-1-14538'>\n\t\t\t\tLavdrim Hamja i ftuar n\u00eb \u201cStudio e Hapur\u201d t\u00eb gazetarit Senad Nikshiqi\n\t\t\t\t<\/figcaption><\/figure><figure class='gallery-item'>\n\t\t\t<div class='gallery-icon landscape'>\n\t\t\t\t<a href='https:\/\/myftinia-shkoder.org\/?attachment_id=14537'><img loading=\"lazy\" decoding=\"async\" width=\"150\" height=\"150\" src=\"https:\/\/myftinia-shkoder.org\/wp-content\/uploads\/2024\/04\/Lavdrim-Hamja-i-ftuar-ne-Studio-e-Hapur-te-gazetarit-Senad-Nikshiqi-2-150x150.jpg\" class=\"attachment-thumbnail size-thumbnail\" alt=\"\" aria-describedby=\"gallery-1-14537\" \/><\/a>\n\t\t\t<\/div>\n\t\t\t\t<figcaption class='wp-caption-text gallery-caption' id='gallery-1-14537'>\n\t\t\t\tLavdrim Hamja i ftuar n\u00eb \u201cStudio e Hapur\u201d t\u00eb gazetarit Senad Nikshiqi\n\t\t\t\t<\/figcaption><\/figure>\n\t\t<\/div>\n\n","protected":false},"excerpt":{"rendered":"<div class=\"mh-excerpt\"><p>H. Lavdrim Hamja i ftuar n\u00eb \u201cStudio e Hapur\u201d t\u00eb gazetarit Senad Nikshiqi Dit\u00ebn e dyt\u00eb t\u00eb Fit\u00ebr Bajramit, m\u00eb 11 prill 2024, H. Lavdrim Hamja, imam i xhamis\u00eb s\u00eb \u201cDy Vajzave\u201d ishte i ftuar <a class=\"mh-excerpt-more\" href=\"https:\/\/myftinia-shkoder.org\/?p=14536\" title=\"H. Lavdrim Hamja i ftuar n\u00eb \u201cStudio e Hapur\u201d t\u00eb gazetarit Senad Nikshiqi\">[&#8230;]<\/a><\/p>\n<\/div>","protected":false},"author":1,"featured_media":14538,"comment_status":"closed","ping_status":"closed","sticky":false,"template":"","format":"standard","meta":{"footnotes":""},"categories":[26],"tags":[],"class_list":["post-14536","post","type-post","status-publish","format-standard","has-post-thumbnail","hentry","category-ramazan-1445-2024"],"_links":{"self":[{"href":"https:\/\/myftinia-shkoder.org\/index.php?rest_route=\/wp\/v2\/posts\/14536","targetHints":{"allow":["GET"]}}],"collection":[{"href":"https:\/\/myftinia-shkoder.org\/index.php?rest_route=\/wp\/v2\/posts"}],"about":[{"href":"https:\/\/myftinia-shkoder.org\/index.php?rest_route=\/wp\/v2\/types\/post"}],"author":[{"embeddable":true,"href":"https:\/\/myftinia-shkoder.org\/index.php?rest_route=\/wp\/v2\/users\/1"}],"replies":[{"embeddable":true,"href":"https:\/\/myftinia-shkoder.org\/index.php?rest_route=%2Fwp%2Fv2%2Fcomments&post=14536"}],"version-history":[{"count":4,"href":"https:\/\/myftinia-shkoder.org\/index.php?rest_route=\/wp\/v2\/posts\/14536\/revisions"}],"predecessor-version":[{"id":14543,"href":"https:\/\/myftinia-shkoder.org\/index.php?rest_route=\/wp\/v2\/posts\/14536\/revisions\/14543"}],"wp:featuredmedia":[{"embeddable":true,"href":"https:\/\/myftinia-shkoder.org\/index.php?rest_route=\/wp\/v2\/media\/14538"}],"wp:attachment":[{"href":"https:\/\/myftinia-shkoder.org\/index.php?rest_route=%2Fwp%2Fv2%2Fmedia&parent=14536"}],"wp:term":[{"taxonomy":"category","embeddable":true,"href":"https:\/\/myftinia-shkoder.org\/index.php?rest_route=%2Fwp%2Fv2%2Fcategories&post=14536"},{"taxonomy":"post_tag","embeddable":true,"href":"https:\/\/myftinia-shkoder.org\/index.php?rest_route=%2Fwp%2Fv2%2Ftags&post=14536"}],"curies":[{"name":"wp","href":"https:\/\/api.w.org\/{rel}","templated":true}]}}