{"id":15404,"date":"2024-08-08T15:58:57","date_gmt":"2024-08-08T15:58:57","guid":{"rendered":"https:\/\/myftinia-shkoder.org\/?p=15404"},"modified":"2024-08-08T15:58:57","modified_gmt":"2024-08-08T15:58:57","slug":"myftiu-priti-nje-grup-studentesh-ne-universitetin-islam-te-medines-se-ndricuar","status":"publish","type":"post","link":"https:\/\/myftinia-shkoder.org\/?p=15404","title":{"rendered":"Myftiu priti nj\u00eb grup student\u00ebsh n\u00eb Universitetin Islam t\u00eb Medines s\u00eb Ndri\u00e7uar"},"content":{"rendered":"<p class=\"x11i5rnm xat24cr x1mh8g0r x1vvkbs xtlvy1s x126k92a\" style=\"text-align: justify;\"><strong>Myftiu priti nj\u00eb grup student\u00ebsh n\u00eb Universitetin Islam t\u00eb Medines s\u00eb Ndri\u00e7uar<\/strong><\/p>\n<p dir=\"auto\" style=\"text-align: justify;\">Paradit\u00ebn e s\u00eb enjtes, m\u00eb 8 gusht 2024, Myftiu i Shkodr\u00ebs, Imam <span class=\"html-span xdj266r x11i5rnm xat24cr x1mh8g0r xexx8yu x4uap5 x18d9i69 xkhd6sd x1hl2dhg x16tdsg8 x1vvkbs\"><a class=\"x1i10hfl xjbqb8w x1ejq31n xd10rxx x1sy0etr x17r0tee x972fbf xcfux6l x1qhh985 xm0m39n x9f619 x1ypdohk xt0psk2 xe8uvvx xdj266r x11i5rnm xat24cr x1mh8g0r xexx8yu x4uap5 x18d9i69 xkhd6sd x16tdsg8 x1hl2dhg xggy1nq x1a2a7pz x1sur9pj xkrqix3 x1fey0fg xo1l8bm\" tabindex=\"0\" role=\"link\" href=\"https:\/\/www.facebook.com\/profile.php?id=100008293066207&amp;__cft__[0]=AZUTO1-hh4h1EpA4jdSCRlG9x3vVDkujxsus-MuvK93bp5Db9h_MTGixLIlhFPpPkYxM2BDXlJthhQEq4VnVWRqWmv8a3ZrvD18-9QR_2uEY9x1M5SgxIrYMqNp1eBAttHkeYDbXXaB6tMts-x_nzSgwoqgsDz1CZt4r1igjDz3dPytRez8Er5Irr3DBDN4WbfM&amp;__tn__=-]K-R\"><span class=\"xt0psk2\">Muhamed B. Sytari<\/span><\/a><\/span>, priti n\u00eb nj\u00eb takim t\u00eb p\u00ebrzem\u00ebrt nj\u00eb grup student\u00ebsh nga Shkodra dhe Mal\u00ebsia e Madhe, q\u00eb vijojn\u00eb studimet islame n\u00eb Universitetin Islam t\u00eb Medines s\u00eb Ndri\u00e7uar, n\u00eb Arabin\u00eb Saudite.<\/p>\n<p dir=\"auto\" style=\"text-align: justify;\">Gjat\u00eb takimit, Myftiu u interesua p\u00ebr gjendjen e student\u00ebve, kushtet dhe arritjet e tyre n\u00eb k\u00ebt\u00eb rrug\u00ebtim t\u00eb begat\u00eb.<\/p>\n<p dir=\"auto\" style=\"text-align: justify;\">Myftiu iu drejtua student\u00ebve tan\u00eb me disa k\u00ebshilla, p\u00ebr shfryt\u00ebzimin e koh\u00ebs, p\u00ebr respektimin e vendit ku vijojn\u00eb shkollimin dhe forcimin e v\u00ebllaz\u00ebris\u00eb e bashk\u00ebpunimit.<\/p>\n<p class=\"x11i5rnm xat24cr x1mh8g0r x1vvkbs xtlvy1s x126k92a\" style=\"text-align: justify;\">Bashk\u00ebbisedimi u p\u00ebrqendrua edhe tek gjurm\u00ebt e hoxhallar\u00ebve tan\u00eb nd\u00ebr shekuj dhe p\u00ebrgjegj\u00ebsia e ruajtjes s\u00eb k\u00ebsaj trash\u00ebgimie, q\u00eb na lidh me t\u00eb D\u00ebrguarin e Allahut dhe amanetin e p\u00ebrhapjes s\u00eb Thirrjes Islame n\u00eb shoq\u00ebri.<\/p>\n<div id='gallery-1' class='gallery galleryid-15404 gallery-columns-3 gallery-size-thumbnail'><figure class='gallery-item'>\n\t\t\t<div class='gallery-icon landscape'>\n\t\t\t\t<a href='https:\/\/myftinia-shkoder.org\/?attachment_id=15407'><img loading=\"lazy\" decoding=\"async\" width=\"150\" height=\"150\" src=\"https:\/\/myftinia-shkoder.org\/wp-content\/uploads\/2024\/08\/Myftiu-priti-nje-grup-studentesh-ne-Universitetin-Islam-te-Medines-se-Ndricuar-3-150x150.jpg\" class=\"attachment-thumbnail size-thumbnail\" alt=\"\" aria-describedby=\"gallery-1-15407\" \/><\/a>\n\t\t\t<\/div>\n\t\t\t\t<figcaption class='wp-caption-text gallery-caption' id='gallery-1-15407'>\n\t\t\t\tMyftiu priti nj\u00eb grup student\u00ebsh n\u00eb Universitetin Islam t\u00eb Medines s\u00eb Ndri\u00e7uar\n\t\t\t\t<\/figcaption><\/figure><figure class='gallery-item'>\n\t\t\t<div class='gallery-icon landscape'>\n\t\t\t\t<a href='https:\/\/myftinia-shkoder.org\/?attachment_id=15406'><img loading=\"lazy\" decoding=\"async\" width=\"150\" height=\"150\" src=\"https:\/\/myftinia-shkoder.org\/wp-content\/uploads\/2024\/08\/Myftiu-priti-nje-grup-studentesh-ne-Universitetin-Islam-te-Medines-se-Ndricuar-2-150x150.jpg\" class=\"attachment-thumbnail size-thumbnail\" alt=\"\" aria-describedby=\"gallery-1-15406\" \/><\/a>\n\t\t\t<\/div>\n\t\t\t\t<figcaption class='wp-caption-text gallery-caption' id='gallery-1-15406'>\n\t\t\t\tMyftiu priti nj\u00eb grup student\u00ebsh n\u00eb Universitetin Islam t\u00eb Medines s\u00eb Ndri\u00e7uar\n\t\t\t\t<\/figcaption><\/figure><figure class='gallery-item'>\n\t\t\t<div class='gallery-icon landscape'>\n\t\t\t\t<a href='https:\/\/myftinia-shkoder.org\/?attachment_id=15405'><img loading=\"lazy\" decoding=\"async\" width=\"150\" height=\"150\" src=\"https:\/\/myftinia-shkoder.org\/wp-content\/uploads\/2024\/08\/Myftiu-priti-nje-grup-studentesh-ne-Universitetin-Islam-te-Medines-se-Ndricuar-1-150x150.jpg\" class=\"attachment-thumbnail size-thumbnail\" alt=\"\" aria-describedby=\"gallery-1-15405\" \/><\/a>\n\t\t\t<\/div>\n\t\t\t\t<figcaption class='wp-caption-text gallery-caption' id='gallery-1-15405'>\n\t\t\t\tMyftiu priti nj\u00eb grup student\u00ebsh n\u00eb Universitetin Islam t\u00eb Medines s\u00eb Ndri\u00e7uar\n\t\t\t\t<\/figcaption><\/figure>\n\t\t<\/div>\n\n","protected":false},"excerpt":{"rendered":"<div class=\"mh-excerpt\"><p>Myftiu priti nj\u00eb grup student\u00ebsh n\u00eb Universitetin Islam t\u00eb Medines s\u00eb Ndri\u00e7uar Paradit\u00ebn e s\u00eb enjtes, m\u00eb 8 gusht 2024, Myftiu i Shkodr\u00ebs, Imam Muhamed B. Sytari, priti n\u00eb nj\u00eb takim t\u00eb p\u00ebrzem\u00ebrt nj\u00eb grup <a class=\"mh-excerpt-more\" href=\"https:\/\/myftinia-shkoder.org\/?p=15404\" title=\"Myftiu priti nj\u00eb grup student\u00ebsh n\u00eb Universitetin Islam t\u00eb Medines s\u00eb Ndri\u00e7uar\">[&#8230;]<\/a><\/p>\n<\/div>","protected":false},"author":1,"featured_media":15406,"comment_status":"closed","ping_status":"closed","sticky":false,"template":"","format":"standard","meta":{"footnotes":""},"categories":[2],"tags":[],"class_list":["post-15404","post","type-post","status-publish","format-standard","has-post-thumbnail","hentry","category-vizitore"],"_links":{"self":[{"href":"https:\/\/myftinia-shkoder.org\/index.php?rest_route=\/wp\/v2\/posts\/15404","targetHints":{"allow":["GET"]}}],"collection":[{"href":"https:\/\/myftinia-shkoder.org\/index.php?rest_route=\/wp\/v2\/posts"}],"about":[{"href":"https:\/\/myftinia-shkoder.org\/index.php?rest_route=\/wp\/v2\/types\/post"}],"author":[{"embeddable":true,"href":"https:\/\/myftinia-shkoder.org\/index.php?rest_route=\/wp\/v2\/users\/1"}],"replies":[{"embeddable":true,"href":"https:\/\/myftinia-shkoder.org\/index.php?rest_route=%2Fwp%2Fv2%2Fcomments&post=15404"}],"version-history":[{"count":1,"href":"https:\/\/myftinia-shkoder.org\/index.php?rest_route=\/wp\/v2\/posts\/15404\/revisions"}],"predecessor-version":[{"id":15408,"href":"https:\/\/myftinia-shkoder.org\/index.php?rest_route=\/wp\/v2\/posts\/15404\/revisions\/15408"}],"wp:featuredmedia":[{"embeddable":true,"href":"https:\/\/myftinia-shkoder.org\/index.php?rest_route=\/wp\/v2\/media\/15406"}],"wp:attachment":[{"href":"https:\/\/myftinia-shkoder.org\/index.php?rest_route=%2Fwp%2Fv2%2Fmedia&parent=15404"}],"wp:term":[{"taxonomy":"category","embeddable":true,"href":"https:\/\/myftinia-shkoder.org\/index.php?rest_route=%2Fwp%2Fv2%2Fcategories&post=15404"},{"taxonomy":"post_tag","embeddable":true,"href":"https:\/\/myftinia-shkoder.org\/index.php?rest_route=%2Fwp%2Fv2%2Ftags&post=15404"}],"curies":[{"name":"wp","href":"https:\/\/api.w.org\/{rel}","templated":true}]}}