{"id":1578,"date":"2016-12-15T13:02:28","date_gmt":"2016-12-15T13:02:28","guid":{"rendered":"http:\/\/myftinia-shkoder.org\/?p=1578"},"modified":"2016-12-15T13:02:28","modified_gmt":"2016-12-15T13:02:28","slug":"imamet-e-shkodres-hytbe-dhe-lutje-per-halebin","status":"publish","type":"post","link":"https:\/\/myftinia-shkoder.org\/?p=1578","title":{"rendered":"Imam\u00ebt e Shkodr\u00ebs, hytbe dhe lutje p\u00ebr Halebin"},"content":{"rendered":"<div id=\"js_w\" class=\"_5pbx userContent\" data-ft=\"{&quot;tn&quot;:&quot;K&quot;}\">\n<div id=\"id_5852934a8b7a09279582546\" class=\"text_exposed_root text_exposed\">\n<p style=\"text-align: justify;\">Paradit\u00ebn e s\u00eb enjtes, m\u00eb 15 dhjetor 2016, Myftiu i Shkodr\u00ebs, Imam Muhamed B. Sytari, zhvilloi nj\u00eb takim pune me nj\u00eb grup imam\u00ebsh t\u00eb qytetit dhe fshatit, me t\u00eb cil\u00ebt diskutoi zhvillimet e fundit n\u00eb mbar\u00eb bot\u00ebn islame dhe domosdoshm\u00ebrin\u00eb e solidarizimit me krejt format legjitime.<\/p>\n<div class=\"text_exposed_show\">\n<p style=\"text-align: justify;\">N\u00eb qend\u00ebr t\u00eb v\u00ebmendjes ishte katastrofa humanitare, vrasjet, krimet barbare ndaj njer\u00ebzimit, p\u00ebrdhunimet, bombardimet dhe shkelja flagrante e t\u00eb drejtave t\u00eb njeriut n\u00eb Haleb t\u00eb Siris\u00eb, por edhe n\u00eb vende t\u00eb tjera t\u00eb bot\u00ebs, ku po luftohet Islami dhe musliman\u00ebt.<\/p>\n<p style=\"text-align: justify;\">Myftiu k\u00ebrkoi nga imam\u00ebt q\u00eb dit\u00ebn e nes\u00ebrme, t\u00eb xhuman\u00eb, m\u00eb 16 dhjetor 2016, n\u00eb t\u00eb gjitha xhamit\u00eb e Shkodr\u00ebs t\u00eb mbahet nj\u00eb Hytbe Zem\u00ebrimi dhe Solidarizimi me Halebin dhe mbar\u00eb Ymmeti Islam.<\/p>\n<p style=\"text-align: justify;\">Myftiu k\u00ebrkoi q\u00eb t\u00eb ftohen besimtar\u00ebt p\u00ebr lutje dhe d\u00ebnim me zem\u00ebr t\u00eb k\u00ebsaj situate lufte t\u00eb re bot\u00ebrore kund\u00ebr vlerave m\u00eb t\u00eb qytet\u00ebruara islame n\u00eb djepin e tyre n\u00eb Siri e Irak.<\/p>\n<p style=\"text-align: justify;\">Nj\u00ebkoh\u00ebsisht, Myftiu k\u00ebrkoi q\u00eb t\u00eb nxitet fryma e harmonis\u00eb dhe bashk\u00ebpunimit n\u00eb mesin e musliman\u00ebve dhe mbrojtja e dinjitetit dhe krenaris\u00eb islame n\u00eb \u00e7do vend e koh\u00eb!<\/p>\n<p style=\"text-align: justify;\">Myftinia Shkod\u00ebr d\u00ebnon publikisht krimet barbare, bombardimet, dhunimin e jet\u00ebs dhe pron\u00ebs n\u00eb Siri, Irak, Palestin\u00eb e kudo tjet\u00ebr, ku derdhet gjak i pafajsh\u00ebm musliman\u00ebsh, n\u00ebn heshtjen nd\u00ebrkomb\u00ebtare dhe bekimet e armiqve t\u00eb Paqes dhe Humanizmit!<\/p>\n<div id='gallery-1' class='gallery galleryid-1578 gallery-columns-3 gallery-size-thumbnail'><figure class='gallery-item'>\n\t\t\t<div class='gallery-icon landscape'>\n\t\t\t\t<a href='https:\/\/myftinia-shkoder.org\/?attachment_id=1581'><img loading=\"lazy\" decoding=\"async\" width=\"150\" height=\"150\" src=\"https:\/\/myftinia-shkoder.org\/wp-content\/uploads\/2016\/12\/imamet3-150x150.jpg\" class=\"attachment-thumbnail size-thumbnail\" alt=\"\" \/><\/a>\n\t\t\t<\/div><\/figure><figure class='gallery-item'>\n\t\t\t<div class='gallery-icon landscape'>\n\t\t\t\t<a href='https:\/\/myftinia-shkoder.org\/?attachment_id=1580'><img loading=\"lazy\" decoding=\"async\" width=\"150\" height=\"150\" src=\"https:\/\/myftinia-shkoder.org\/wp-content\/uploads\/2016\/12\/imamet2-150x150.jpg\" class=\"attachment-thumbnail size-thumbnail\" alt=\"\" \/><\/a>\n\t\t\t<\/div><\/figure><figure class='gallery-item'>\n\t\t\t<div class='gallery-icon landscape'>\n\t\t\t\t<a href='https:\/\/myftinia-shkoder.org\/?attachment_id=1579'><img loading=\"lazy\" decoding=\"async\" width=\"150\" height=\"150\" src=\"https:\/\/myftinia-shkoder.org\/wp-content\/uploads\/2016\/12\/imamet-150x150.jpg\" class=\"attachment-thumbnail size-thumbnail\" alt=\"\" \/><\/a>\n\t\t\t<\/div><\/figure>\n\t\t<\/div>\n\n<\/div>\n<\/div>\n<\/div>\n<div class=\"_3x-2\"><\/div>\n","protected":false},"excerpt":{"rendered":"<div class=\"mh-excerpt\"><p>Paradit\u00ebn e s\u00eb enjtes, m\u00eb 15 dhjetor 2016, Myftiu i Shkodr\u00ebs, Imam Muhamed B. Sytari, zhvilloi nj\u00eb takim pune me nj\u00eb grup imam\u00ebsh t\u00eb qytetit dhe fshatit, me t\u00eb cil\u00ebt diskutoi zhvillimet e fundit n\u00eb <a class=\"mh-excerpt-more\" href=\"https:\/\/myftinia-shkoder.org\/?p=1578\" title=\"Imam\u00ebt e Shkodr\u00ebs, hytbe dhe lutje p\u00ebr Halebin\">[&#8230;]<\/a><\/p>\n<\/div>","protected":false},"author":1,"featured_media":1579,"comment_status":"closed","ping_status":"closed","sticky":false,"template":"","format":"standard","meta":{"footnotes":""},"categories":[13],"tags":[],"class_list":["post-1578","post","type-post","status-publish","format-standard","has-post-thumbnail","hentry","category-aktualitet"],"_links":{"self":[{"href":"https:\/\/myftinia-shkoder.org\/index.php?rest_route=\/wp\/v2\/posts\/1578","targetHints":{"allow":["GET"]}}],"collection":[{"href":"https:\/\/myftinia-shkoder.org\/index.php?rest_route=\/wp\/v2\/posts"}],"about":[{"href":"https:\/\/myftinia-shkoder.org\/index.php?rest_route=\/wp\/v2\/types\/post"}],"author":[{"embeddable":true,"href":"https:\/\/myftinia-shkoder.org\/index.php?rest_route=\/wp\/v2\/users\/1"}],"replies":[{"embeddable":true,"href":"https:\/\/myftinia-shkoder.org\/index.php?rest_route=%2Fwp%2Fv2%2Fcomments&post=1578"}],"version-history":[{"count":1,"href":"https:\/\/myftinia-shkoder.org\/index.php?rest_route=\/wp\/v2\/posts\/1578\/revisions"}],"predecessor-version":[{"id":1582,"href":"https:\/\/myftinia-shkoder.org\/index.php?rest_route=\/wp\/v2\/posts\/1578\/revisions\/1582"}],"wp:featuredmedia":[{"embeddable":true,"href":"https:\/\/myftinia-shkoder.org\/index.php?rest_route=\/wp\/v2\/media\/1579"}],"wp:attachment":[{"href":"https:\/\/myftinia-shkoder.org\/index.php?rest_route=%2Fwp%2Fv2%2Fmedia&parent=1578"}],"wp:term":[{"taxonomy":"category","embeddable":true,"href":"https:\/\/myftinia-shkoder.org\/index.php?rest_route=%2Fwp%2Fv2%2Fcategories&post=1578"},{"taxonomy":"post_tag","embeddable":true,"href":"https:\/\/myftinia-shkoder.org\/index.php?rest_route=%2Fwp%2Fv2%2Ftags&post=1578"}],"curies":[{"name":"wp","href":"https:\/\/api.w.org\/{rel}","templated":true}]}}