{"id":15959,"date":"2024-11-13T19:58:49","date_gmt":"2024-11-13T19:58:49","guid":{"rendered":"https:\/\/myftinia-shkoder.org\/?p=15959"},"modified":"2024-11-13T19:58:49","modified_gmt":"2024-11-13T19:58:49","slug":"myftiu-i-shkodres-udhezim-imameve-ne-perkujtim-te-16-nentorit","status":"publish","type":"post","link":"https:\/\/myftinia-shkoder.org\/?p=15959","title":{"rendered":"Myftiu i Shkodr\u00ebs, udh\u00ebzim imam\u00ebve n\u00eb p\u00ebrkujtim t\u00eb\u00a016\u00a0n\u00ebntorit"},"content":{"rendered":"<p style=\"text-align: justify;\"><strong>Myftiu i Shkodr\u00ebs, udh\u00ebzim imam\u00ebve n\u00eb p\u00ebrkujtim t\u00eb\u00a016\u00a0n\u00ebntorit<\/strong><\/p>\n<p style=\"text-align: justify;\">Dhjet\u00ebra mij\u00ebra besimtar\u00eb dhe qytetar\u00eb shkodran\u00eb, por jo vet\u00ebm, n\u00ebn drejtimin e Hafiz Sabri Ko\u00e7it rihap\u00ebn dyert e xhamis\u00eb s\u00eb Plumbit dhe sheshit p\u00ebrreth, q\u00eb p\u00ebrtej kushteve t\u00eb v\u00ebshtira dhe pengesave t\u00eb panum\u00ebrta arrit\u00ebn q\u00eb bashk\u00ebrisht t\u00eb sh\u00ebnojn\u00eb nj\u00eb nd\u00ebr momentet m\u00eb kulminante t\u00eb historis\u00eb son\u00eb komb\u00ebtare; rikthimin e liris\u00eb s\u00eb besimit dhe d\u00ebshmimin se asgj\u00eb n\u00eb bot\u00eb nuk mund ta mund\u00eb forc\u00ebn e shpirtit dhe lidhjen e njeriut me Zotin e tij.<\/p>\n<p style=\"text-align: justify;\">Ajo dit\u00eb e paharruar ngeli simbol i rip\u00ebrt\u00ebritjes dhe i rim\u00ebk\u00ebmbjes s\u00eb Thirrjes Islame n\u00eb qytetin e Shkodr\u00ebs dhe n\u00eb mbar\u00eb Shqip\u00ebrin\u00eb. U kthye n\u00eb nj\u00eb dat\u00eb simbol q\u00eb prevalon mbi \u00e7do dat\u00eb tjet\u00ebr edhe \u00e7do p\u00ebrpjekje p\u00ebr ta zbehur madh\u00ebshtin\u00eb dhe drit\u00ebsin\u00eb e saj.<\/p>\n<p style=\"text-align: justify;\">N\u00eb k\u00ebt\u00eb kontekst, n\u00eb prag t\u00eb p\u00ebrkujtimit vjetor t\u00eb 34-t t\u00eb k\u00ebsaj ngjarje historike, Myftiu i Shkodr\u00ebs, Imam Muhamed B. Sytari ka shp\u00ebrndar\u00eb udh\u00ebzimin e tij drejtuar imam\u00ebve dhe hatib\u00ebve t\u00eb qytetit t\u00eb Shkodr\u00ebs, q\u00eb hytbeja e xhumas\u00eb s\u00eb dat\u00ebs 15 n\u00ebntor 2024 t\u00eb p\u00ebrqendrohet n\u00eb p\u00ebrkujtimin e k\u00ebsaj date dhe t\u00ebrheqjen e v\u00ebmendjes s\u00eb besimtar\u00ebve rreth madh\u00ebshtis\u00eb s\u00eb saj.<\/p>\n<p style=\"text-align: justify;\">N\u00eb mesazhin e tij drejtuar imam\u00ebve, nd\u00ebr t\u00eb tjera theksoi, se: \u201cNga ajo dit\u00eb bota mbar\u00eb m\u00ebsoi se shqiptar\u00ebt nis\u00ebn nj\u00eb rrug\u00ebtim t\u00eb ri p\u00ebr t\u2019u ndar\u00eb nga komunizmi dhe pasojat e tij, p\u00ebr t\u2019iu rikthyer lirisht besimit dhe praktikimit t\u00eb ritualeve fetare dhe d\u00ebshmimit t\u00eb thirrjes s\u00eb shpirtit n\u00eb p\u00ebrditshm\u00ebrin\u00eb e tyre.<\/p>\n<p style=\"text-align: justify;\">Sot, pas 34 viteve nga ajo dit\u00eb, sfida t\u00eb shumta shfaqen n\u00eb horizontet e bashk\u00ebsis\u00eb ton\u00eb fetare. Q\u00eb do t\u00eb thot\u00eb, se t\u00eb gjith\u00eb ne jemi t\u00eb ftuar t\u00eb b\u00ebjm\u00eb m\u00eb t\u00eb mir\u00ebn p\u00ebr t\u00eb d\u00ebshmuar madh\u00ebshtin\u00eb e fes\u00eb ton\u00eb islame n\u00eb edukimin e brezave me dashnin\u00eb e Zotit, lidhjen pas thirrjeve t\u00eb Pejgamberit (a.s) dhe ruajtjen e trash\u00ebgimis\u00eb s\u00eb t\u00eb par\u00ebve, t\u00eb paprekur, p\u00ebr t\u2019u d\u00ebshmuar si njer\u00ebz nd\u00ebrtues mbi faqen e dheut\u201d.<\/p>\n<p style=\"text-align: justify;\">Gjithashtu, Myftiu k\u00ebrkoi nga imam\u00ebt, q\u00eb n\u00eb hytben e dyt\u00eb t\u00eb k\u00ebsaj xhumaje t\u00eb ket\u00eb nj\u00eb lutje t\u00eb posa\u00e7me p\u00ebr shpirtrat e hoxhallar\u00ebve, imam\u00ebve, hatib\u00ebve, vaiz\u00ebve dhe t\u00eb gjith\u00eb besimtar\u00ebve, q\u00eb u sprovuan n\u00eb periudh\u00ebn e err\u00ebt t\u00eb komunizmit, q\u00eb Allahu t\u2019i m\u00ebshiroj\u00eb, t\u2019i shp\u00ebrblej\u00eb p\u00ebr sakrific\u00ebn e tyre dhe e sotmja dhe e ardhmja e musliman\u00ebve n\u00eb Shkod\u00ebr, n\u00eb Shqip\u00ebri dhe n\u00eb mbar\u00eb bot\u00ebn t\u00eb jet\u00eb e rrethuar me bekimet dhe mb\u00ebshtetjen e Allahut t\u00eb Madh\u00ebruar.<\/p>\n","protected":false},"excerpt":{"rendered":"<div class=\"mh-excerpt\"><p>Myftiu i Shkodr\u00ebs, udh\u00ebzim imam\u00ebve n\u00eb p\u00ebrkujtim t\u00eb\u00a016\u00a0n\u00ebntorit Dhjet\u00ebra mij\u00ebra besimtar\u00eb dhe qytetar\u00eb shkodran\u00eb, por jo vet\u00ebm, n\u00ebn drejtimin e Hafiz Sabri Ko\u00e7it rihap\u00ebn dyert e xhamis\u00eb s\u00eb Plumbit dhe sheshit p\u00ebrreth, q\u00eb p\u00ebrtej kushteve <a class=\"mh-excerpt-more\" href=\"https:\/\/myftinia-shkoder.org\/?p=15959\" title=\"Myftiu i Shkodr\u00ebs, udh\u00ebzim imam\u00ebve n\u00eb p\u00ebrkujtim t\u00eb\u00a016\u00a0n\u00ebntorit\">[&#8230;]<\/a><\/p>\n<\/div>","protected":false},"author":1,"featured_media":15960,"comment_status":"closed","ping_status":"closed","sticky":false,"template":"","format":"standard","meta":{"footnotes":""},"categories":[13],"tags":[],"class_list":["post-15959","post","type-post","status-publish","format-standard","has-post-thumbnail","hentry","category-aktualitet"],"_links":{"self":[{"href":"https:\/\/myftinia-shkoder.org\/index.php?rest_route=\/wp\/v2\/posts\/15959","targetHints":{"allow":["GET"]}}],"collection":[{"href":"https:\/\/myftinia-shkoder.org\/index.php?rest_route=\/wp\/v2\/posts"}],"about":[{"href":"https:\/\/myftinia-shkoder.org\/index.php?rest_route=\/wp\/v2\/types\/post"}],"author":[{"embeddable":true,"href":"https:\/\/myftinia-shkoder.org\/index.php?rest_route=\/wp\/v2\/users\/1"}],"replies":[{"embeddable":true,"href":"https:\/\/myftinia-shkoder.org\/index.php?rest_route=%2Fwp%2Fv2%2Fcomments&post=15959"}],"version-history":[{"count":1,"href":"https:\/\/myftinia-shkoder.org\/index.php?rest_route=\/wp\/v2\/posts\/15959\/revisions"}],"predecessor-version":[{"id":15961,"href":"https:\/\/myftinia-shkoder.org\/index.php?rest_route=\/wp\/v2\/posts\/15959\/revisions\/15961"}],"wp:featuredmedia":[{"embeddable":true,"href":"https:\/\/myftinia-shkoder.org\/index.php?rest_route=\/wp\/v2\/media\/15960"}],"wp:attachment":[{"href":"https:\/\/myftinia-shkoder.org\/index.php?rest_route=%2Fwp%2Fv2%2Fmedia&parent=15959"}],"wp:term":[{"taxonomy":"category","embeddable":true,"href":"https:\/\/myftinia-shkoder.org\/index.php?rest_route=%2Fwp%2Fv2%2Fcategories&post=15959"},{"taxonomy":"post_tag","embeddable":true,"href":"https:\/\/myftinia-shkoder.org\/index.php?rest_route=%2Fwp%2Fv2%2Ftags&post=15959"}],"curies":[{"name":"wp","href":"https:\/\/api.w.org\/{rel}","templated":true}]}}