{"id":16349,"date":"2025-01-13T14:19:42","date_gmt":"2025-01-13T14:19:42","guid":{"rendered":"https:\/\/myftinia-shkoder.org\/?p=16349"},"modified":"2025-01-13T14:19:42","modified_gmt":"2025-01-13T14:19:42","slug":"myftiu-i-shkodres-viziton-rektorin-e-universitetit-te-shkodres","status":"publish","type":"post","link":"https:\/\/myftinia-shkoder.org\/?p=16349","title":{"rendered":"Myftiu i Shkodr\u00ebs viziton Rektorin e Universitetit t\u00eb Shkodr\u00ebs"},"content":{"rendered":"<p style=\"text-align: justify;\"><strong>Myftiu i Shkodr\u00ebs viziton Rektorin e Universitetit t\u00eb Shkodr\u00ebs<\/strong><\/p>\n<p style=\"text-align: justify;\">Paradit\u00ebn e dit\u00ebs s\u00eb h\u00ebn\u00eb, m\u00eb 13 janar 2025, Myftiu i Shkodr\u00ebs, Imam Muhamed B. Sytari zhvilloi nj\u00eb vizit\u00eb zyrtare n\u00eb Universitetin e Shkodr\u00ebs, \u201cLuigj Gurakuqi\u201d, ku u prit nga Rektori, \u00a0Prof. Dr. Tonin Gjuraj.<\/p>\n<p style=\"text-align: justify;\">Myftiu pasi ka uruar Rektorin Gjuraj p\u00ebr detyr\u00ebn e tij, diskutoi p\u00ebr mund\u00ebsin\u00eb e bashk\u00ebpunimit nd\u00ebrmjet institucionit fetar dhe atij akademik.<\/p>\n<p style=\"text-align: justify;\">Ky takim synon t\u00eb forcoj\u00eb lidhjet nd\u00ebrmjet dy institucioneve dhe t\u00eb hap\u00eb rrug\u00eb p\u00ebr projekte dhe aktivitete t\u00eb p\u00ebrbashk\u00ebta shkencore n\u00eb fusha me interes t\u00eb nd\u00ebrsjell\u00eb.<\/p>\n<p style=\"text-align: justify;\">Rektori Gjuraj vler\u00ebsoi rolin e Myftinis\u00eb Shkod\u00ebr n\u00eb promovimin e vlerave shpirt\u00ebrore, humanizmit dhe t\u00eb ruajtjes e kultivimit t\u00eb m\u00ebtejsh\u00ebm t\u00eb harmonis\u00eb sociale e nd\u00ebrfetare n\u00eb Shkod\u00ebr dhe m\u00eb tej. Ai theksoi gjithashtu kontributin e shquar t\u00eb personaliteteve nga komuniteti mysliman n\u00eb fusha t\u00eb ndryshme, si arsimi, arti, kultura dhe shkenca.<\/p>\n<p style=\"text-align: justify;\">Me k\u00ebt\u00eb rast, Myftiu i Shkodr\u00ebs, Imam Muhamed B. Sytari i dhuroi Universitetit enciklopedin\u00eb me libra: \u201cIslami n\u00ebp\u00ebrmjet Haditheve\u201d si dhe botimin gazet\u00ebs \u201cUdha Islame\u201d, viti 2024, organ mediatik i Myftinis\u00eb Shkod\u00ebr.<\/p>\n<div id='gallery-1' class='gallery galleryid-16349 gallery-columns-3 gallery-size-thumbnail'><figure class='gallery-item'>\n\t\t\t<div class='gallery-icon landscape'>\n\t\t\t\t<a href='https:\/\/myftinia-shkoder.org\/?attachment_id=16350'><img loading=\"lazy\" decoding=\"async\" width=\"150\" height=\"150\" src=\"https:\/\/myftinia-shkoder.org\/wp-content\/uploads\/2025\/01\/Myftiu-i-Shkodres-viziton-Rektorin-e-Universitetit-te-Shkodres-1-150x150.jpg\" class=\"attachment-thumbnail size-thumbnail\" alt=\"\" aria-describedby=\"gallery-1-16350\" \/><\/a>\n\t\t\t<\/div>\n\t\t\t\t<figcaption class='wp-caption-text gallery-caption' id='gallery-1-16350'>\n\t\t\t\tMyftiu i Shkodr\u00ebs viziton Rektorin e Universitetit t\u00eb Shkodr\u00ebs\n\t\t\t\t<\/figcaption><\/figure><figure class='gallery-item'>\n\t\t\t<div class='gallery-icon landscape'>\n\t\t\t\t<a href='https:\/\/myftinia-shkoder.org\/?attachment_id=16351'><img loading=\"lazy\" decoding=\"async\" width=\"150\" height=\"150\" src=\"https:\/\/myftinia-shkoder.org\/wp-content\/uploads\/2025\/01\/Myftiu-i-Shkodres-viziton-Rektorin-e-Universitetit-te-Shkodres-2-150x150.jpg\" class=\"attachment-thumbnail size-thumbnail\" alt=\"\" aria-describedby=\"gallery-1-16351\" \/><\/a>\n\t\t\t<\/div>\n\t\t\t\t<figcaption class='wp-caption-text gallery-caption' id='gallery-1-16351'>\n\t\t\t\tMyftiu i Shkodr\u00ebs viziton Rektorin e Universitetit t\u00eb Shkodr\u00ebs\n\t\t\t\t<\/figcaption><\/figure><figure class='gallery-item'>\n\t\t\t<div class='gallery-icon landscape'>\n\t\t\t\t<a href='https:\/\/myftinia-shkoder.org\/?attachment_id=16352'><img loading=\"lazy\" decoding=\"async\" width=\"150\" height=\"150\" src=\"https:\/\/myftinia-shkoder.org\/wp-content\/uploads\/2025\/01\/Myftiu-i-Shkodres-viziton-Rektorin-e-Universitetit-te-Shkodres-3-150x150.jpg\" class=\"attachment-thumbnail size-thumbnail\" alt=\"\" aria-describedby=\"gallery-1-16352\" \/><\/a>\n\t\t\t<\/div>\n\t\t\t\t<figcaption class='wp-caption-text gallery-caption' id='gallery-1-16352'>\n\t\t\t\tMyftiu i Shkodr\u00ebs viziton Rektorin e Universitetit t\u00eb Shkodr\u00ebs\n\t\t\t\t<\/figcaption><\/figure><figure class='gallery-item'>\n\t\t\t<div class='gallery-icon landscape'>\n\t\t\t\t<a href='https:\/\/myftinia-shkoder.org\/?attachment_id=16353'><img loading=\"lazy\" decoding=\"async\" width=\"150\" height=\"150\" src=\"https:\/\/myftinia-shkoder.org\/wp-content\/uploads\/2025\/01\/Myftiu-i-Shkodres-viziton-Rektorin-e-Universitetit-te-Shkodres-4-150x150.jpg\" class=\"attachment-thumbnail size-thumbnail\" alt=\"\" aria-describedby=\"gallery-1-16353\" \/><\/a>\n\t\t\t<\/div>\n\t\t\t\t<figcaption class='wp-caption-text gallery-caption' id='gallery-1-16353'>\n\t\t\t\tMyftiu i Shkodr\u00ebs viziton Rektorin e Universitetit t\u00eb Shkodr\u00ebs\n\t\t\t\t<\/figcaption><\/figure><figure class='gallery-item'>\n\t\t\t<div class='gallery-icon landscape'>\n\t\t\t\t<a href='https:\/\/myftinia-shkoder.org\/?attachment_id=16354'><img loading=\"lazy\" decoding=\"async\" width=\"150\" height=\"150\" src=\"https:\/\/myftinia-shkoder.org\/wp-content\/uploads\/2025\/01\/Myftiu-i-Shkodres-viziton-Rektorin-e-Universitetit-te-Shkodres-5-150x150.jpg\" class=\"attachment-thumbnail size-thumbnail\" alt=\"\" aria-describedby=\"gallery-1-16354\" \/><\/a>\n\t\t\t<\/div>\n\t\t\t\t<figcaption class='wp-caption-text gallery-caption' id='gallery-1-16354'>\n\t\t\t\tMyftiu i Shkodr\u00ebs viziton Rektorin e Universitetit t\u00eb Shkodr\u00ebs\n\t\t\t\t<\/figcaption><\/figure><figure class='gallery-item'>\n\t\t\t<div class='gallery-icon portrait'>\n\t\t\t\t<a href='https:\/\/myftinia-shkoder.org\/?attachment_id=16355'><img loading=\"lazy\" decoding=\"async\" width=\"150\" height=\"150\" src=\"https:\/\/myftinia-shkoder.org\/wp-content\/uploads\/2025\/01\/Myftiu-i-Shkodres-viziton-Rektorin-e-Universitetit-te-Shkodres-6-150x150.jpg\" class=\"attachment-thumbnail size-thumbnail\" alt=\"\" aria-describedby=\"gallery-1-16355\" \/><\/a>\n\t\t\t<\/div>\n\t\t\t\t<figcaption class='wp-caption-text gallery-caption' id='gallery-1-16355'>\n\t\t\t\tMyftiu i Shkodr\u00ebs viziton Rektorin e Universitetit t\u00eb Shkodr\u00ebs\n\t\t\t\t<\/figcaption><\/figure>\n\t\t<\/div>\n\n","protected":false},"excerpt":{"rendered":"<div class=\"mh-excerpt\"><p>Myftiu i Shkodr\u00ebs viziton Rektorin e Universitetit t\u00eb Shkodr\u00ebs Paradit\u00ebn e dit\u00ebs s\u00eb h\u00ebn\u00eb, m\u00eb 13 janar 2025, Myftiu i Shkodr\u00ebs, Imam Muhamed B. Sytari zhvilloi nj\u00eb vizit\u00eb zyrtare n\u00eb Universitetin e Shkodr\u00ebs, \u201cLuigj Gurakuqi\u201d, <a class=\"mh-excerpt-more\" href=\"https:\/\/myftinia-shkoder.org\/?p=16349\" title=\"Myftiu i Shkodr\u00ebs viziton Rektorin e Universitetit t\u00eb Shkodr\u00ebs\">[&#8230;]<\/a><\/p>\n<\/div>","protected":false},"author":1,"featured_media":16350,"comment_status":"closed","ping_status":"closed","sticky":false,"template":"","format":"standard","meta":{"footnotes":""},"categories":[13],"tags":[],"class_list":["post-16349","post","type-post","status-publish","format-standard","has-post-thumbnail","hentry","category-aktualitet"],"_links":{"self":[{"href":"https:\/\/myftinia-shkoder.org\/index.php?rest_route=\/wp\/v2\/posts\/16349","targetHints":{"allow":["GET"]}}],"collection":[{"href":"https:\/\/myftinia-shkoder.org\/index.php?rest_route=\/wp\/v2\/posts"}],"about":[{"href":"https:\/\/myftinia-shkoder.org\/index.php?rest_route=\/wp\/v2\/types\/post"}],"author":[{"embeddable":true,"href":"https:\/\/myftinia-shkoder.org\/index.php?rest_route=\/wp\/v2\/users\/1"}],"replies":[{"embeddable":true,"href":"https:\/\/myftinia-shkoder.org\/index.php?rest_route=%2Fwp%2Fv2%2Fcomments&post=16349"}],"version-history":[{"count":1,"href":"https:\/\/myftinia-shkoder.org\/index.php?rest_route=\/wp\/v2\/posts\/16349\/revisions"}],"predecessor-version":[{"id":16356,"href":"https:\/\/myftinia-shkoder.org\/index.php?rest_route=\/wp\/v2\/posts\/16349\/revisions\/16356"}],"wp:featuredmedia":[{"embeddable":true,"href":"https:\/\/myftinia-shkoder.org\/index.php?rest_route=\/wp\/v2\/media\/16350"}],"wp:attachment":[{"href":"https:\/\/myftinia-shkoder.org\/index.php?rest_route=%2Fwp%2Fv2%2Fmedia&parent=16349"}],"wp:term":[{"taxonomy":"category","embeddable":true,"href":"https:\/\/myftinia-shkoder.org\/index.php?rest_route=%2Fwp%2Fv2%2Fcategories&post=16349"},{"taxonomy":"post_tag","embeddable":true,"href":"https:\/\/myftinia-shkoder.org\/index.php?rest_route=%2Fwp%2Fv2%2Ftags&post=16349"}],"curies":[{"name":"wp","href":"https:\/\/api.w.org\/{rel}","templated":true}]}}