{"id":16481,"date":"2025-01-24T14:01:38","date_gmt":"2025-01-24T14:01:38","guid":{"rendered":"https:\/\/myftinia-shkoder.org\/?p=16481"},"modified":"2025-01-24T20:12:30","modified_gmt":"2025-01-24T20:12:30","slug":"myftiu-i-shkodres-nata-e-israse-dhe-miraxhit-ngjarje-e-madhe-e-triumfit","status":"publish","type":"post","link":"https:\/\/myftinia-shkoder.org\/?p=16481","title":{"rendered":"Myftiu i Shkodr\u00ebs: \u201cNata e Isras\u00eb dhe Miraxhit, ftes\u00eb p\u00ebr t&#8217;u lidhur me mrekullit\u00eb e Zotit n\u00eb jet\u00eb!\u201d"},"content":{"rendered":"<p style=\"text-align: justify;\"><strong>Myftiu i Shkodr\u00ebs: \u201cNata e Isras\u00eb dhe Miraxhit, ftes\u00eb p\u00ebr t&#8217;u lidhur me mrekullit\u00eb e Zotit n\u00eb jet\u00eb!\u201d<\/strong><\/p>\n<p style=\"text-align: justify;\">Dit\u00ebn e xhuma, m\u00eb 24 janar 2025, nga xhamia e Parruc\u00ebs, Myftiu i Shkodr\u00ebs, Imam Muhamed B. Sytari, n\u00eb hytben e k\u00ebsaj xhumaje ka dh\u00ebn\u00eb mesazhe me vler\u00eb p\u00ebr nj\u00eb ngjarje t\u00eb madhe historike islame, at\u00eb t\u00eb Nat\u00ebs s\u00eb Madhe t\u00eb Isras\u00eb dhe Miraxhit.<\/p>\n<p style=\"text-align: justify;\">Gjat\u00eb hytbes s\u00eb k\u00ebsaj xhumaje, Myftiu vuri theksin te r\u00ebnd\u00ebsia e madhe q\u00eb kan\u00eb mrekullit\u00eb n\u00eb jet\u00ebn e Pejgamber\u00ebve n\u00ebp\u00ebrmjet t\u00eb cilave Zoti i gjith\u00ebsis\u00eb i d\u00ebshmon t\u00eb D\u00ebrguarve t\u00eb Tij, besimtar\u00ebve dhe mbar\u00eb njer\u00ebzimit, p\u00ebrkrahjen dhe m\u00ebshir\u00ebn e Tij t\u00eb p\u00ebrhershme ndaj tyre. N\u00eb k\u00ebt\u00eb kontekst, Myftiu theksoi se Nata e Isras\u00eb dhe Miraxhit \u00ebsht\u00eb kurora e mrekullive me t\u00eb cilat u d\u00ebrgua Hz. Muhammedi (a.s).<\/p>\n<p style=\"text-align: justify;\">Nj\u00ebkoh\u00ebsisht ai tha se, thelbi i Nat\u00ebs s\u00eb Isras\u00eb dhe Miraxhit \u00ebsht\u00eb obligimi i faljes s\u00eb pes\u00eb namazeve ditore p\u00ebr \u00e7do besimtar musliman deri n\u00eb dit\u00ebn e fundit. Nga k\u00ebtu, ai theksoi se \u00ebsht\u00eb momenti q\u00eb t\u00eb t\u00ebrheqim v\u00ebmendjen drejt respektimit dhe shfryt\u00ebzimit t\u00eb k\u00ebtij adhurimi t\u00eb mrekulluesh\u00ebm ditor p\u00ebr t\u2019u rritur n\u00eb marr\u00ebdh\u00ebnien ton\u00eb me Allahun e Madh\u00ebruar dhe p\u00ebr ta konsideruar \u00e7do namaz ditor si nj\u00eb mund\u00ebsi miraxhi drejt Zotit t\u00eb gjith\u00ebsis\u00eb p\u00ebr t\u2019u lart\u00ebsuar n\u00eb besimin ton\u00eb, n\u00eb moralin ton\u00eb, n\u00eb mir\u00ebsjelljen ton\u00eb, n\u00eb komunikimin ton\u00eb t\u00eb p\u00ebrditsh\u00ebm me njer\u00ebzit dhe p\u00ebr t\u00eb gjetur qet\u00ebsin\u00eb pas \u00e7do sprove a p\u00ebrballje, q\u00eb kemi n\u00eb jet\u00ebn ton\u00eb t\u00eb p\u00ebrditshme.<\/p>\n<p><a href=\"https:\/\/www.youtube.com\/watch?v=q4s9rJkEIoA\">Kliko k\u00ebtu p\u00ebr t\u00eb ndjekur hytben e plot\u00eb<\/a><\/p>\n<p><iframe loading=\"lazy\" title=\"Mrekullit\u00eb e pejgamber\u00ebve dhe &quot;mrekullia&quot; e jon\u00eb!\" width=\"500\" height=\"281\" src=\"https:\/\/www.youtube.com\/embed\/q4s9rJkEIoA?feature=oembed\" frameborder=\"0\" allow=\"accelerometer; autoplay; clipboard-write; encrypted-media; gyroscope; picture-in-picture; web-share\" referrerpolicy=\"strict-origin-when-cross-origin\" allowfullscreen><\/iframe><\/p>\n<div id='gallery-1' class='gallery galleryid-16481 gallery-columns-4 gallery-size-thumbnail'><figure class='gallery-item'>\n\t\t\t<div class='gallery-icon portrait'>\n\t\t\t\t<a href='https:\/\/myftinia-shkoder.org\/?attachment_id=16487'><img loading=\"lazy\" decoding=\"async\" width=\"150\" height=\"150\" src=\"https:\/\/myftinia-shkoder.org\/wp-content\/uploads\/2025\/01\/Myftiu-i-Shkodres-Nata-e-Israse-dhe-Miraxhit-ftese-per-tu-lidhur-me-mrekullite-e-Zotit-ne-jete-1-150x150.jpg\" class=\"attachment-thumbnail size-thumbnail\" alt=\"\" aria-describedby=\"gallery-1-16487\" \/><\/a>\n\t\t\t<\/div>\n\t\t\t\t<figcaption class='wp-caption-text gallery-caption' id='gallery-1-16487'>\n\t\t\t\tMyftiu i Shkodr\u00ebs \u201cNata e Isras\u00eb dhe Miraxhit, ftes\u00eb p\u00ebr t&#8217;u lidhur me mrekullit\u00eb e Zotit n\u00eb jet\u00eb!\u201d\n\t\t\t\t<\/figcaption><\/figure><figure class='gallery-item'>\n\t\t\t<div class='gallery-icon landscape'>\n\t\t\t\t<a href='https:\/\/myftinia-shkoder.org\/?attachment_id=16490'><img loading=\"lazy\" decoding=\"async\" width=\"150\" height=\"150\" src=\"https:\/\/myftinia-shkoder.org\/wp-content\/uploads\/2025\/01\/Myftiu-i-Shkodres-Nata-e-Israse-dhe-Miraxhit-ftese-per-tu-lidhur-me-mrekullite-e-Zotit-ne-jete-14-150x150.jpg\" class=\"attachment-thumbnail size-thumbnail\" alt=\"\" aria-describedby=\"gallery-1-16490\" \/><\/a>\n\t\t\t<\/div>\n\t\t\t\t<figcaption class='wp-caption-text gallery-caption' id='gallery-1-16490'>\n\t\t\t\tMyftiu i Shkodr\u00ebs \u201cNata e Isras\u00eb dhe Miraxhit, ftes\u00eb p\u00ebr t&#8217;u lidhur me mrekullit\u00eb e Zotit n\u00eb jet\u00eb!\u201d\n\t\t\t\t<\/figcaption><\/figure><figure class='gallery-item'>\n\t\t\t<div class='gallery-icon portrait'>\n\t\t\t\t<a href='https:\/\/myftinia-shkoder.org\/?attachment_id=16482'><img loading=\"lazy\" decoding=\"async\" width=\"150\" height=\"150\" src=\"https:\/\/myftinia-shkoder.org\/wp-content\/uploads\/2025\/01\/Myftiu-i-Shkodres-Nata-e-Israse-dhe-Miraxhit-ngjarje-e-madhe-e-triumfit-1-150x150.jpg\" class=\"attachment-thumbnail size-thumbnail\" alt=\"\" aria-describedby=\"gallery-1-16482\" \/><\/a>\n\t\t\t<\/div>\n\t\t\t\t<figcaption class='wp-caption-text gallery-caption' id='gallery-1-16482'>\n\t\t\t\tMyftiu i Shkodr\u00ebs \u201cNata e Isras\u00eb dhe Miraxhit, ngjarje e madhe e triumfit!\u201d\n\t\t\t\t<\/figcaption><\/figure><figure class='gallery-item'>\n\t\t\t<div class='gallery-icon landscape'>\n\t\t\t\t<a href='https:\/\/myftinia-shkoder.org\/?attachment_id=16483'><img loading=\"lazy\" decoding=\"async\" width=\"150\" height=\"150\" src=\"https:\/\/myftinia-shkoder.org\/wp-content\/uploads\/2025\/01\/Myftiu-i-Shkodres-Nata-e-Israse-dhe-Miraxhit-ngjarje-e-madhe-e-triumfit-2-150x150.jpg\" class=\"attachment-thumbnail size-thumbnail\" alt=\"\" aria-describedby=\"gallery-1-16483\" \/><\/a>\n\t\t\t<\/div>\n\t\t\t\t<figcaption class='wp-caption-text gallery-caption' id='gallery-1-16483'>\n\t\t\t\tMyftiu i Shkodr\u00ebs \u201cNata e Isras\u00eb dhe Miraxhit, ngjarje e madhe e triumfit!\u201d\n\t\t\t\t<\/figcaption><\/figure><figure class='gallery-item'>\n\t\t\t<div class='gallery-icon landscape'>\n\t\t\t\t<a href='https:\/\/myftinia-shkoder.org\/?attachment_id=16488'><img loading=\"lazy\" decoding=\"async\" width=\"150\" height=\"150\" src=\"https:\/\/myftinia-shkoder.org\/wp-content\/uploads\/2025\/01\/Myftiu-i-Shkodres-Nata-e-Israse-dhe-Miraxhit-ftese-per-tu-lidhur-me-mrekullite-e-Zotit-ne-jete-6-150x150.jpg\" class=\"attachment-thumbnail size-thumbnail\" alt=\"\" aria-describedby=\"gallery-1-16488\" \/><\/a>\n\t\t\t<\/div>\n\t\t\t\t<figcaption class='wp-caption-text gallery-caption' id='gallery-1-16488'>\n\t\t\t\tMyftiu i Shkodr\u00ebs \u201cNata e Isras\u00eb dhe Miraxhit, ftes\u00eb p\u00ebr t&#8217;u lidhur me mrekullit\u00eb e Zotit n\u00eb jet\u00eb!\u201d\n\t\t\t\t<\/figcaption><\/figure><figure class='gallery-item'>\n\t\t\t<div class='gallery-icon portrait'>\n\t\t\t\t<a href='https:\/\/myftinia-shkoder.org\/?attachment_id=16484'><img loading=\"lazy\" decoding=\"async\" width=\"150\" height=\"150\" src=\"https:\/\/myftinia-shkoder.org\/wp-content\/uploads\/2025\/01\/Myftiu-i-Shkodres-Nata-e-Israse-dhe-Miraxhit-ngjarje-e-madhe-e-triumfit-4-150x150.jpg\" class=\"attachment-thumbnail size-thumbnail\" alt=\"\" aria-describedby=\"gallery-1-16484\" \/><\/a>\n\t\t\t<\/div>\n\t\t\t\t<figcaption class='wp-caption-text gallery-caption' id='gallery-1-16484'>\n\t\t\t\tMyftiu i Shkodr\u00ebs \u201cNata e Isras\u00eb dhe Miraxhit, ngjarje e madhe e triumfit!\u201d\n\t\t\t\t<\/figcaption><\/figure><figure class='gallery-item'>\n\t\t\t<div class='gallery-icon landscape'>\n\t\t\t\t<a href='https:\/\/myftinia-shkoder.org\/?attachment_id=16489'><img loading=\"lazy\" decoding=\"async\" width=\"150\" height=\"150\" src=\"https:\/\/myftinia-shkoder.org\/wp-content\/uploads\/2025\/01\/Myftiu-i-Shkodres-Nata-e-Israse-dhe-Miraxhit-ftese-per-tu-lidhur-me-mrekullite-e-Zotit-ne-jete-11-150x150.jpg\" class=\"attachment-thumbnail size-thumbnail\" alt=\"\" aria-describedby=\"gallery-1-16489\" \/><\/a>\n\t\t\t<\/div>\n\t\t\t\t<figcaption class='wp-caption-text gallery-caption' id='gallery-1-16489'>\n\t\t\t\tMyftiu i Shkodr\u00ebs \u201cNata e Isras\u00eb dhe Miraxhit, ftes\u00eb p\u00ebr t&#8217;u lidhur me mrekullit\u00eb e Zotit n\u00eb jet\u00eb!\u201d\n\t\t\t\t<\/figcaption><\/figure>\n\t\t<\/div>\n\n","protected":false},"excerpt":{"rendered":"<div class=\"mh-excerpt\"><p>Myftiu i Shkodr\u00ebs: \u201cNata e Isras\u00eb dhe Miraxhit, ftes\u00eb p\u00ebr t&#8217;u lidhur me mrekullit\u00eb e Zotit n\u00eb jet\u00eb!\u201d Dit\u00ebn e xhuma, m\u00eb 24 janar 2025, nga xhamia e Parruc\u00ebs, Myftiu i Shkodr\u00ebs, Imam Muhamed B. <a class=\"mh-excerpt-more\" href=\"https:\/\/myftinia-shkoder.org\/?p=16481\" title=\"Myftiu i Shkodr\u00ebs: \u201cNata e Isras\u00eb dhe Miraxhit, ftes\u00eb p\u00ebr t&#8217;u lidhur me mrekullit\u00eb e Zotit n\u00eb jet\u00eb!\u201d\">[&#8230;]<\/a><\/p>\n<\/div>","protected":false},"author":1,"featured_media":16488,"comment_status":"closed","ping_status":"closed","sticky":false,"template":"","format":"standard","meta":{"footnotes":""},"categories":[5],"tags":[],"class_list":["post-16481","post","type-post","status-publish","format-standard","has-post-thumbnail","hentry","category-hytbe"],"_links":{"self":[{"href":"https:\/\/myftinia-shkoder.org\/index.php?rest_route=\/wp\/v2\/posts\/16481","targetHints":{"allow":["GET"]}}],"collection":[{"href":"https:\/\/myftinia-shkoder.org\/index.php?rest_route=\/wp\/v2\/posts"}],"about":[{"href":"https:\/\/myftinia-shkoder.org\/index.php?rest_route=\/wp\/v2\/types\/post"}],"author":[{"embeddable":true,"href":"https:\/\/myftinia-shkoder.org\/index.php?rest_route=\/wp\/v2\/users\/1"}],"replies":[{"embeddable":true,"href":"https:\/\/myftinia-shkoder.org\/index.php?rest_route=%2Fwp%2Fv2%2Fcomments&post=16481"}],"version-history":[{"count":5,"href":"https:\/\/myftinia-shkoder.org\/index.php?rest_route=\/wp\/v2\/posts\/16481\/revisions"}],"predecessor-version":[{"id":16493,"href":"https:\/\/myftinia-shkoder.org\/index.php?rest_route=\/wp\/v2\/posts\/16481\/revisions\/16493"}],"wp:featuredmedia":[{"embeddable":true,"href":"https:\/\/myftinia-shkoder.org\/index.php?rest_route=\/wp\/v2\/media\/16488"}],"wp:attachment":[{"href":"https:\/\/myftinia-shkoder.org\/index.php?rest_route=%2Fwp%2Fv2%2Fmedia&parent=16481"}],"wp:term":[{"taxonomy":"category","embeddable":true,"href":"https:\/\/myftinia-shkoder.org\/index.php?rest_route=%2Fwp%2Fv2%2Fcategories&post=16481"},{"taxonomy":"post_tag","embeddable":true,"href":"https:\/\/myftinia-shkoder.org\/index.php?rest_route=%2Fwp%2Fv2%2Ftags&post=16481"}],"curies":[{"name":"wp","href":"https:\/\/api.w.org\/{rel}","templated":true}]}}