{"id":16539,"date":"2025-01-27T09:52:36","date_gmt":"2025-01-27T09:52:36","guid":{"rendered":"https:\/\/myftinia-shkoder.org\/?p=16539"},"modified":"2025-01-27T09:52:36","modified_gmt":"2025-01-27T09:52:36","slug":"ligjerate-fetare-per-motrat-ne-xhamine-e-fshatit-barbullush","status":"publish","type":"post","link":"https:\/\/myftinia-shkoder.org\/?p=16539","title":{"rendered":"Ligj\u00ebrat\u00eb fetare p\u00ebr motrat n\u00eb xhamin\u00eb e fshatit Barbullush"},"content":{"rendered":"<p style=\"text-align: justify;\"><strong>Ligj\u00ebrat\u00eb fetare p\u00ebr motrat n\u00eb xhamin\u00eb e fshatit Barbullush<\/strong><\/p>\n<p style=\"text-align: justify;\">Paraditen e s\u00eb diel\u00ebs, m\u00eb 26 janar 2025, n\u00eb atmosfer\u00ebn e begat\u00eb t\u00eb p\u00ebrkujtimit t\u00eb mrekullive t\u00eb Nat\u00ebs s\u00eb Isras\u00eb dhe Miraxhit, Myftinia Shkod\u00ebr organizoi nj\u00eb tribun\u00eb fetare p\u00ebr motrat besimtare n\u00eb xhamin\u00eb e fshatit Barbullush.<\/p>\n<p style=\"text-align: justify;\">Ligj\u00ebruese n\u00eb k\u00ebt\u00eb aktivitet ishte vaizja Ferzet Ndoja, e cila u p\u00ebrqendrua te mesazhet e shumta q\u00eb ka Nata e Isras\u00eb dhe Miraxhit.<\/p>\n<p style=\"text-align: justify;\">N\u00eb krye t\u00eb her\u00eb ajo theksoi se, n\u00eb kalendarin islam ka data t\u00eb shumta, t\u00eb cilat na t\u00ebrheqin drejt besimit dhe forcimit t\u00eb marr\u00ebdh\u00ebnies me Zotin e gjith\u00ebsis\u00eb.<\/p>\n<p style=\"text-align: justify;\">Ajo u ndal te disa detaje t\u00eb ngjarjes s\u00eb mrekullueshme t\u00eb Isras\u00eb dhe Miraxhit duke i lidhur ato me r\u00ebnd\u00ebsin\u00eb, q\u00eb ka angazhimi i gruas muslimane n\u00eb jet\u00ebn e p\u00ebrditshme p\u00ebr t\u2019u p\u00ebrballur me kurajo dhe besim me v\u00ebshtir\u00ebsit\u00eb dhe sprovat e shumta me t\u00eb cilat p\u00ebrballet n\u00eb jet\u00ebn e p\u00ebrditshme. Ajo vuri theksin te r\u00ebnd\u00ebsia q\u00eb ka p\u00ebrkujdesja p\u00ebr familjen dhe angazhimi me edukimin e f\u00ebmij\u00ebve p\u00ebr t\u2019u rritur me besim t\u00eb past\u00ebr me moral t\u00eb lart\u00eb dhe angazhim t\u00eb vazhduesh\u00ebm p\u00ebr lart\u00ebsim n\u00eb gradat e dijes dhe zhvillimit.<\/p>\n<p style=\"text-align: justify;\">Aktiviteti iu g\u00ebrshetua edhe me pyetje-p\u00ebrgjigje, bashk\u00ebbisedime t\u00eb ndryshme, si dhe u shfaq d\u00ebshira e vazhdimit t\u00eb k\u00ebtyre ligj\u00ebratave n\u00eb m\u00ebnyr\u00eb sistematike, ashtu q\u00eb tema t\u00eb ndryshme q\u00eb i interesojn\u00eb komunitetit dhe motrave n\u00eb ve\u00e7anti, t\u00eb trajtohen her\u00eb pas her\u00eb n\u00eb xhamin\u00eb e fshatit Barbullush.<\/p>\n<div id='gallery-1' class='gallery galleryid-16539 gallery-columns-5 gallery-size-thumbnail'><figure class='gallery-item'>\n\t\t\t<div class='gallery-icon landscape'>\n\t\t\t\t<a href='https:\/\/myftinia-shkoder.org\/?attachment_id=16544'><img loading=\"lazy\" decoding=\"async\" width=\"150\" height=\"150\" src=\"https:\/\/myftinia-shkoder.org\/wp-content\/uploads\/2025\/01\/Ligjerate-fetare-per-motrat-ne-xhamine-e-fshatit-Barbullush-5-150x150.jpg\" class=\"attachment-thumbnail size-thumbnail\" alt=\"\" aria-describedby=\"gallery-1-16544\" \/><\/a>\n\t\t\t<\/div>\n\t\t\t\t<figcaption class='wp-caption-text gallery-caption' id='gallery-1-16544'>\n\t\t\t\tLigj\u00ebrat\u00eb fetare p\u00ebr motrat n\u00eb xhamin\u00eb e fshatit Barbullush\n\t\t\t\t<\/figcaption><\/figure><figure class='gallery-item'>\n\t\t\t<div class='gallery-icon portrait'>\n\t\t\t\t<a href='https:\/\/myftinia-shkoder.org\/?attachment_id=16541'><img loading=\"lazy\" decoding=\"async\" width=\"150\" height=\"150\" src=\"https:\/\/myftinia-shkoder.org\/wp-content\/uploads\/2025\/01\/Ligjerate-fetare-per-motrat-ne-xhamine-e-fshatit-Barbullush-2-150x150.jpg\" class=\"attachment-thumbnail size-thumbnail\" alt=\"\" aria-describedby=\"gallery-1-16541\" \/><\/a>\n\t\t\t<\/div>\n\t\t\t\t<figcaption class='wp-caption-text gallery-caption' id='gallery-1-16541'>\n\t\t\t\tLigj\u00ebrat\u00eb fetare p\u00ebr motrat n\u00eb xhamin\u00eb e fshatit Barbullush\n\t\t\t\t<\/figcaption><\/figure><figure class='gallery-item'>\n\t\t\t<div class='gallery-icon portrait'>\n\t\t\t\t<a href='https:\/\/myftinia-shkoder.org\/?attachment_id=16540'><img loading=\"lazy\" decoding=\"async\" width=\"150\" height=\"150\" src=\"https:\/\/myftinia-shkoder.org\/wp-content\/uploads\/2025\/01\/Ligjerate-fetare-per-motrat-ne-xhamine-e-fshatit-Barbullush-1-150x150.jpg\" class=\"attachment-thumbnail size-thumbnail\" alt=\"\" aria-describedby=\"gallery-1-16540\" \/><\/a>\n\t\t\t<\/div>\n\t\t\t\t<figcaption class='wp-caption-text gallery-caption' id='gallery-1-16540'>\n\t\t\t\tLigj\u00ebrat\u00eb fetare p\u00ebr motrat n\u00eb xhamin\u00eb e fshatit Barbullush\n\t\t\t\t<\/figcaption><\/figure><figure class='gallery-item'>\n\t\t\t<div class='gallery-icon landscape'>\n\t\t\t\t<a href='https:\/\/myftinia-shkoder.org\/?attachment_id=16542'><img loading=\"lazy\" decoding=\"async\" width=\"150\" height=\"150\" src=\"https:\/\/myftinia-shkoder.org\/wp-content\/uploads\/2025\/01\/Ligjerate-fetare-per-motrat-ne-xhamine-e-fshatit-Barbullush-3-150x150.jpg\" class=\"attachment-thumbnail size-thumbnail\" alt=\"\" aria-describedby=\"gallery-1-16542\" \/><\/a>\n\t\t\t<\/div>\n\t\t\t\t<figcaption class='wp-caption-text gallery-caption' id='gallery-1-16542'>\n\t\t\t\tLigj\u00ebrat\u00eb fetare p\u00ebr motrat n\u00eb xhamin\u00eb e fshatit Barbullush\n\t\t\t\t<\/figcaption><\/figure><figure class='gallery-item'>\n\t\t\t<div class='gallery-icon landscape'>\n\t\t\t\t<a href='https:\/\/myftinia-shkoder.org\/?attachment_id=16543'><img loading=\"lazy\" decoding=\"async\" width=\"150\" height=\"150\" src=\"https:\/\/myftinia-shkoder.org\/wp-content\/uploads\/2025\/01\/Ligjerate-fetare-per-motrat-ne-xhamine-e-fshatit-Barbullush-4-150x150.jpg\" class=\"attachment-thumbnail size-thumbnail\" alt=\"\" aria-describedby=\"gallery-1-16543\" \/><\/a>\n\t\t\t<\/div>\n\t\t\t\t<figcaption class='wp-caption-text gallery-caption' id='gallery-1-16543'>\n\t\t\t\tLigj\u00ebrat\u00eb fetare p\u00ebr motrat n\u00eb xhamin\u00eb e fshatit Barbullush\n\t\t\t\t<\/figcaption><\/figure>\n\t\t<\/div>\n\n","protected":false},"excerpt":{"rendered":"<div class=\"mh-excerpt\"><p>Ligj\u00ebrat\u00eb fetare p\u00ebr motrat n\u00eb xhamin\u00eb e fshatit Barbullush Paraditen e s\u00eb diel\u00ebs, m\u00eb 26 janar 2025, n\u00eb atmosfer\u00ebn e begat\u00eb t\u00eb p\u00ebrkujtimit t\u00eb mrekullive t\u00eb Nat\u00ebs s\u00eb Isras\u00eb dhe Miraxhit, Myftinia Shkod\u00ebr organizoi nj\u00eb <a class=\"mh-excerpt-more\" href=\"https:\/\/myftinia-shkoder.org\/?p=16539\" title=\"Ligj\u00ebrat\u00eb fetare p\u00ebr motrat n\u00eb xhamin\u00eb e fshatit Barbullush\">[&#8230;]<\/a><\/p>\n<\/div>","protected":false},"author":1,"featured_media":16544,"comment_status":"closed","ping_status":"closed","sticky":false,"template":"","format":"standard","meta":{"footnotes":""},"categories":[1],"tags":[],"class_list":["post-16539","post","type-post","status-publish","format-standard","has-post-thumbnail","hentry","category-aktivitete"],"_links":{"self":[{"href":"https:\/\/myftinia-shkoder.org\/index.php?rest_route=\/wp\/v2\/posts\/16539","targetHints":{"allow":["GET"]}}],"collection":[{"href":"https:\/\/myftinia-shkoder.org\/index.php?rest_route=\/wp\/v2\/posts"}],"about":[{"href":"https:\/\/myftinia-shkoder.org\/index.php?rest_route=\/wp\/v2\/types\/post"}],"author":[{"embeddable":true,"href":"https:\/\/myftinia-shkoder.org\/index.php?rest_route=\/wp\/v2\/users\/1"}],"replies":[{"embeddable":true,"href":"https:\/\/myftinia-shkoder.org\/index.php?rest_route=%2Fwp%2Fv2%2Fcomments&post=16539"}],"version-history":[{"count":1,"href":"https:\/\/myftinia-shkoder.org\/index.php?rest_route=\/wp\/v2\/posts\/16539\/revisions"}],"predecessor-version":[{"id":16545,"href":"https:\/\/myftinia-shkoder.org\/index.php?rest_route=\/wp\/v2\/posts\/16539\/revisions\/16545"}],"wp:featuredmedia":[{"embeddable":true,"href":"https:\/\/myftinia-shkoder.org\/index.php?rest_route=\/wp\/v2\/media\/16544"}],"wp:attachment":[{"href":"https:\/\/myftinia-shkoder.org\/index.php?rest_route=%2Fwp%2Fv2%2Fmedia&parent=16539"}],"wp:term":[{"taxonomy":"category","embeddable":true,"href":"https:\/\/myftinia-shkoder.org\/index.php?rest_route=%2Fwp%2Fv2%2Fcategories&post=16539"},{"taxonomy":"post_tag","embeddable":true,"href":"https:\/\/myftinia-shkoder.org\/index.php?rest_route=%2Fwp%2Fv2%2Ftags&post=16539"}],"curies":[{"name":"wp","href":"https:\/\/api.w.org\/{rel}","templated":true}]}}