{"id":16602,"date":"2025-02-05T19:26:45","date_gmt":"2025-02-05T19:26:45","guid":{"rendered":"https:\/\/myftinia-shkoder.org\/?p=16602"},"modified":"2025-02-05T20:05:10","modified_gmt":"2025-02-05T20:05:10","slug":"u-zhvillua-ceremonia-e-gurethemelit-per-qendren-kulturore-ne-mjede","status":"publish","type":"post","link":"https:\/\/myftinia-shkoder.org\/?p=16602","title":{"rendered":"U zhvillua ceremonia e gurthemelit p\u00ebr Qendr\u00ebn Kulturore n\u00eb Mjed\u00eb"},"content":{"rendered":"<p style=\"text-align: justify;\"><strong>U zhvillua ceremonia e gurthemelit p\u00ebr Qendr\u00ebn Kulturore n\u00eb Mjed\u00eb<\/strong><\/p>\n<p style=\"text-align: justify;\">\u00a0Paradit\u00ebn, e s\u00eb m\u00ebrkur\u00ebs, m\u00eb 5 shkurt 2025, n\u00eb fshatin Mjed\u00eb, u zhvillua ceremonia e hedhjes s\u00eb gurit t\u00eb themelit p\u00ebr nd\u00ebrtimin e Qendr\u00ebs Kulturore n\u00eb Mjed\u00eb, nj\u00eb projekt i r\u00ebnd\u00ebsish\u00ebm q\u00eb p\u00ebrve\u00e7 xhamis\u00eb synon t\u00eb krijoj\u00eb nj\u00eb mjedis t\u00eb dedikuar p\u00ebr veprimtari kulturore islame dhe shoq\u00ebrore n\u00eb k\u00ebt\u00eb zon\u00eb.<\/p>\n<p style=\"text-align: justify;\">\u00a0N\u00eb k\u00ebt\u00eb ceremoni ishte i pranish\u00ebm edhe Myftiu i Shkodr\u00ebs, Imam Muhamed B. Sytari, Kryetari i Bashkis\u00eb Vau Dej\u00ebs, z. Kristian Shkreli, drejtues dhe donator\u00eb t\u00eb Shoqat\u00ebs Bot\u00ebrore \u201cRahmeh\u201d nga Kuvajti, si dhe drejtori i Fondacionit \u201cMir\u00ebsia\u201d, z. Korab Kaja, t\u00eb cil\u00ebt p\u00ebrsh\u00ebndet\u00ebn k\u00ebt\u00eb ceremoni simbolike me r\u00ebnd\u00ebsi p\u00ebr komunitetin.<\/p>\n<p style=\"text-align: justify;\">\u00a0Gjat\u00eb fjal\u00ebs s\u00eb tij, Myftiu i Shkodr\u00ebs theksoi r\u00ebnd\u00ebsin\u00eb e nd\u00ebrtimit t\u00eb k\u00ebsaj qendre kulturore, e cila do t\u00eb sh\u00ebrbej\u00eb si vat\u00ebr e dijes dhe frym\u00ebzim p\u00ebr edukimin e\u00a0 brezave t\u00eb rinj me q\u00ebllim ruajtjen e trash\u00ebgimis\u00eb fetare dhe komb\u00ebtare n\u00eb k\u00ebt\u00eb zon\u00eb me tradita dhe taban shekullor islam.<\/p>\n<p style=\"text-align: justify;\">Myftiu Sytari fal\u00ebnderoi donator\u00ebt dhe bamir\u00ebsit nga Shteti i Kuvajtit p\u00ebr mb\u00ebshtetjen e tyre bujare n\u00eb shum\u00eb fusha, si n\u00eb nd\u00ebrtimin e xhamive, qendrave kulturore dhe mb\u00ebshtetjen p\u00ebr projekte t\u00eb ndryshme sociale, kulturore, bamir\u00ebse, etj.<\/p>\n<p style=\"text-align: justify;\">K\u00ebshilltari i P\u00ebrgjithsh\u00ebm i Shoqat\u00ebs Bot\u00ebrore \u201cRahmeh\u201d, z. Halid El-Mul-la n\u00eb em\u00ebr t\u00eb donatorit bamir\u00ebs nga Kuvajti, shprehu k\u00ebnaq\u00ebsin\u00eb e tij p\u00ebr pranin\u00eb n\u00eb mesin e besimtar\u00ebve n\u00eb Mjed\u00eb, si dhe k\u00ebnaq\u00ebsin\u00eb e madhe p\u00ebr pjes\u00ebmarrjen e tij n\u00eb k\u00ebt\u00eb ceremoni simbolike, q\u00eb sh\u00ebnon edhe fillimin e nj\u00eb pune t\u00eb shum\u00ebpritur, rezultatet e s\u00eb cil\u00ebs do t\u00eb na g\u00ebzojn\u00eb t\u00eb gjith\u00ebve pa mas\u00eb.<\/p>\n<p style=\"text-align: justify;\">\u00a0K\u00ebt\u00eb ceremoni e p\u00ebrsh\u00ebndeti edhe Kryetari i Bashkis\u00eb Vau Dej\u00ebs, z. Kristian Shkreli. N\u00eb fjal\u00ebn e tij ai vler\u00ebsoi fillimin e punimeve p\u00ebr k\u00ebt\u00eb qend\u00ebr t\u00eb re kulturore n\u00eb fshatin Mjed\u00eb dhe vler\u00ebsoi realizimin e projekteve sociale dhe kulturore, q\u00eb nxisin kultivimin e harmonis\u00eb dhe paqes sociale n\u00eb k\u00ebt\u00eb zon\u00eb.<\/p>\n<p style=\"text-align: justify;\">\u00a0Nj\u00eb fjal\u00eb p\u00ebrsh\u00ebndet\u00ebse mbajti edhe drejtori i Fondacionit \u201cMir\u00ebsia\u201d, z. Korab Kaja, i cili n\u00eb mes t\u00eb tjerave fal\u00ebnderoi Myftinin\u00eb Shkod\u00ebr, kryesisht Myftiun p\u00ebr bashk\u00ebpunimet e dobishme nd\u00ebr vite, p\u00ebr realizimin e shum\u00eb projekteve me vler\u00eb p\u00ebr qytetin, p\u00ebr komunitetin mbar\u00eb dhe njer\u00ebzit n\u00eb p\u00ebrgjith\u00ebsi.<\/p>\n<p style=\"text-align: justify;\">\u00a0Qendra Kulturore e Mjed\u00ebs pritet t\u00eb sh\u00ebrbej\u00eb p\u00ebr kurse fetare dhe kulturore, si nj\u00eb pik\u00eb takimi p\u00ebr f\u00ebmij\u00ebt, t\u00eb rinjt\u00eb dhe komunitetin, duke ofruar aktivitete t\u00eb larmishme edukuese, kulturore dhe sociale.<\/p>\n<p style=\"text-align: justify;\">\u00a0Nd\u00ebrtimi i saj pritet t\u00eb p\u00ebrfundoj\u00eb brenda nj\u00eb viti, duke sjell\u00eb nj\u00eb kontribut t\u00eb r\u00ebnd\u00ebsish\u00ebm n\u00eb jet\u00ebn shpirt\u00ebrore dhe shoq\u00ebrore t\u00eb zon\u00ebs Mjed\u00eb.<\/p>\n<div id='gallery-1' class='gallery galleryid-16602 gallery-columns-6 gallery-size-thumbnail'><figure class='gallery-item'>\n\t\t\t<div class='gallery-icon landscape'>\n\t\t\t\t<a href='https:\/\/myftinia-shkoder.org\/?attachment_id=16636'><img loading=\"lazy\" decoding=\"async\" width=\"150\" height=\"150\" src=\"https:\/\/myftinia-shkoder.org\/wp-content\/uploads\/2025\/02\/U-zhvillua-ceremonia-e-gurethemelit-per-Qendren-Kulturore-ne-Mjede-34-150x150.jpg\" class=\"attachment-thumbnail size-thumbnail\" alt=\"\" aria-describedby=\"gallery-1-16636\" \/><\/a>\n\t\t\t<\/div>\n\t\t\t\t<figcaption class='wp-caption-text gallery-caption' id='gallery-1-16636'>\n\t\t\t\tU zhvillua ceremonia e gur\u00ebthemelit p\u00ebr Qendr\u00ebn Kulturore n\u00eb Mjed\u00eb\n\t\t\t\t<\/figcaption><\/figure><figure class='gallery-item'>\n\t\t\t<div class='gallery-icon landscape'>\n\t\t\t\t<a href='https:\/\/myftinia-shkoder.org\/?attachment_id=16635'><img loading=\"lazy\" decoding=\"async\" width=\"150\" height=\"150\" src=\"https:\/\/myftinia-shkoder.org\/wp-content\/uploads\/2025\/02\/U-zhvillua-ceremonia-e-gurethemelit-per-Qendren-Kulturore-ne-Mjede-33-150x150.jpg\" class=\"attachment-thumbnail size-thumbnail\" alt=\"\" aria-describedby=\"gallery-1-16635\" \/><\/a>\n\t\t\t<\/div>\n\t\t\t\t<figcaption class='wp-caption-text gallery-caption' id='gallery-1-16635'>\n\t\t\t\tU zhvillua ceremonia e gur\u00ebthemelit p\u00ebr Qendr\u00ebn Kulturore n\u00eb Mjed\u00eb\n\t\t\t\t<\/figcaption><\/figure><figure class='gallery-item'>\n\t\t\t<div class='gallery-icon landscape'>\n\t\t\t\t<a href='https:\/\/myftinia-shkoder.org\/?attachment_id=16634'><img loading=\"lazy\" decoding=\"async\" width=\"150\" height=\"150\" src=\"https:\/\/myftinia-shkoder.org\/wp-content\/uploads\/2025\/02\/U-zhvillua-ceremonia-e-gurethemelit-per-Qendren-Kulturore-ne-Mjede-32-150x150.jpg\" class=\"attachment-thumbnail size-thumbnail\" alt=\"\" aria-describedby=\"gallery-1-16634\" \/><\/a>\n\t\t\t<\/div>\n\t\t\t\t<figcaption class='wp-caption-text gallery-caption' id='gallery-1-16634'>\n\t\t\t\tU zhvillua ceremonia e gur\u00ebthemelit p\u00ebr Qendr\u00ebn Kulturore n\u00eb Mjed\u00eb\n\t\t\t\t<\/figcaption><\/figure><figure class='gallery-item'>\n\t\t\t<div class='gallery-icon landscape'>\n\t\t\t\t<a href='https:\/\/myftinia-shkoder.org\/?attachment_id=16633'><img loading=\"lazy\" decoding=\"async\" width=\"150\" height=\"150\" src=\"https:\/\/myftinia-shkoder.org\/wp-content\/uploads\/2025\/02\/U-zhvillua-ceremonia-e-gurethemelit-per-Qendren-Kulturore-ne-Mjede-31-150x150.jpg\" class=\"attachment-thumbnail size-thumbnail\" alt=\"\" aria-describedby=\"gallery-1-16633\" \/><\/a>\n\t\t\t<\/div>\n\t\t\t\t<figcaption class='wp-caption-text gallery-caption' id='gallery-1-16633'>\n\t\t\t\tU zhvillua ceremonia e gur\u00ebthemelit p\u00ebr Qendr\u00ebn Kulturore n\u00eb Mjed\u00eb\n\t\t\t\t<\/figcaption><\/figure><figure class='gallery-item'>\n\t\t\t<div class='gallery-icon landscape'>\n\t\t\t\t<a href='https:\/\/myftinia-shkoder.org\/?attachment_id=16632'><img loading=\"lazy\" decoding=\"async\" width=\"150\" height=\"150\" src=\"https:\/\/myftinia-shkoder.org\/wp-content\/uploads\/2025\/02\/U-zhvillua-ceremonia-e-gurethemelit-per-Qendren-Kulturore-ne-Mjede-30-150x150.jpg\" class=\"attachment-thumbnail size-thumbnail\" alt=\"\" aria-describedby=\"gallery-1-16632\" \/><\/a>\n\t\t\t<\/div>\n\t\t\t\t<figcaption class='wp-caption-text gallery-caption' id='gallery-1-16632'>\n\t\t\t\tU zhvillua ceremonia e gur\u00ebthemelit p\u00ebr Qendr\u00ebn Kulturore n\u00eb Mjed\u00eb\n\t\t\t\t<\/figcaption><\/figure><figure class='gallery-item'>\n\t\t\t<div class='gallery-icon landscape'>\n\t\t\t\t<a href='https:\/\/myftinia-shkoder.org\/?attachment_id=16631'><img loading=\"lazy\" decoding=\"async\" width=\"150\" height=\"150\" src=\"https:\/\/myftinia-shkoder.org\/wp-content\/uploads\/2025\/02\/U-zhvillua-ceremonia-e-gurethemelit-per-Qendren-Kulturore-ne-Mjede-29-150x150.jpg\" class=\"attachment-thumbnail size-thumbnail\" alt=\"\" aria-describedby=\"gallery-1-16631\" \/><\/a>\n\t\t\t<\/div>\n\t\t\t\t<figcaption class='wp-caption-text gallery-caption' id='gallery-1-16631'>\n\t\t\t\tU zhvillua ceremonia e gur\u00ebthemelit p\u00ebr Qendr\u00ebn Kulturore n\u00eb Mjed\u00eb\n\t\t\t\t<\/figcaption><\/figure><figure class='gallery-item'>\n\t\t\t<div class='gallery-icon landscape'>\n\t\t\t\t<a href='https:\/\/myftinia-shkoder.org\/?attachment_id=16630'><img loading=\"lazy\" decoding=\"async\" width=\"150\" height=\"150\" src=\"https:\/\/myftinia-shkoder.org\/wp-content\/uploads\/2025\/02\/U-zhvillua-ceremonia-e-gurethemelit-per-Qendren-Kulturore-ne-Mjede-28-150x150.jpg\" class=\"attachment-thumbnail size-thumbnail\" alt=\"\" aria-describedby=\"gallery-1-16630\" \/><\/a>\n\t\t\t<\/div>\n\t\t\t\t<figcaption class='wp-caption-text gallery-caption' id='gallery-1-16630'>\n\t\t\t\tU zhvillua ceremonia e gur\u00ebthemelit p\u00ebr Qendr\u00ebn Kulturore n\u00eb Mjed\u00eb\n\t\t\t\t<\/figcaption><\/figure><figure class='gallery-item'>\n\t\t\t<div class='gallery-icon landscape'>\n\t\t\t\t<a href='https:\/\/myftinia-shkoder.org\/?attachment_id=16629'><img loading=\"lazy\" decoding=\"async\" width=\"150\" height=\"150\" src=\"https:\/\/myftinia-shkoder.org\/wp-content\/uploads\/2025\/02\/U-zhvillua-ceremonia-e-gurethemelit-per-Qendren-Kulturore-ne-Mjede-27-150x150.jpg\" class=\"attachment-thumbnail size-thumbnail\" alt=\"\" aria-describedby=\"gallery-1-16629\" \/><\/a>\n\t\t\t<\/div>\n\t\t\t\t<figcaption class='wp-caption-text gallery-caption' id='gallery-1-16629'>\n\t\t\t\tU zhvillua ceremonia e gur\u00ebthemelit p\u00ebr Qendr\u00ebn Kulturore n\u00eb Mjed\u00eb\n\t\t\t\t<\/figcaption><\/figure><figure class='gallery-item'>\n\t\t\t<div class='gallery-icon landscape'>\n\t\t\t\t<a href='https:\/\/myftinia-shkoder.org\/?attachment_id=16628'><img loading=\"lazy\" decoding=\"async\" width=\"150\" height=\"150\" src=\"https:\/\/myftinia-shkoder.org\/wp-content\/uploads\/2025\/02\/U-zhvillua-ceremonia-e-gurethemelit-per-Qendren-Kulturore-ne-Mjede-26-150x150.jpg\" class=\"attachment-thumbnail size-thumbnail\" alt=\"\" aria-describedby=\"gallery-1-16628\" \/><\/a>\n\t\t\t<\/div>\n\t\t\t\t<figcaption class='wp-caption-text gallery-caption' id='gallery-1-16628'>\n\t\t\t\tU zhvillua ceremonia e gur\u00ebthemelit p\u00ebr Qendr\u00ebn Kulturore n\u00eb Mjed\u00eb\n\t\t\t\t<\/figcaption><\/figure><figure class='gallery-item'>\n\t\t\t<div class='gallery-icon landscape'>\n\t\t\t\t<a href='https:\/\/myftinia-shkoder.org\/?attachment_id=16627'><img loading=\"lazy\" decoding=\"async\" width=\"150\" height=\"150\" src=\"https:\/\/myftinia-shkoder.org\/wp-content\/uploads\/2025\/02\/U-zhvillua-ceremonia-e-gurethemelit-per-Qendren-Kulturore-ne-Mjede-25-150x150.jpg\" class=\"attachment-thumbnail size-thumbnail\" alt=\"\" aria-describedby=\"gallery-1-16627\" \/><\/a>\n\t\t\t<\/div>\n\t\t\t\t<figcaption class='wp-caption-text gallery-caption' id='gallery-1-16627'>\n\t\t\t\tU zhvillua ceremonia e gur\u00ebthemelit p\u00ebr Qendr\u00ebn Kulturore n\u00eb Mjed\u00eb\n\t\t\t\t<\/figcaption><\/figure><figure class='gallery-item'>\n\t\t\t<div class='gallery-icon landscape'>\n\t\t\t\t<a href='https:\/\/myftinia-shkoder.org\/?attachment_id=16626'><img loading=\"lazy\" decoding=\"async\" width=\"150\" height=\"150\" src=\"https:\/\/myftinia-shkoder.org\/wp-content\/uploads\/2025\/02\/U-zhvillua-ceremonia-e-gurethemelit-per-Qendren-Kulturore-ne-Mjede-24-150x150.jpg\" class=\"attachment-thumbnail size-thumbnail\" alt=\"\" aria-describedby=\"gallery-1-16626\" \/><\/a>\n\t\t\t<\/div>\n\t\t\t\t<figcaption class='wp-caption-text gallery-caption' id='gallery-1-16626'>\n\t\t\t\tU zhvillua ceremonia e gur\u00ebthemelit p\u00ebr Qendr\u00ebn Kulturore n\u00eb Mjed\u00eb\n\t\t\t\t<\/figcaption><\/figure><figure class='gallery-item'>\n\t\t\t<div class='gallery-icon landscape'>\n\t\t\t\t<a href='https:\/\/myftinia-shkoder.org\/?attachment_id=16625'><img loading=\"lazy\" decoding=\"async\" width=\"150\" height=\"150\" src=\"https:\/\/myftinia-shkoder.org\/wp-content\/uploads\/2025\/02\/U-zhvillua-ceremonia-e-gurethemelit-per-Qendren-Kulturore-ne-Mjede-23-150x150.jpg\" class=\"attachment-thumbnail size-thumbnail\" alt=\"\" aria-describedby=\"gallery-1-16625\" \/><\/a>\n\t\t\t<\/div>\n\t\t\t\t<figcaption class='wp-caption-text gallery-caption' id='gallery-1-16625'>\n\t\t\t\tU zhvillua ceremonia e gur\u00ebthemelit p\u00ebr Qendr\u00ebn Kulturore n\u00eb Mjed\u00eb\n\t\t\t\t<\/figcaption><\/figure><figure class='gallery-item'>\n\t\t\t<div class='gallery-icon landscape'>\n\t\t\t\t<a href='https:\/\/myftinia-shkoder.org\/?attachment_id=16624'><img loading=\"lazy\" decoding=\"async\" width=\"150\" height=\"150\" src=\"https:\/\/myftinia-shkoder.org\/wp-content\/uploads\/2025\/02\/U-zhvillua-ceremonia-e-gurethemelit-per-Qendren-Kulturore-ne-Mjede-22-150x150.jpg\" class=\"attachment-thumbnail size-thumbnail\" alt=\"\" aria-describedby=\"gallery-1-16624\" \/><\/a>\n\t\t\t<\/div>\n\t\t\t\t<figcaption class='wp-caption-text gallery-caption' id='gallery-1-16624'>\n\t\t\t\tU zhvillua ceremonia e gur\u00ebthemelit p\u00ebr Qendr\u00ebn Kulturore n\u00eb Mjed\u00eb\n\t\t\t\t<\/figcaption><\/figure><figure class='gallery-item'>\n\t\t\t<div class='gallery-icon landscape'>\n\t\t\t\t<a href='https:\/\/myftinia-shkoder.org\/?attachment_id=16623'><img loading=\"lazy\" decoding=\"async\" width=\"150\" height=\"150\" src=\"https:\/\/myftinia-shkoder.org\/wp-content\/uploads\/2025\/02\/U-zhvillua-ceremonia-e-gurethemelit-per-Qendren-Kulturore-ne-Mjede-21-150x150.jpg\" class=\"attachment-thumbnail size-thumbnail\" alt=\"\" aria-describedby=\"gallery-1-16623\" \/><\/a>\n\t\t\t<\/div>\n\t\t\t\t<figcaption class='wp-caption-text gallery-caption' id='gallery-1-16623'>\n\t\t\t\tU zhvillua ceremonia e gur\u00ebthemelit p\u00ebr Qendr\u00ebn Kulturore n\u00eb Mjed\u00eb\n\t\t\t\t<\/figcaption><\/figure><figure class='gallery-item'>\n\t\t\t<div class='gallery-icon landscape'>\n\t\t\t\t<a href='https:\/\/myftinia-shkoder.org\/?attachment_id=16622'><img loading=\"lazy\" decoding=\"async\" width=\"150\" height=\"150\" src=\"https:\/\/myftinia-shkoder.org\/wp-content\/uploads\/2025\/02\/U-zhvillua-ceremonia-e-gurethemelit-per-Qendren-Kulturore-ne-Mjede-20-150x150.jpg\" class=\"attachment-thumbnail size-thumbnail\" alt=\"\" aria-describedby=\"gallery-1-16622\" \/><\/a>\n\t\t\t<\/div>\n\t\t\t\t<figcaption class='wp-caption-text gallery-caption' id='gallery-1-16622'>\n\t\t\t\tU zhvillua ceremonia e gur\u00ebthemelit p\u00ebr Qendr\u00ebn Kulturore n\u00eb Mjed\u00eb\n\t\t\t\t<\/figcaption><\/figure><figure class='gallery-item'>\n\t\t\t<div class='gallery-icon landscape'>\n\t\t\t\t<a href='https:\/\/myftinia-shkoder.org\/?attachment_id=16621'><img loading=\"lazy\" decoding=\"async\" width=\"150\" height=\"150\" src=\"https:\/\/myftinia-shkoder.org\/wp-content\/uploads\/2025\/02\/U-zhvillua-ceremonia-e-gurethemelit-per-Qendren-Kulturore-ne-Mjede-19-150x150.jpg\" class=\"attachment-thumbnail size-thumbnail\" alt=\"\" aria-describedby=\"gallery-1-16621\" \/><\/a>\n\t\t\t<\/div>\n\t\t\t\t<figcaption class='wp-caption-text gallery-caption' id='gallery-1-16621'>\n\t\t\t\tU zhvillua ceremonia e gur\u00ebthemelit p\u00ebr Qendr\u00ebn Kulturore n\u00eb Mjed\u00eb\n\t\t\t\t<\/figcaption><\/figure><figure class='gallery-item'>\n\t\t\t<div class='gallery-icon landscape'>\n\t\t\t\t<a href='https:\/\/myftinia-shkoder.org\/?attachment_id=16620'><img loading=\"lazy\" decoding=\"async\" width=\"150\" height=\"150\" src=\"https:\/\/myftinia-shkoder.org\/wp-content\/uploads\/2025\/02\/U-zhvillua-ceremonia-e-gurethemelit-per-Qendren-Kulturore-ne-Mjede-18-150x150.jpg\" class=\"attachment-thumbnail size-thumbnail\" alt=\"\" aria-describedby=\"gallery-1-16620\" \/><\/a>\n\t\t\t<\/div>\n\t\t\t\t<figcaption class='wp-caption-text gallery-caption' id='gallery-1-16620'>\n\t\t\t\tU zhvillua ceremonia e gur\u00ebthemelit p\u00ebr Qendr\u00ebn Kulturore n\u00eb Mjed\u00eb\n\t\t\t\t<\/figcaption><\/figure><figure class='gallery-item'>\n\t\t\t<div class='gallery-icon landscape'>\n\t\t\t\t<a href='https:\/\/myftinia-shkoder.org\/?attachment_id=16619'><img loading=\"lazy\" decoding=\"async\" width=\"150\" height=\"150\" src=\"https:\/\/myftinia-shkoder.org\/wp-content\/uploads\/2025\/02\/U-zhvillua-ceremonia-e-gurethemelit-per-Qendren-Kulturore-ne-Mjede-17-150x150.jpg\" class=\"attachment-thumbnail size-thumbnail\" alt=\"\" aria-describedby=\"gallery-1-16619\" \/><\/a>\n\t\t\t<\/div>\n\t\t\t\t<figcaption class='wp-caption-text gallery-caption' id='gallery-1-16619'>\n\t\t\t\tU zhvillua ceremonia e gur\u00ebthemelit p\u00ebr Qendr\u00ebn Kulturore n\u00eb Mjed\u00eb\n\t\t\t\t<\/figcaption><\/figure><figure class='gallery-item'>\n\t\t\t<div class='gallery-icon landscape'>\n\t\t\t\t<a href='https:\/\/myftinia-shkoder.org\/?attachment_id=16618'><img loading=\"lazy\" decoding=\"async\" width=\"150\" height=\"150\" src=\"https:\/\/myftinia-shkoder.org\/wp-content\/uploads\/2025\/02\/U-zhvillua-ceremonia-e-gurethemelit-per-Qendren-Kulturore-ne-Mjede-16-150x150.jpg\" class=\"attachment-thumbnail size-thumbnail\" alt=\"\" aria-describedby=\"gallery-1-16618\" \/><\/a>\n\t\t\t<\/div>\n\t\t\t\t<figcaption class='wp-caption-text gallery-caption' id='gallery-1-16618'>\n\t\t\t\tU zhvillua ceremonia e gur\u00ebthemelit p\u00ebr Qendr\u00ebn Kulturore n\u00eb Mjed\u00eb\n\t\t\t\t<\/figcaption><\/figure><figure class='gallery-item'>\n\t\t\t<div class='gallery-icon landscape'>\n\t\t\t\t<a href='https:\/\/myftinia-shkoder.org\/?attachment_id=16617'><img loading=\"lazy\" decoding=\"async\" width=\"150\" height=\"150\" src=\"https:\/\/myftinia-shkoder.org\/wp-content\/uploads\/2025\/02\/U-zhvillua-ceremonia-e-gurethemelit-per-Qendren-Kulturore-ne-Mjede-15-150x150.jpg\" class=\"attachment-thumbnail size-thumbnail\" alt=\"\" aria-describedby=\"gallery-1-16617\" \/><\/a>\n\t\t\t<\/div>\n\t\t\t\t<figcaption class='wp-caption-text gallery-caption' id='gallery-1-16617'>\n\t\t\t\tU zhvillua ceremonia e gur\u00ebthemelit p\u00ebr Qendr\u00ebn Kulturore n\u00eb Mjed\u00eb\n\t\t\t\t<\/figcaption><\/figure><figure class='gallery-item'>\n\t\t\t<div class='gallery-icon landscape'>\n\t\t\t\t<a href='https:\/\/myftinia-shkoder.org\/?attachment_id=16616'><img loading=\"lazy\" decoding=\"async\" width=\"150\" height=\"150\" src=\"https:\/\/myftinia-shkoder.org\/wp-content\/uploads\/2025\/02\/U-zhvillua-ceremonia-e-gurethemelit-per-Qendren-Kulturore-ne-Mjede-14-150x150.jpg\" class=\"attachment-thumbnail size-thumbnail\" alt=\"\" aria-describedby=\"gallery-1-16616\" \/><\/a>\n\t\t\t<\/div>\n\t\t\t\t<figcaption class='wp-caption-text gallery-caption' id='gallery-1-16616'>\n\t\t\t\tU zhvillua ceremonia e gur\u00ebthemelit p\u00ebr Qendr\u00ebn Kulturore n\u00eb Mjed\u00eb\n\t\t\t\t<\/figcaption><\/figure><figure class='gallery-item'>\n\t\t\t<div class='gallery-icon landscape'>\n\t\t\t\t<a href='https:\/\/myftinia-shkoder.org\/?attachment_id=16615'><img loading=\"lazy\" decoding=\"async\" width=\"150\" height=\"150\" src=\"https:\/\/myftinia-shkoder.org\/wp-content\/uploads\/2025\/02\/U-zhvillua-ceremonia-e-gurethemelit-per-Qendren-Kulturore-ne-Mjede-13-150x150.jpg\" class=\"attachment-thumbnail size-thumbnail\" alt=\"\" aria-describedby=\"gallery-1-16615\" \/><\/a>\n\t\t\t<\/div>\n\t\t\t\t<figcaption class='wp-caption-text gallery-caption' id='gallery-1-16615'>\n\t\t\t\tU zhvillua ceremonia e gur\u00ebthemelit p\u00ebr Qendr\u00ebn Kulturore n\u00eb Mjed\u00eb\n\t\t\t\t<\/figcaption><\/figure><figure class='gallery-item'>\n\t\t\t<div class='gallery-icon landscape'>\n\t\t\t\t<a href='https:\/\/myftinia-shkoder.org\/?attachment_id=16614'><img loading=\"lazy\" decoding=\"async\" width=\"150\" height=\"150\" src=\"https:\/\/myftinia-shkoder.org\/wp-content\/uploads\/2025\/02\/U-zhvillua-ceremonia-e-gurethemelit-per-Qendren-Kulturore-ne-Mjede-12-150x150.jpg\" class=\"attachment-thumbnail size-thumbnail\" alt=\"\" aria-describedby=\"gallery-1-16614\" \/><\/a>\n\t\t\t<\/div>\n\t\t\t\t<figcaption class='wp-caption-text gallery-caption' id='gallery-1-16614'>\n\t\t\t\tU zhvillua ceremonia e gur\u00ebthemelit p\u00ebr Qendr\u00ebn Kulturore n\u00eb Mjed\u00eb\n\t\t\t\t<\/figcaption><\/figure><figure class='gallery-item'>\n\t\t\t<div class='gallery-icon landscape'>\n\t\t\t\t<a href='https:\/\/myftinia-shkoder.org\/?attachment_id=16613'><img loading=\"lazy\" decoding=\"async\" width=\"150\" height=\"150\" src=\"https:\/\/myftinia-shkoder.org\/wp-content\/uploads\/2025\/02\/U-zhvillua-ceremonia-e-gurethemelit-per-Qendren-Kulturore-ne-Mjede-11-150x150.jpg\" class=\"attachment-thumbnail size-thumbnail\" alt=\"\" aria-describedby=\"gallery-1-16613\" \/><\/a>\n\t\t\t<\/div>\n\t\t\t\t<figcaption class='wp-caption-text gallery-caption' id='gallery-1-16613'>\n\t\t\t\tU zhvillua ceremonia e gur\u00ebthemelit p\u00ebr Qendr\u00ebn Kulturore n\u00eb Mjed\u00eb\n\t\t\t\t<\/figcaption><\/figure><figure class='gallery-item'>\n\t\t\t<div class='gallery-icon landscape'>\n\t\t\t\t<a href='https:\/\/myftinia-shkoder.org\/?attachment_id=16612'><img loading=\"lazy\" decoding=\"async\" width=\"150\" height=\"150\" src=\"https:\/\/myftinia-shkoder.org\/wp-content\/uploads\/2025\/02\/U-zhvillua-ceremonia-e-gurethemelit-per-Qendren-Kulturore-ne-Mjede-10-150x150.jpg\" class=\"attachment-thumbnail size-thumbnail\" alt=\"\" aria-describedby=\"gallery-1-16612\" \/><\/a>\n\t\t\t<\/div>\n\t\t\t\t<figcaption class='wp-caption-text gallery-caption' id='gallery-1-16612'>\n\t\t\t\tU zhvillua ceremonia e gur\u00ebthemelit p\u00ebr Qendr\u00ebn Kulturore n\u00eb Mjed\u00eb\n\t\t\t\t<\/figcaption><\/figure><figure class='gallery-item'>\n\t\t\t<div class='gallery-icon landscape'>\n\t\t\t\t<a href='https:\/\/myftinia-shkoder.org\/?attachment_id=16611'><img loading=\"lazy\" decoding=\"async\" width=\"150\" height=\"150\" src=\"https:\/\/myftinia-shkoder.org\/wp-content\/uploads\/2025\/02\/U-zhvillua-ceremonia-e-gurethemelit-per-Qendren-Kulturore-ne-Mjede-9-150x150.jpg\" class=\"attachment-thumbnail size-thumbnail\" alt=\"\" aria-describedby=\"gallery-1-16611\" \/><\/a>\n\t\t\t<\/div>\n\t\t\t\t<figcaption class='wp-caption-text gallery-caption' id='gallery-1-16611'>\n\t\t\t\tU zhvillua ceremonia e gur\u00ebthemelit p\u00ebr Qendr\u00ebn Kulturore n\u00eb Mjed\u00eb\n\t\t\t\t<\/figcaption><\/figure><figure class='gallery-item'>\n\t\t\t<div class='gallery-icon landscape'>\n\t\t\t\t<a href='https:\/\/myftinia-shkoder.org\/?attachment_id=16610'><img loading=\"lazy\" decoding=\"async\" width=\"150\" height=\"150\" src=\"https:\/\/myftinia-shkoder.org\/wp-content\/uploads\/2025\/02\/U-zhvillua-ceremonia-e-gurethemelit-per-Qendren-Kulturore-ne-Mjede-8-150x150.jpg\" class=\"attachment-thumbnail size-thumbnail\" alt=\"\" aria-describedby=\"gallery-1-16610\" \/><\/a>\n\t\t\t<\/div>\n\t\t\t\t<figcaption class='wp-caption-text gallery-caption' id='gallery-1-16610'>\n\t\t\t\tU zhvillua ceremonia e gur\u00ebthemelit p\u00ebr Qendr\u00ebn Kulturore n\u00eb Mjed\u00eb\n\t\t\t\t<\/figcaption><\/figure><figure class='gallery-item'>\n\t\t\t<div class='gallery-icon landscape'>\n\t\t\t\t<a href='https:\/\/myftinia-shkoder.org\/?attachment_id=16609'><img loading=\"lazy\" decoding=\"async\" width=\"150\" height=\"150\" src=\"https:\/\/myftinia-shkoder.org\/wp-content\/uploads\/2025\/02\/U-zhvillua-ceremonia-e-gurethemelit-per-Qendren-Kulturore-ne-Mjede-7-150x150.jpg\" class=\"attachment-thumbnail size-thumbnail\" alt=\"\" aria-describedby=\"gallery-1-16609\" \/><\/a>\n\t\t\t<\/div>\n\t\t\t\t<figcaption class='wp-caption-text gallery-caption' id='gallery-1-16609'>\n\t\t\t\tU zhvillua ceremonia e gur\u00ebthemelit p\u00ebr Qendr\u00ebn Kulturore n\u00eb Mjed\u00eb\n\t\t\t\t<\/figcaption><\/figure><figure class='gallery-item'>\n\t\t\t<div class='gallery-icon landscape'>\n\t\t\t\t<a href='https:\/\/myftinia-shkoder.org\/?attachment_id=16608'><img loading=\"lazy\" decoding=\"async\" width=\"150\" height=\"150\" src=\"https:\/\/myftinia-shkoder.org\/wp-content\/uploads\/2025\/02\/U-zhvillua-ceremonia-e-gurethemelit-per-Qendren-Kulturore-ne-Mjede-6-150x150.jpg\" class=\"attachment-thumbnail size-thumbnail\" alt=\"\" aria-describedby=\"gallery-1-16608\" \/><\/a>\n\t\t\t<\/div>\n\t\t\t\t<figcaption class='wp-caption-text gallery-caption' id='gallery-1-16608'>\n\t\t\t\tU zhvillua ceremonia e gur\u00ebthemelit p\u00ebr Qendr\u00ebn Kulturore n\u00eb Mjed\u00eb\n\t\t\t\t<\/figcaption><\/figure><figure class='gallery-item'>\n\t\t\t<div class='gallery-icon landscape'>\n\t\t\t\t<a href='https:\/\/myftinia-shkoder.org\/?attachment_id=16607'><img loading=\"lazy\" decoding=\"async\" width=\"150\" height=\"150\" src=\"https:\/\/myftinia-shkoder.org\/wp-content\/uploads\/2025\/02\/U-zhvillua-ceremonia-e-gurethemelit-per-Qendren-Kulturore-ne-Mjede-5-150x150.jpg\" class=\"attachment-thumbnail size-thumbnail\" alt=\"\" aria-describedby=\"gallery-1-16607\" \/><\/a>\n\t\t\t<\/div>\n\t\t\t\t<figcaption class='wp-caption-text gallery-caption' id='gallery-1-16607'>\n\t\t\t\tU zhvillua ceremonia e gur\u00ebthemelit p\u00ebr Qendr\u00ebn Kulturore n\u00eb Mjed\u00eb\n\t\t\t\t<\/figcaption><\/figure><figure class='gallery-item'>\n\t\t\t<div class='gallery-icon landscape'>\n\t\t\t\t<a href='https:\/\/myftinia-shkoder.org\/?attachment_id=16606'><img loading=\"lazy\" decoding=\"async\" width=\"150\" height=\"150\" src=\"https:\/\/myftinia-shkoder.org\/wp-content\/uploads\/2025\/02\/U-zhvillua-ceremonia-e-gurethemelit-per-Qendren-Kulturore-ne-Mjede-4-150x150.jpg\" class=\"attachment-thumbnail size-thumbnail\" alt=\"\" aria-describedby=\"gallery-1-16606\" \/><\/a>\n\t\t\t<\/div>\n\t\t\t\t<figcaption class='wp-caption-text gallery-caption' id='gallery-1-16606'>\n\t\t\t\tU zhvillua ceremonia e gur\u00ebthemelit p\u00ebr Qendr\u00ebn Kulturore n\u00eb Mjed\u00eb\n\t\t\t\t<\/figcaption><\/figure><figure class='gallery-item'>\n\t\t\t<div class='gallery-icon landscape'>\n\t\t\t\t<a href='https:\/\/myftinia-shkoder.org\/?attachment_id=16605'><img loading=\"lazy\" decoding=\"async\" width=\"150\" height=\"150\" src=\"https:\/\/myftinia-shkoder.org\/wp-content\/uploads\/2025\/02\/U-zhvillua-ceremonia-e-gurethemelit-per-Qendren-Kulturore-ne-Mjede-3-150x150.jpg\" class=\"attachment-thumbnail size-thumbnail\" alt=\"\" aria-describedby=\"gallery-1-16605\" \/><\/a>\n\t\t\t<\/div>\n\t\t\t\t<figcaption class='wp-caption-text gallery-caption' id='gallery-1-16605'>\n\t\t\t\tU zhvillua ceremonia e gur\u00ebthemelit p\u00ebr Qendr\u00ebn Kulturore n\u00eb Mjed\u00eb\n\t\t\t\t<\/figcaption><\/figure><figure class='gallery-item'>\n\t\t\t<div class='gallery-icon landscape'>\n\t\t\t\t<a href='https:\/\/myftinia-shkoder.org\/?attachment_id=16604'><img loading=\"lazy\" decoding=\"async\" width=\"150\" height=\"150\" src=\"https:\/\/myftinia-shkoder.org\/wp-content\/uploads\/2025\/02\/U-zhvillua-ceremonia-e-gurethemelit-per-Qendren-Kulturore-ne-Mjede-2-150x150.jpg\" class=\"attachment-thumbnail size-thumbnail\" alt=\"\" aria-describedby=\"gallery-1-16604\" \/><\/a>\n\t\t\t<\/div>\n\t\t\t\t<figcaption class='wp-caption-text gallery-caption' id='gallery-1-16604'>\n\t\t\t\tU zhvillua ceremonia e gur\u00ebthemelit p\u00ebr Qendr\u00ebn Kulturore n\u00eb Mjed\u00eb\n\t\t\t\t<\/figcaption><\/figure><figure class='gallery-item'>\n\t\t\t<div class='gallery-icon landscape'>\n\t\t\t\t<a href='https:\/\/myftinia-shkoder.org\/?attachment_id=16603'><img loading=\"lazy\" decoding=\"async\" width=\"150\" height=\"150\" src=\"https:\/\/myftinia-shkoder.org\/wp-content\/uploads\/2025\/02\/U-zhvillua-ceremonia-e-gurethemelit-per-Qendren-Kulturore-ne-Mjede-1-150x150.jpg\" class=\"attachment-thumbnail size-thumbnail\" alt=\"\" aria-describedby=\"gallery-1-16603\" \/><\/a>\n\t\t\t<\/div>\n\t\t\t\t<figcaption class='wp-caption-text gallery-caption' id='gallery-1-16603'>\n\t\t\t\tU zhvillua ceremonia e gur\u00ebthemelit p\u00ebr Qendr\u00ebn Kulturore n\u00eb Mjed\u00eb\n\t\t\t\t<\/figcaption><\/figure>\n\t\t<\/div>\n\n","protected":false},"excerpt":{"rendered":"<div class=\"mh-excerpt\"><p>U zhvillua ceremonia e gurthemelit p\u00ebr Qendr\u00ebn Kulturore n\u00eb Mjed\u00eb \u00a0Paradit\u00ebn, e s\u00eb m\u00ebrkur\u00ebs, m\u00eb 5 shkurt 2025, n\u00eb fshatin Mjed\u00eb, u zhvillua ceremonia e hedhjes s\u00eb gurit t\u00eb themelit p\u00ebr nd\u00ebrtimin e Qendr\u00ebs Kulturore <a class=\"mh-excerpt-more\" href=\"https:\/\/myftinia-shkoder.org\/?p=16602\" title=\"U zhvillua ceremonia e gurthemelit p\u00ebr Qendr\u00ebn Kulturore n\u00eb Mjed\u00eb\">[&#8230;]<\/a><\/p>\n<\/div>","protected":false},"author":1,"featured_media":16609,"comment_status":"closed","ping_status":"closed","sticky":false,"template":"","format":"standard","meta":{"footnotes":""},"categories":[1],"tags":[],"class_list":["post-16602","post","type-post","status-publish","format-standard","has-post-thumbnail","hentry","category-aktivitete"],"_links":{"self":[{"href":"https:\/\/myftinia-shkoder.org\/index.php?rest_route=\/wp\/v2\/posts\/16602","targetHints":{"allow":["GET"]}}],"collection":[{"href":"https:\/\/myftinia-shkoder.org\/index.php?rest_route=\/wp\/v2\/posts"}],"about":[{"href":"https:\/\/myftinia-shkoder.org\/index.php?rest_route=\/wp\/v2\/types\/post"}],"author":[{"embeddable":true,"href":"https:\/\/myftinia-shkoder.org\/index.php?rest_route=\/wp\/v2\/users\/1"}],"replies":[{"embeddable":true,"href":"https:\/\/myftinia-shkoder.org\/index.php?rest_route=%2Fwp%2Fv2%2Fcomments&post=16602"}],"version-history":[{"count":2,"href":"https:\/\/myftinia-shkoder.org\/index.php?rest_route=\/wp\/v2\/posts\/16602\/revisions"}],"predecessor-version":[{"id":16715,"href":"https:\/\/myftinia-shkoder.org\/index.php?rest_route=\/wp\/v2\/posts\/16602\/revisions\/16715"}],"wp:featuredmedia":[{"embeddable":true,"href":"https:\/\/myftinia-shkoder.org\/index.php?rest_route=\/wp\/v2\/media\/16609"}],"wp:attachment":[{"href":"https:\/\/myftinia-shkoder.org\/index.php?rest_route=%2Fwp%2Fv2%2Fmedia&parent=16602"}],"wp:term":[{"taxonomy":"category","embeddable":true,"href":"https:\/\/myftinia-shkoder.org\/index.php?rest_route=%2Fwp%2Fv2%2Fcategories&post=16602"},{"taxonomy":"post_tag","embeddable":true,"href":"https:\/\/myftinia-shkoder.org\/index.php?rest_route=%2Fwp%2Fv2%2Ftags&post=16602"}],"curies":[{"name":"wp","href":"https:\/\/api.w.org\/{rel}","templated":true}]}}