{"id":16856,"date":"2025-02-17T13:32:22","date_gmt":"2025-02-17T13:32:22","guid":{"rendered":"https:\/\/myftinia-shkoder.org\/?p=16856"},"modified":"2025-02-17T13:32:22","modified_gmt":"2025-02-17T13:32:22","slug":"myftiu-i-shkodres-ligjeron-ne-dinoshe-te-malit-te-zi","status":"publish","type":"post","link":"https:\/\/myftinia-shkoder.org\/?p=16856","title":{"rendered":"Myftiu i Shkodr\u00ebs ligj\u00ebron n\u00eb Dinosh\u00eb t\u00eb Malit t\u00eb Zi"},"content":{"rendered":"<p class=\"x11i5rnm xat24cr x1mh8g0r x1vvkbs xtlvy1s x126k92a\" style=\"text-align: justify;\"><strong>Myftiu i Shkodr\u00ebs ligj\u00ebron n\u00eb Dinosh\u00eb t\u00eb Malit t\u00eb Zi<\/strong><\/p>\n<p dir=\"auto\" style=\"text-align: justify;\">Dit\u00ebn e diel, m\u00eb 16 shkurt 2025, me ftes\u00eb t\u00eb K\u00ebshillit t\u00eb Bashk\u00ebsis\u00eb Islame n\u00eb Dinosh\u00eb t\u00eb Malit t\u00eb Zi, Myftiu i Shkodr\u00ebs, Imam Muhamed B. Sytari mori pjes\u00eb n\u00eb aktivitetin q\u00eb zhvilloi KBI Dinosh\u00eb n\u00eb prag t\u00eb muajit t\u00eb madh\u00ebruesh\u00ebm t\u00eb Ramazanit.<\/p>\n<p dir=\"auto\" style=\"text-align: justify;\">N\u00eb pritje t\u00eb Myftiut t\u00eb Shkodr\u00ebs ishin kryeimami i Dinosh\u00ebs, H. Xhevahir ef. Arifaj, kryetari i K\u00ebshillit t\u00eb xhamis\u00eb Dinosh\u00eb, z. Shemsudin Luani dhe imami i xhamis\u00eb Msc. Nadir ef. Bajraktari, t\u00eb cil\u00ebt i uruan mir\u00ebseardhjen dhe bashk\u00ebrisht me xhematin e pranish\u00ebm fal\u00ebn namazin e jacis\u00eb.<\/p>\n<p dir=\"auto\" style=\"text-align: justify;\">M\u00eb pas, gjat\u00eb ligj\u00ebrat\u00ebs s\u00eb tij, Myftiu i Shkodr\u00ebs u ndal n\u00eb r\u00ebnd\u00ebsin\u00eb q\u00eb ka parap\u00ebrgatitja e besimtarit p\u00ebr pritjen si duhet t\u00eb muajit t\u00eb madh\u00ebruesh\u00ebm t\u00eb Ramazanit, duke e konsideruar at\u00eb nj\u00eb mik t\u00eb ve\u00e7ant\u00eb dhe me shum\u00eb r\u00ebnd\u00ebsi q\u00eb vjen nj\u00eb her\u00eb n\u00eb vit si nj\u00eb bekim i madh nga Zoti i gjith\u00ebsis\u00eb p\u00ebr krejt ymetin islam dhe mbar\u00eb njer\u00ebzimin.<\/p>\n<p dir=\"auto\" style=\"text-align: justify;\">N\u00ebp\u00ebrmjet argumenteve t\u00eb shumta kur&#8217;anore, hadithet dhe trash\u00ebgimia islame, Myftiu Sytari p\u00ebrcolli disa mesazhe me dobi, t\u00eb cilat u mir\u00ebprit\u00ebn nga besimtar\u00ebt e pranish\u00ebm n\u00eb k\u00ebt\u00eb mexhlis t\u00eb begat\u00eb.<\/p>\n<p class=\"x11i5rnm xat24cr x1mh8g0r x1vvkbs xtlvy1s x126k92a\" style=\"text-align: justify;\">Aktiviteti vazhdoi edhe me ndej\u00ebn pas tubimit n\u00eb xhami, ku Myftiu iu p\u00ebrgjigj pyetjeve t\u00eb shumta t\u00eb pranishm\u00ebve n\u00eb nj\u00eb bashk\u00ebbisedim t\u00eb ngroht\u00eb dhe v\u00ebllaz\u00ebror me vlera islame dhe komb\u00ebtare.<\/p>\n<div id='gallery-1' class='gallery galleryid-16856 gallery-columns-4 gallery-size-thumbnail'><figure class='gallery-item'>\n\t\t\t<div class='gallery-icon landscape'>\n\t\t\t\t<a href='https:\/\/myftinia-shkoder.org\/?attachment_id=16857'><img loading=\"lazy\" decoding=\"async\" width=\"150\" height=\"150\" src=\"https:\/\/myftinia-shkoder.org\/wp-content\/uploads\/2025\/02\/Myftiu-i-Shkodres-ligjeron-ne-Dinoshe-te-Malit-te-Zi-1-150x150.jpg\" class=\"attachment-thumbnail size-thumbnail\" alt=\"\" aria-describedby=\"gallery-1-16857\" \/><\/a>\n\t\t\t<\/div>\n\t\t\t\t<figcaption class='wp-caption-text gallery-caption' id='gallery-1-16857'>\n\t\t\t\tMyftiu i Shkodr\u00ebs ligj\u00ebron n\u00eb Dinosh\u00eb t\u00eb Malit t\u00eb Zi\n\t\t\t\t<\/figcaption><\/figure><figure class='gallery-item'>\n\t\t\t<div class='gallery-icon landscape'>\n\t\t\t\t<a href='https:\/\/myftinia-shkoder.org\/?attachment_id=16867'><img loading=\"lazy\" decoding=\"async\" width=\"150\" height=\"150\" src=\"https:\/\/myftinia-shkoder.org\/wp-content\/uploads\/2025\/02\/Myftiu-i-Shkodres-ligjeron-ne-Dinoshe-te-Malit-te-Zi-12-150x150.jpg\" class=\"attachment-thumbnail size-thumbnail\" alt=\"\" aria-describedby=\"gallery-1-16867\" \/><\/a>\n\t\t\t<\/div>\n\t\t\t\t<figcaption class='wp-caption-text gallery-caption' id='gallery-1-16867'>\n\t\t\t\tMyftiu i Shkodr\u00ebs ligj\u00ebron n\u00eb Dinosh\u00eb t\u00eb Malit t\u00eb Zi\n\t\t\t\t<\/figcaption><\/figure><figure class='gallery-item'>\n\t\t\t<div class='gallery-icon landscape'>\n\t\t\t\t<a href='https:\/\/myftinia-shkoder.org\/?attachment_id=16866'><img loading=\"lazy\" decoding=\"async\" width=\"150\" height=\"150\" src=\"https:\/\/myftinia-shkoder.org\/wp-content\/uploads\/2025\/02\/Myftiu-i-Shkodres-ligjeron-ne-Dinoshe-te-Malit-te-Zi-11-150x150.jpg\" class=\"attachment-thumbnail size-thumbnail\" alt=\"\" aria-describedby=\"gallery-1-16866\" \/><\/a>\n\t\t\t<\/div>\n\t\t\t\t<figcaption class='wp-caption-text gallery-caption' id='gallery-1-16866'>\n\t\t\t\tMyftiu i Shkodr\u00ebs ligj\u00ebron n\u00eb Dinosh\u00eb t\u00eb Malit t\u00eb Zi\n\t\t\t\t<\/figcaption><\/figure><figure class='gallery-item'>\n\t\t\t<div class='gallery-icon landscape'>\n\t\t\t\t<a href='https:\/\/myftinia-shkoder.org\/?attachment_id=16865'><img loading=\"lazy\" decoding=\"async\" width=\"150\" height=\"150\" src=\"https:\/\/myftinia-shkoder.org\/wp-content\/uploads\/2025\/02\/Myftiu-i-Shkodres-ligjeron-ne-Dinoshe-te-Malit-te-Zi-10-150x150.jpg\" class=\"attachment-thumbnail size-thumbnail\" alt=\"\" aria-describedby=\"gallery-1-16865\" \/><\/a>\n\t\t\t<\/div>\n\t\t\t\t<figcaption class='wp-caption-text gallery-caption' id='gallery-1-16865'>\n\t\t\t\tMyftiu i Shkodr\u00ebs ligj\u00ebron n\u00eb Dinosh\u00eb t\u00eb Malit t\u00eb Zi\n\t\t\t\t<\/figcaption><\/figure><figure class='gallery-item'>\n\t\t\t<div class='gallery-icon landscape'>\n\t\t\t\t<a href='https:\/\/myftinia-shkoder.org\/?attachment_id=16862'><img loading=\"lazy\" decoding=\"async\" width=\"150\" height=\"150\" src=\"https:\/\/myftinia-shkoder.org\/wp-content\/uploads\/2025\/02\/Myftiu-i-Shkodres-ligjeron-ne-Dinoshe-te-Malit-te-Zi-6-150x150.jpg\" class=\"attachment-thumbnail size-thumbnail\" alt=\"\" aria-describedby=\"gallery-1-16862\" \/><\/a>\n\t\t\t<\/div>\n\t\t\t\t<figcaption class='wp-caption-text gallery-caption' id='gallery-1-16862'>\n\t\t\t\tMyftiu i Shkodr\u00ebs ligj\u00ebron n\u00eb Dinosh\u00eb t\u00eb Malit t\u00eb Zi\n\t\t\t\t<\/figcaption><\/figure><figure class='gallery-item'>\n\t\t\t<div class='gallery-icon landscape'>\n\t\t\t\t<a href='https:\/\/myftinia-shkoder.org\/?attachment_id=16861'><img loading=\"lazy\" decoding=\"async\" width=\"150\" height=\"150\" src=\"https:\/\/myftinia-shkoder.org\/wp-content\/uploads\/2025\/02\/Myftiu-i-Shkodres-ligjeron-ne-Dinoshe-te-Malit-te-Zi-5-150x150.jpg\" class=\"attachment-thumbnail size-thumbnail\" alt=\"\" aria-describedby=\"gallery-1-16861\" \/><\/a>\n\t\t\t<\/div>\n\t\t\t\t<figcaption class='wp-caption-text gallery-caption' id='gallery-1-16861'>\n\t\t\t\tMyftiu i Shkodr\u00ebs ligj\u00ebron n\u00eb Dinosh\u00eb t\u00eb Malit t\u00eb Zi\n\t\t\t\t<\/figcaption><\/figure><figure class='gallery-item'>\n\t\t\t<div class='gallery-icon landscape'>\n\t\t\t\t<a href='https:\/\/myftinia-shkoder.org\/?attachment_id=16860'><img loading=\"lazy\" decoding=\"async\" width=\"150\" height=\"150\" src=\"https:\/\/myftinia-shkoder.org\/wp-content\/uploads\/2025\/02\/Myftiu-i-Shkodres-ligjeron-ne-Dinoshe-te-Malit-te-Zi-4-150x150.jpg\" class=\"attachment-thumbnail size-thumbnail\" alt=\"\" aria-describedby=\"gallery-1-16860\" \/><\/a>\n\t\t\t<\/div>\n\t\t\t\t<figcaption class='wp-caption-text gallery-caption' id='gallery-1-16860'>\n\t\t\t\tMyftiu i Shkodr\u00ebs ligj\u00ebron n\u00eb Dinosh\u00eb t\u00eb Malit t\u00eb Zi\n\t\t\t\t<\/figcaption><\/figure><figure class='gallery-item'>\n\t\t\t<div class='gallery-icon landscape'>\n\t\t\t\t<a href='https:\/\/myftinia-shkoder.org\/?attachment_id=16859'><img loading=\"lazy\" decoding=\"async\" width=\"150\" height=\"150\" src=\"https:\/\/myftinia-shkoder.org\/wp-content\/uploads\/2025\/02\/Myftiu-i-Shkodres-ligjeron-ne-Dinoshe-te-Malit-te-Zi-3-150x150.jpg\" class=\"attachment-thumbnail size-thumbnail\" alt=\"\" aria-describedby=\"gallery-1-16859\" \/><\/a>\n\t\t\t<\/div>\n\t\t\t\t<figcaption class='wp-caption-text gallery-caption' id='gallery-1-16859'>\n\t\t\t\tMyftiu i Shkodr\u00ebs ligj\u00ebron n\u00eb Dinosh\u00eb t\u00eb Malit t\u00eb Zi\n\t\t\t\t<\/figcaption><\/figure><figure class='gallery-item'>\n\t\t\t<div class='gallery-icon landscape'>\n\t\t\t\t<a href='https:\/\/myftinia-shkoder.org\/?attachment_id=16858'><img loading=\"lazy\" decoding=\"async\" width=\"150\" height=\"150\" src=\"https:\/\/myftinia-shkoder.org\/wp-content\/uploads\/2025\/02\/Myftiu-i-Shkodres-ligjeron-ne-Dinoshe-te-Malit-te-Zi-2-150x150.jpg\" class=\"attachment-thumbnail size-thumbnail\" alt=\"\" aria-describedby=\"gallery-1-16858\" \/><\/a>\n\t\t\t<\/div>\n\t\t\t\t<figcaption class='wp-caption-text gallery-caption' id='gallery-1-16858'>\n\t\t\t\tMyftiu i Shkodr\u00ebs ligj\u00ebron n\u00eb Dinosh\u00eb t\u00eb Malit t\u00eb Zi\n\t\t\t\t<\/figcaption><\/figure><figure class='gallery-item'>\n\t\t\t<div class='gallery-icon portrait'>\n\t\t\t\t<a href='https:\/\/myftinia-shkoder.org\/?attachment_id=16864'><img loading=\"lazy\" decoding=\"async\" width=\"150\" height=\"150\" src=\"https:\/\/myftinia-shkoder.org\/wp-content\/uploads\/2025\/02\/Myftiu-i-Shkodres-ligjeron-ne-Dinoshe-te-Malit-te-Zi-8-150x150.jpg\" class=\"attachment-thumbnail size-thumbnail\" alt=\"\" aria-describedby=\"gallery-1-16864\" \/><\/a>\n\t\t\t<\/div>\n\t\t\t\t<figcaption class='wp-caption-text gallery-caption' id='gallery-1-16864'>\n\t\t\t\tMyftiu i Shkodr\u00ebs ligj\u00ebron n\u00eb Dinosh\u00eb t\u00eb Malit t\u00eb Zi\n\t\t\t\t<\/figcaption><\/figure><figure class='gallery-item'>\n\t\t\t<div class='gallery-icon landscape'>\n\t\t\t\t<a href='https:\/\/myftinia-shkoder.org\/?attachment_id=16863'><img loading=\"lazy\" decoding=\"async\" width=\"150\" height=\"150\" src=\"https:\/\/myftinia-shkoder.org\/wp-content\/uploads\/2025\/02\/Myftiu-i-Shkodres-ligjeron-ne-Dinoshe-te-Malit-te-Zi-7-150x150.jpg\" class=\"attachment-thumbnail size-thumbnail\" alt=\"\" aria-describedby=\"gallery-1-16863\" \/><\/a>\n\t\t\t<\/div>\n\t\t\t\t<figcaption class='wp-caption-text gallery-caption' id='gallery-1-16863'>\n\t\t\t\tMyftiu i Shkodr\u00ebs ligj\u00ebron n\u00eb Dinosh\u00eb t\u00eb Malit t\u00eb Zi\n\t\t\t\t<\/figcaption><\/figure>\n\t\t<\/div>\n\n","protected":false},"excerpt":{"rendered":"<div class=\"mh-excerpt\"><p>Myftiu i Shkodr\u00ebs ligj\u00ebron n\u00eb Dinosh\u00eb t\u00eb Malit t\u00eb Zi Dit\u00ebn e diel, m\u00eb 16 shkurt 2025, me ftes\u00eb t\u00eb K\u00ebshillit t\u00eb Bashk\u00ebsis\u00eb Islame n\u00eb Dinosh\u00eb t\u00eb Malit t\u00eb Zi, Myftiu i Shkodr\u00ebs, Imam Muhamed <a class=\"mh-excerpt-more\" href=\"https:\/\/myftinia-shkoder.org\/?p=16856\" title=\"Myftiu i Shkodr\u00ebs ligj\u00ebron n\u00eb Dinosh\u00eb t\u00eb Malit t\u00eb Zi\">[&#8230;]<\/a><\/p>\n<\/div>","protected":false},"author":1,"featured_media":16866,"comment_status":"closed","ping_status":"closed","sticky":false,"template":"","format":"standard","meta":{"footnotes":""},"categories":[36],"tags":[],"class_list":["post-16856","post","type-post","status-publish","format-standard","has-post-thumbnail","hentry","category-ramazan-1446-2025"],"_links":{"self":[{"href":"https:\/\/myftinia-shkoder.org\/index.php?rest_route=\/wp\/v2\/posts\/16856","targetHints":{"allow":["GET"]}}],"collection":[{"href":"https:\/\/myftinia-shkoder.org\/index.php?rest_route=\/wp\/v2\/posts"}],"about":[{"href":"https:\/\/myftinia-shkoder.org\/index.php?rest_route=\/wp\/v2\/types\/post"}],"author":[{"embeddable":true,"href":"https:\/\/myftinia-shkoder.org\/index.php?rest_route=\/wp\/v2\/users\/1"}],"replies":[{"embeddable":true,"href":"https:\/\/myftinia-shkoder.org\/index.php?rest_route=%2Fwp%2Fv2%2Fcomments&post=16856"}],"version-history":[{"count":1,"href":"https:\/\/myftinia-shkoder.org\/index.php?rest_route=\/wp\/v2\/posts\/16856\/revisions"}],"predecessor-version":[{"id":16868,"href":"https:\/\/myftinia-shkoder.org\/index.php?rest_route=\/wp\/v2\/posts\/16856\/revisions\/16868"}],"wp:featuredmedia":[{"embeddable":true,"href":"https:\/\/myftinia-shkoder.org\/index.php?rest_route=\/wp\/v2\/media\/16866"}],"wp:attachment":[{"href":"https:\/\/myftinia-shkoder.org\/index.php?rest_route=%2Fwp%2Fv2%2Fmedia&parent=16856"}],"wp:term":[{"taxonomy":"category","embeddable":true,"href":"https:\/\/myftinia-shkoder.org\/index.php?rest_route=%2Fwp%2Fv2%2Fcategories&post=16856"},{"taxonomy":"post_tag","embeddable":true,"href":"https:\/\/myftinia-shkoder.org\/index.php?rest_route=%2Fwp%2Fv2%2Ftags&post=16856"}],"curies":[{"name":"wp","href":"https:\/\/api.w.org\/{rel}","templated":true}]}}