{"id":16869,"date":"2025-02-18T15:14:22","date_gmt":"2025-02-18T15:14:22","guid":{"rendered":"https:\/\/myftinia-shkoder.org\/?p=16869"},"modified":"2025-02-20T12:30:07","modified_gmt":"2025-02-20T12:30:07","slug":"me-ftese-nga-mbreti-i-bahrejnit-dhe-me-nje-pritje-zyrtare","status":"publish","type":"post","link":"https:\/\/myftinia-shkoder.org\/?p=16869","title":{"rendered":"Me ftes\u00eb mbret\u00ebrore Shejkhu Al-Az&#8217;harit mb\u00ebrrin n\u00eb Bahrejn"},"content":{"rendered":"<p class=\"x11i5rnm xat24cr x1mh8g0r x1vvkbs xtlvy1s x126k92a\" style=\"text-align: justify;\"><strong><span class=\"x193iq5w xeuugli x13faqbe x1vvkbs x1xmvt09 x1lliihq x1s928wv xhkezso x1gmr53x x1cpjm7i x1fgarty x1943h6x xudqn12 x3x7a5m x6prxxf xvq8zen xo1l8bm xzsf02u x1yc453h\" dir=\"auto\">Me ftes\u00eb mbret\u00ebrore Shejkhu Al-Az&#8217;harit mb\u00ebrrin n\u00eb Bahrejn<\/span><\/strong><\/p>\n<p dir=\"auto\" style=\"text-align: justify;\"><em>Shejkhu i Al-Az&#8217;harit mb\u00ebrrin n\u00eb kryeqytetin e Bahrejnit p\u00ebr t\u00eb marr\u00eb pjes\u00eb n\u00eb Konferenc\u00ebn e Dialogut Islamik-Islamik<\/em><\/p>\n<p dir=\"auto\" style=\"text-align: justify;\">Sot, e mart\u00eb, Shk\u00eblqesia e Tij, Imami i Madh Prof. Dr. Ahmed Al-Tajjib, Sheiku i Al-Az&#8217;harit dhe Kryetari i K\u00ebshillit t\u00eb Dijetar\u00ebve Musliman\u00eb, mb\u00ebrriti n\u00eb kryeqytetin e Bahreinit, Manama, p\u00ebr t\u00eb marr\u00eb pjes\u00eb n\u00eb aktivitetet e Konferenc\u00ebs s\u00eb Dialogut Islamik-Islamik, me tem\u00eb &#8220;Nj\u00eb Komb i Bashkuar dhe nj\u00eb Fat i P\u00ebrbashk\u00ebt&#8221;, q\u00eb do t\u00eb zhvillohet m\u00eb 19 dhe 20 shkurt.<\/p>\n<p dir=\"auto\" style=\"text-align: justify;\">Nj\u00eb pritje zyrtare iu organizua menj\u00ebher\u00eb pas mb\u00ebrritjes s\u00eb tij n\u00eb Aeroportin Nd\u00ebrkomb\u00ebtar t\u00eb Bahrejnit, ku u prit nga Shk\u00eblqesia e Tij, Sheiku Abdurahman ibn Muhamed ibn Rashid Al Khalifa, Kryetar i K\u00ebshillit t\u00eb Lart\u00eb p\u00ebr \u00c7\u00ebshtjet Islame, Z. Nawaf ibn Muhamed Al-Maawda, Minist\u00ebr i Drejt\u00ebsis\u00eb, \u00c7\u00ebshtjeve Islame dhe Vak\u00ebfeve, K\u00ebshilltari Muhamed Abduselam, Sekretar i P\u00ebrgjithsh\u00ebm i K\u00ebshillit t\u00eb Dijetar\u00ebve Musliman\u00eb, Ambasadorja Riham Abdulhamid, Ambasadorja e Egjiptit n\u00eb Mbret\u00ebrin\u00eb e Bahreinit, dhe Z. Selman ibn Isa ibn Hindi Al-Manai, Guvernatori i Muharakut.<\/p>\n<p dir=\"auto\" style=\"text-align: justify;\">Konferenca mbahet n\u00ebn kujdesin e Madh\u00ebris\u00eb s\u00eb Tij, Mbretit Hamad ibn Isa Al Khalifa, Mbreti i Bahrejnit, dhe organizohet nga Al-Az&#8217;hari, K\u00ebshilli i Lart\u00eb p\u00ebr \u00c7\u00ebshtjet Islame n\u00eb Bahrejn dhe K\u00ebshilli i Dijetar\u00ebve Musliman\u00eb.<\/p>\n<p dir=\"auto\" style=\"text-align: justify;\">M\u00eb shum\u00eb se 400 personalitete, p\u00ebrfshir\u00eb dijetar\u00eb, udh\u00ebheq\u00ebs fetar\u00eb, autoritete islame, intelektual\u00eb dhe studiues nga mbar\u00eb bota, do t\u00eb marrin pjes\u00eb n\u00eb k\u00ebt\u00eb konferenc\u00eb. Ky event \u00ebsht\u00eb p\u00ebrgjigje ndaj thirrjes s\u00eb Shejkhut t\u00eb Al-Az&#8217;harit, e cila u b\u00eb gjat\u00eb Konferenc\u00ebs s\u00eb Dialogut Lindje-Per\u00ebndim n\u00eb Bahrejn, n\u00eb n\u00ebntor t\u00eb vitit 2022, p\u00ebr t\u00eb forcuar \u00e7\u00ebshtjet islame dhe unitetin e musliman\u00ebve.<\/p>\n<p class=\"x11i5rnm xat24cr x1mh8g0r x1vvkbs xtlvy1s x126k92a\" style=\"text-align: justify;\">(officialazhareg)<\/p>\n<div id='gallery-1' class='gallery galleryid-16869 gallery-columns-5 gallery-size-thumbnail'><figure class='gallery-item'>\n\t\t\t<div class='gallery-icon landscape'>\n\t\t\t\t<a href='https:\/\/myftinia-shkoder.org\/?attachment_id=16874'><img loading=\"lazy\" decoding=\"async\" width=\"150\" height=\"150\" src=\"https:\/\/myftinia-shkoder.org\/wp-content\/uploads\/2025\/02\/Me-ftese-nga-Mbreti-i-Bahrejnit-dhe-me-nje-pritje-zyrtare\u2026-5-150x150.jpg\" class=\"attachment-thumbnail size-thumbnail\" alt=\"\" aria-describedby=\"gallery-1-16874\" \/><\/a>\n\t\t\t<\/div>\n\t\t\t\t<figcaption class='wp-caption-text gallery-caption' id='gallery-1-16874'>\n\t\t\t\tMe ftes\u00eb nga Mbreti i Bahrejnit dhe me nj\u00eb pritje zyrtare\u2026\n\t\t\t\t<\/figcaption><\/figure><figure class='gallery-item'>\n\t\t\t<div class='gallery-icon landscape'>\n\t\t\t\t<a href='https:\/\/myftinia-shkoder.org\/?attachment_id=16873'><img loading=\"lazy\" decoding=\"async\" width=\"150\" height=\"150\" src=\"https:\/\/myftinia-shkoder.org\/wp-content\/uploads\/2025\/02\/Me-ftese-nga-Mbreti-i-Bahrejnit-dhe-me-nje-pritje-zyrtare\u2026-4-150x150.jpg\" class=\"attachment-thumbnail size-thumbnail\" alt=\"\" aria-describedby=\"gallery-1-16873\" \/><\/a>\n\t\t\t<\/div>\n\t\t\t\t<figcaption class='wp-caption-text gallery-caption' id='gallery-1-16873'>\n\t\t\t\tMe ftes\u00eb nga Mbreti i Bahrejnit dhe me nj\u00eb pritje zyrtare\u2026\n\t\t\t\t<\/figcaption><\/figure><figure class='gallery-item'>\n\t\t\t<div class='gallery-icon landscape'>\n\t\t\t\t<a href='https:\/\/myftinia-shkoder.org\/?attachment_id=16872'><img loading=\"lazy\" decoding=\"async\" width=\"150\" height=\"150\" src=\"https:\/\/myftinia-shkoder.org\/wp-content\/uploads\/2025\/02\/Me-ftese-nga-Mbreti-i-Bahrejnit-dhe-me-nje-pritje-zyrtare\u2026-3-150x150.jpg\" class=\"attachment-thumbnail size-thumbnail\" alt=\"\" aria-describedby=\"gallery-1-16872\" \/><\/a>\n\t\t\t<\/div>\n\t\t\t\t<figcaption class='wp-caption-text gallery-caption' id='gallery-1-16872'>\n\t\t\t\tMe ftes\u00eb nga Mbreti i Bahrejnit dhe me nj\u00eb pritje zyrtare\u2026\n\t\t\t\t<\/figcaption><\/figure><figure class='gallery-item'>\n\t\t\t<div class='gallery-icon landscape'>\n\t\t\t\t<a href='https:\/\/myftinia-shkoder.org\/?attachment_id=16871'><img loading=\"lazy\" decoding=\"async\" width=\"150\" height=\"150\" src=\"https:\/\/myftinia-shkoder.org\/wp-content\/uploads\/2025\/02\/Me-ftese-nga-Mbreti-i-Bahrejnit-dhe-me-nje-pritje-zyrtare\u2026-2-150x150.jpg\" class=\"attachment-thumbnail size-thumbnail\" alt=\"\" aria-describedby=\"gallery-1-16871\" \/><\/a>\n\t\t\t<\/div>\n\t\t\t\t<figcaption class='wp-caption-text gallery-caption' id='gallery-1-16871'>\n\t\t\t\tMe ftes\u00eb nga Mbreti i Bahrejnit dhe me nj\u00eb pritje zyrtare\u2026\n\t\t\t\t<\/figcaption><\/figure><figure class='gallery-item'>\n\t\t\t<div class='gallery-icon landscape'>\n\t\t\t\t<a href='https:\/\/myftinia-shkoder.org\/?attachment_id=16870'><img loading=\"lazy\" decoding=\"async\" width=\"150\" height=\"150\" src=\"https:\/\/myftinia-shkoder.org\/wp-content\/uploads\/2025\/02\/Me-ftese-nga-Mbreti-i-Bahrejnit-dhe-me-nje-pritje-zyrtare\u2026-1-150x150.jpg\" class=\"attachment-thumbnail size-thumbnail\" alt=\"\" aria-describedby=\"gallery-1-16870\" \/><\/a>\n\t\t\t<\/div>\n\t\t\t\t<figcaption class='wp-caption-text gallery-caption' id='gallery-1-16870'>\n\t\t\t\tMe ftes\u00eb nga Mbreti i Bahrejnit dhe me nj\u00eb pritje zyrtare\u2026\n\t\t\t\t<\/figcaption><\/figure>\n\t\t<\/div>\n\n","protected":false},"excerpt":{"rendered":"<div class=\"mh-excerpt\"><p>Me ftes\u00eb mbret\u00ebrore Shejkhu Al-Az&#8217;harit mb\u00ebrrin n\u00eb Bahrejn Shejkhu i Al-Az&#8217;harit mb\u00ebrrin n\u00eb kryeqytetin e Bahrejnit p\u00ebr t\u00eb marr\u00eb pjes\u00eb n\u00eb Konferenc\u00ebn e Dialogut Islamik-Islamik Sot, e mart\u00eb, Shk\u00eblqesia e Tij, Imami i Madh Prof. <a class=\"mh-excerpt-more\" href=\"https:\/\/myftinia-shkoder.org\/?p=16869\" title=\"Me ftes\u00eb mbret\u00ebrore Shejkhu Al-Az&#8217;harit mb\u00ebrrin n\u00eb Bahrejn\">[&#8230;]<\/a><\/p>\n<\/div>","protected":false},"author":1,"featured_media":16870,"comment_status":"closed","ping_status":"closed","sticky":false,"template":"","format":"standard","meta":{"footnotes":""},"categories":[16],"tags":[],"class_list":["post-16869","post","type-post","status-publish","format-standard","has-post-thumbnail","hentry","category-bota-islame"],"_links":{"self":[{"href":"https:\/\/myftinia-shkoder.org\/index.php?rest_route=\/wp\/v2\/posts\/16869","targetHints":{"allow":["GET"]}}],"collection":[{"href":"https:\/\/myftinia-shkoder.org\/index.php?rest_route=\/wp\/v2\/posts"}],"about":[{"href":"https:\/\/myftinia-shkoder.org\/index.php?rest_route=\/wp\/v2\/types\/post"}],"author":[{"embeddable":true,"href":"https:\/\/myftinia-shkoder.org\/index.php?rest_route=\/wp\/v2\/users\/1"}],"replies":[{"embeddable":true,"href":"https:\/\/myftinia-shkoder.org\/index.php?rest_route=%2Fwp%2Fv2%2Fcomments&post=16869"}],"version-history":[{"count":2,"href":"https:\/\/myftinia-shkoder.org\/index.php?rest_route=\/wp\/v2\/posts\/16869\/revisions"}],"predecessor-version":[{"id":16885,"href":"https:\/\/myftinia-shkoder.org\/index.php?rest_route=\/wp\/v2\/posts\/16869\/revisions\/16885"}],"wp:featuredmedia":[{"embeddable":true,"href":"https:\/\/myftinia-shkoder.org\/index.php?rest_route=\/wp\/v2\/media\/16870"}],"wp:attachment":[{"href":"https:\/\/myftinia-shkoder.org\/index.php?rest_route=%2Fwp%2Fv2%2Fmedia&parent=16869"}],"wp:term":[{"taxonomy":"category","embeddable":true,"href":"https:\/\/myftinia-shkoder.org\/index.php?rest_route=%2Fwp%2Fv2%2Fcategories&post=16869"},{"taxonomy":"post_tag","embeddable":true,"href":"https:\/\/myftinia-shkoder.org\/index.php?rest_route=%2Fwp%2Fv2%2Ftags&post=16869"}],"curies":[{"name":"wp","href":"https:\/\/api.w.org\/{rel}","templated":true}]}}