{"id":16880,"date":"2025-02-20T12:13:19","date_gmt":"2025-02-20T12:13:19","guid":{"rendered":"https:\/\/myftinia-shkoder.org\/?p=16880"},"modified":"2025-02-20T12:13:19","modified_gmt":"2025-02-20T12:13:19","slug":"myftiu-i-shkodres-mori-pjese-ne-pritjen-e-festes-kombetare-te-shtetit-te-kuvajtit","status":"publish","type":"post","link":"https:\/\/myftinia-shkoder.org\/?p=16880","title":{"rendered":"Myftiu i Shkodr\u00ebs mori pjes\u00eb n\u00eb pritjen e fest\u00ebs komb\u00ebtare t\u00eb Shtetit t\u00eb Kuvajtit"},"content":{"rendered":"<p style=\"text-align: justify;\"><strong>Myftiu i Shkodr\u00ebs mori pjes\u00eb n\u00eb pritjen e fest\u00ebs komb\u00ebtare t\u00eb Shtetit t\u00eb Kuvajtit<\/strong><\/p>\n<p style=\"text-align: justify;\">Mbr\u00ebmjen e s\u00eb m\u00ebrkur\u00eb, m\u00eb 19 shkurt 2025, Myftiu i Shkodr\u00ebs, Imam Muhamed B. Sytari mori pjes\u00eb n\u00eb pritjen solemne t\u00eb organizuar nga Ambasada e Shtetit t\u00eb Kuvajtit n\u00eb Tiran\u00eb me rastin e 64 vjetorit t\u00eb Dit\u00ebs s\u00eb Pavar\u00ebsis\u00eb dhe 34 vjetorit t\u00eb Dit\u00ebs s\u00eb \u00c7lirimit s\u00eb Shtetit t\u00eb Kuvajtit.<\/p>\n<p style=\"text-align: justify;\">N\u00eb krye t\u00eb her\u00ebs, Myftiu Sytari uroi t\u00eb Ngarkuarin me Pun\u00eb t\u00eb Ambasad\u00ebs s\u00eb Kuvajtit t\u00eb Shqip\u00ebri, Sh.T.Z. Adnan Al-Ghunaim, festat komb\u00ebtare t\u00eb Shtetit t\u00eb Kuvajtit dhe nj\u00ebkoh\u00ebsisht e fal\u00ebnderoi p\u00ebr kontributet e \u00e7muara, institucionet dhe bamir\u00ebsit kuvajtian\u00eb kan\u00eb dh\u00ebn\u00eb dhe vazhdojn\u00eb t\u00eb japin n\u00eb qytetin e Shkodr\u00ebs dhe n\u00eb mbar\u00eb trojet shqiptare.<\/p>\n<p style=\"text-align: justify;\">Shteti i Kuvajtit \u00ebsht\u00eb nj\u00eb vend i pasur n\u00eb Gadishullin Arabik, i themeluar n\u00eb vitin 1961 dhe i njohur p\u00ebr kontributin e tij n\u00eb ndihm\u00ebn humanitare dhe zhvillimin global. P\u00ebrmes organizatave t\u00eb ndryshme dhe fondacioneve bamir\u00ebse, Kuvajti ka ndihmuar shum\u00eb vende, p\u00ebrfshir\u00eb edhe Shqip\u00ebrin\u00eb, n\u00eb nd\u00ebrtimin e shkollave, spitaleve, dhe mb\u00ebshtetjen e projekteve sociale dhe fetare.<\/p>\n<p style=\"text-align: justify;\">Myftinia Shkod\u00ebr shpreh mir\u00ebnjohjen e sa t\u00eb p\u00ebrs\u00ebritur p\u00ebr institucionet dhe bamir\u00ebsit e shumt\u00eb t\u00eb Shtetit t\u00eb Kuvajtit, t\u00eb cil\u00ebt n\u00eb k\u00ebto 35 vite kan\u00eb dh\u00ebn\u00eb nj\u00eb kontribut t\u00eb \u00e7muar n\u00eb rim\u00ebk\u00ebmbjen e infrastruktur\u00ebs s\u00eb jet\u00eb fetare, kulturore, bamir\u00ebse dhe sociale n\u00eb qytetin e Shkodr\u00ebs.<\/p>\n<div id='gallery-1' class='gallery galleryid-16880 gallery-columns-3 gallery-size-thumbnail'><figure class='gallery-item'>\n\t\t\t<div class='gallery-icon portrait'>\n\t\t\t\t<a href='https:\/\/myftinia-shkoder.org\/?attachment_id=16882'><img loading=\"lazy\" decoding=\"async\" width=\"150\" height=\"150\" src=\"https:\/\/myftinia-shkoder.org\/wp-content\/uploads\/2025\/02\/Myftiu-i-Shkodres-mori-pjese-ne-pritjen-e-festes-kombetare-te-Shtetit-te-Kuvajtit-2-150x150.jpg\" class=\"attachment-thumbnail size-thumbnail\" alt=\"\" aria-describedby=\"gallery-1-16882\" \/><\/a>\n\t\t\t<\/div>\n\t\t\t\t<figcaption class='wp-caption-text gallery-caption' id='gallery-1-16882'>\n\t\t\t\tMyftiu i Shkodr\u00ebs mori pjes\u00eb n\u00eb pritjen e fest\u00ebs komb\u00ebtare t\u00eb Shtetit t\u00eb Kuvajtit\n\t\t\t\t<\/figcaption><\/figure><figure class='gallery-item'>\n\t\t\t<div class='gallery-icon landscape'>\n\t\t\t\t<a href='https:\/\/myftinia-shkoder.org\/?attachment_id=16881'><img loading=\"lazy\" decoding=\"async\" width=\"150\" height=\"150\" src=\"https:\/\/myftinia-shkoder.org\/wp-content\/uploads\/2025\/02\/Myftiu-i-Shkodres-mori-pjese-ne-pritjen-e-festes-kombetare-te-Shtetit-te-Kuvajtit-1-150x150.jpg\" class=\"attachment-thumbnail size-thumbnail\" alt=\"\" aria-describedby=\"gallery-1-16881\" \/><\/a>\n\t\t\t<\/div>\n\t\t\t\t<figcaption class='wp-caption-text gallery-caption' id='gallery-1-16881'>\n\t\t\t\tMyftiu i Shkodr\u00ebs mori pjes\u00eb n\u00eb pritjen e fest\u00ebs komb\u00ebtare t\u00eb Shtetit t\u00eb Kuvajtit\n\t\t\t\t<\/figcaption><\/figure><figure class='gallery-item'>\n\t\t\t<div class='gallery-icon landscape'>\n\t\t\t\t<a href='https:\/\/myftinia-shkoder.org\/?attachment_id=16883'><img loading=\"lazy\" decoding=\"async\" width=\"150\" height=\"150\" src=\"https:\/\/myftinia-shkoder.org\/wp-content\/uploads\/2025\/02\/Myftiu-i-Shkodres-mori-pjese-ne-pritjen-e-festes-kombetare-te-Shtetit-te-Kuvajtit-3-150x150.jpg\" class=\"attachment-thumbnail size-thumbnail\" alt=\"\" aria-describedby=\"gallery-1-16883\" \/><\/a>\n\t\t\t<\/div>\n\t\t\t\t<figcaption class='wp-caption-text gallery-caption' id='gallery-1-16883'>\n\t\t\t\tMyftiu i Shkodr\u00ebs mori pjes\u00eb n\u00eb pritjen e fest\u00ebs komb\u00ebtare t\u00eb Shtetit t\u00eb Kuvajtit\n\t\t\t\t<\/figcaption><\/figure>\n\t\t<\/div>\n\n","protected":false},"excerpt":{"rendered":"<div class=\"mh-excerpt\"><p>Myftiu i Shkodr\u00ebs mori pjes\u00eb n\u00eb pritjen e fest\u00ebs komb\u00ebtare t\u00eb Shtetit t\u00eb Kuvajtit Mbr\u00ebmjen e s\u00eb m\u00ebrkur\u00eb, m\u00eb 19 shkurt 2025, Myftiu i Shkodr\u00ebs, Imam Muhamed B. Sytari mori pjes\u00eb n\u00eb pritjen solemne t\u00eb <a class=\"mh-excerpt-more\" href=\"https:\/\/myftinia-shkoder.org\/?p=16880\" title=\"Myftiu i Shkodr\u00ebs mori pjes\u00eb n\u00eb pritjen e fest\u00ebs komb\u00ebtare t\u00eb Shtetit t\u00eb Kuvajtit\">[&#8230;]<\/a><\/p>\n<\/div>","protected":false},"author":1,"featured_media":16881,"comment_status":"closed","ping_status":"closed","sticky":false,"template":"","format":"standard","meta":{"footnotes":""},"categories":[13],"tags":[],"class_list":["post-16880","post","type-post","status-publish","format-standard","has-post-thumbnail","hentry","category-aktualitet"],"_links":{"self":[{"href":"https:\/\/myftinia-shkoder.org\/index.php?rest_route=\/wp\/v2\/posts\/16880","targetHints":{"allow":["GET"]}}],"collection":[{"href":"https:\/\/myftinia-shkoder.org\/index.php?rest_route=\/wp\/v2\/posts"}],"about":[{"href":"https:\/\/myftinia-shkoder.org\/index.php?rest_route=\/wp\/v2\/types\/post"}],"author":[{"embeddable":true,"href":"https:\/\/myftinia-shkoder.org\/index.php?rest_route=\/wp\/v2\/users\/1"}],"replies":[{"embeddable":true,"href":"https:\/\/myftinia-shkoder.org\/index.php?rest_route=%2Fwp%2Fv2%2Fcomments&post=16880"}],"version-history":[{"count":1,"href":"https:\/\/myftinia-shkoder.org\/index.php?rest_route=\/wp\/v2\/posts\/16880\/revisions"}],"predecessor-version":[{"id":16884,"href":"https:\/\/myftinia-shkoder.org\/index.php?rest_route=\/wp\/v2\/posts\/16880\/revisions\/16884"}],"wp:featuredmedia":[{"embeddable":true,"href":"https:\/\/myftinia-shkoder.org\/index.php?rest_route=\/wp\/v2\/media\/16881"}],"wp:attachment":[{"href":"https:\/\/myftinia-shkoder.org\/index.php?rest_route=%2Fwp%2Fv2%2Fmedia&parent=16880"}],"wp:term":[{"taxonomy":"category","embeddable":true,"href":"https:\/\/myftinia-shkoder.org\/index.php?rest_route=%2Fwp%2Fv2%2Fcategories&post=16880"},{"taxonomy":"post_tag","embeddable":true,"href":"https:\/\/myftinia-shkoder.org\/index.php?rest_route=%2Fwp%2Fv2%2Ftags&post=16880"}],"curies":[{"name":"wp","href":"https:\/\/api.w.org\/{rel}","templated":true}]}}