{"id":16886,"date":"2025-02-20T12:36:12","date_gmt":"2025-02-20T12:36:12","guid":{"rendered":"https:\/\/myftinia-shkoder.org\/?p=16886"},"modified":"2025-02-20T12:36:12","modified_gmt":"2025-02-20T12:36:12","slug":"xhamia-alimetaj-zbukurohet-ne-prag-te-muajit-te-begate-te-ramazanit","status":"publish","type":"post","link":"https:\/\/myftinia-shkoder.org\/?p=16886","title":{"rendered":"Xhamia Alimetaj zbukurohet n\u00eb prag t\u00eb muajit t\u00eb Begat\u00eb t\u00eb Ramazanit"},"content":{"rendered":"<p style=\"text-align: justify;\"><strong>Xhamia Alimetaj zbukurohet n\u00eb prag t\u00eb muajit t\u00eb Begat\u00eb t\u00eb Ramazanit<\/strong><\/p>\n<p style=\"text-align: justify;\">Fryma e begat\u00eb e parap\u00ebrgatitjes p\u00ebr pritjen e muajti t\u00eb Madh\u00ebruesh\u00ebm t\u00eb Ramazanit \u00ebsht\u00eb n\u00eb vetvete nj\u00eb mir\u00ebsi e madhe nga Zoti i gjith\u00ebsis\u00eb, i Cili na t\u00ebrheq drejt m\u00ebshir\u00ebs dhe faljes s\u00eb Tij edhe n\u00ebp\u00ebrmjet p\u00ebrgatitjes ton\u00eb p\u00ebr pritjen e muajit t\u00eb Madh\u00ebruesh\u00ebm t\u00eb Ramazanit.<\/p>\n<p style=\"text-align: justify;\">Gjithandej n\u00eb xhami t\u00eb ndryshme dhe n\u00eb sht\u00ebpit\u00eb e besimtar\u00ebve shihen p\u00ebrgatitjet p\u00ebr ta pritur si duhet muajin e Begat\u00eb t\u00eb m\u00ebshir\u00ebs dhe faljes.<\/p>\n<p style=\"text-align: justify;\">Edhe n\u00eb xhamin\u00eb e fshatit Alimetaj, n\u00ebn drejtimin e imamit t\u00eb saj, H. Lulzim Beqiri, k\u00ebshillit t\u00eb xhamis\u00eb dhe besimtar\u00ebve po punohet p\u00ebr lyerjen, pastrimin dhe zbukurimin e xhamis\u00eb n\u00eb prag t\u00eb muajit t\u00eb Madh\u00ebruesh\u00ebm t\u00eb Ramazanit.<\/p>\n<p style=\"text-align: justify;\">Patjet\u00ebr, q\u00eb mir\u00ebmbajtja e xhamive \u00ebsht\u00eb porosi kur\u2019anore dhe tradit\u00eb e Pejgamberit ton\u00eb (a.s), dhe angazhim i p\u00ebrhersh\u00ebm i besimtar\u00ebve, q\u00eb zemrat i kan\u00eb t\u00eb lidhura pas sht\u00ebpive t\u00eb Allahut.<\/p>\n<p style=\"text-align: justify;\">Kjo tradit\u00eb e bukur e trash\u00ebguar nd\u00ebr shekuj n\u00eb mesin e\u00a0 besimtar\u00ebve shkodran\u00eb, por jo vet\u00ebm, n\u00eb prag t\u00eb muajit t\u00eb Madh\u00ebruesh\u00ebm t\u00eb Ramazanit \u00ebsht\u00eb sinjali m\u00eb i mir\u00eb p\u00ebr t\u00eb gjith\u00eb besimtar\u00ebt dhe komunitetin mbar\u00eb, q\u00eb nj\u00eb muaj i madh\u00ebruesh\u00ebm po vjen dhe si\u00e7 p\u00ebrkujdesemi p\u00ebr pamjen e jashtme t\u00eb xhamive tona, ashtu duhet t\u00eb p\u00ebrkujdesemi edhe p\u00ebr t\u00eb brendshmen e zemrave tona, dhe p\u00ebrgatitjen e duhur p\u00ebr ta pritur muajin e Madh\u00ebruesh\u00ebm t\u00eb Ramazanit me pendim, kthim nga dyert e Allahut (a.xh) dhe drejtim nga dashnia dhe m\u00ebshira e Tij.<\/p>\n<p style=\"text-align: justify;\">Myftinia Shkod\u00ebr fal\u00ebnderon besimtar\u00ebt bujar\u00eb t\u00eb zon\u00ebs s\u00eb An\u00ebs s\u00eb Malit p\u00ebr kontributet e tyre t\u00eb vazhdueshme p\u00ebr mir\u00ebmbajtjen e xhamive, p\u00ebr sistemimin e oborreve, p\u00ebr lyerjen dhe frym\u00ebn e p\u00ebrkushtimit t\u00eb d\u00ebshmuar ndaj besimit dhe traditave islame nd\u00ebr shekuj.<\/p>\n<div id='gallery-1' class='gallery galleryid-16886 gallery-columns-6 gallery-size-thumbnail'><figure class='gallery-item'>\n\t\t\t<div class='gallery-icon portrait'>\n\t\t\t\t<a href='https:\/\/myftinia-shkoder.org\/?attachment_id=16892'><img loading=\"lazy\" decoding=\"async\" width=\"150\" height=\"150\" src=\"https:\/\/myftinia-shkoder.org\/wp-content\/uploads\/2025\/02\/Xhamia-Alimetaj-zbukurohet-ne-prag-te-muajit-te-Begate-te-Ramazanit-10-150x150.jpg\" class=\"attachment-thumbnail size-thumbnail\" alt=\"\" aria-describedby=\"gallery-1-16892\" \/><\/a>\n\t\t\t<\/div>\n\t\t\t\t<figcaption class='wp-caption-text gallery-caption' id='gallery-1-16892'>\n\t\t\t\tXhamia Alimetaj zbukurohet n\u00eb prag t\u00eb muajit t\u00eb Begat\u00eb t\u00eb Ramazanit\n\t\t\t\t<\/figcaption><\/figure><figure class='gallery-item'>\n\t\t\t<div class='gallery-icon portrait'>\n\t\t\t\t<a href='https:\/\/myftinia-shkoder.org\/?attachment_id=16891'><img loading=\"lazy\" decoding=\"async\" width=\"150\" height=\"150\" src=\"https:\/\/myftinia-shkoder.org\/wp-content\/uploads\/2025\/02\/Xhamia-Alimetaj-zbukurohet-ne-prag-te-muajit-te-Begate-te-Ramazanit-7-150x150.jpg\" class=\"attachment-thumbnail size-thumbnail\" alt=\"\" aria-describedby=\"gallery-1-16891\" \/><\/a>\n\t\t\t<\/div>\n\t\t\t\t<figcaption class='wp-caption-text gallery-caption' id='gallery-1-16891'>\n\t\t\t\tXhamia Alimetaj zbukurohet n\u00eb prag t\u00eb muajit t\u00eb Begat\u00eb t\u00eb Ramazanit\n\t\t\t\t<\/figcaption><\/figure><figure class='gallery-item'>\n\t\t\t<div class='gallery-icon portrait'>\n\t\t\t\t<a href='https:\/\/myftinia-shkoder.org\/?attachment_id=16890'><img loading=\"lazy\" decoding=\"async\" width=\"150\" height=\"150\" src=\"https:\/\/myftinia-shkoder.org\/wp-content\/uploads\/2025\/02\/Xhamia-Alimetaj-zbukurohet-ne-prag-te-muajit-te-Begate-te-Ramazanit-6-150x150.jpg\" class=\"attachment-thumbnail size-thumbnail\" alt=\"\" aria-describedby=\"gallery-1-16890\" \/><\/a>\n\t\t\t<\/div>\n\t\t\t\t<figcaption class='wp-caption-text gallery-caption' id='gallery-1-16890'>\n\t\t\t\tXhamia Alimetaj zbukurohet n\u00eb prag t\u00eb muajit t\u00eb Begat\u00eb t\u00eb Ramazanit\n\t\t\t\t<\/figcaption><\/figure><figure class='gallery-item'>\n\t\t\t<div class='gallery-icon landscape'>\n\t\t\t\t<a href='https:\/\/myftinia-shkoder.org\/?attachment_id=16889'><img loading=\"lazy\" decoding=\"async\" width=\"150\" height=\"150\" src=\"https:\/\/myftinia-shkoder.org\/wp-content\/uploads\/2025\/02\/Xhamia-Alimetaj-zbukurohet-ne-prag-te-muajit-te-Begate-te-Ramazanit-5-150x150.jpg\" class=\"attachment-thumbnail size-thumbnail\" alt=\"\" aria-describedby=\"gallery-1-16889\" \/><\/a>\n\t\t\t<\/div>\n\t\t\t\t<figcaption class='wp-caption-text gallery-caption' id='gallery-1-16889'>\n\t\t\t\tXhamia Alimetaj zbukurohet n\u00eb prag t\u00eb muajit t\u00eb Begat\u00eb t\u00eb Ramazanit\n\t\t\t\t<\/figcaption><\/figure><figure class='gallery-item'>\n\t\t\t<div class='gallery-icon landscape'>\n\t\t\t\t<a href='https:\/\/myftinia-shkoder.org\/?attachment_id=16888'><img loading=\"lazy\" decoding=\"async\" width=\"150\" height=\"150\" src=\"https:\/\/myftinia-shkoder.org\/wp-content\/uploads\/2025\/02\/Xhamia-Alimetaj-zbukurohet-ne-prag-te-muajit-te-Begate-te-Ramazanit-3-150x150.jpg\" class=\"attachment-thumbnail size-thumbnail\" alt=\"\" aria-describedby=\"gallery-1-16888\" \/><\/a>\n\t\t\t<\/div>\n\t\t\t\t<figcaption class='wp-caption-text gallery-caption' id='gallery-1-16888'>\n\t\t\t\tXhamia Alimetaj zbukurohet n\u00eb prag t\u00eb muajit t\u00eb Begat\u00eb t\u00eb Ramazanit\n\t\t\t\t<\/figcaption><\/figure><figure class='gallery-item'>\n\t\t\t<div class='gallery-icon landscape'>\n\t\t\t\t<a href='https:\/\/myftinia-shkoder.org\/?attachment_id=16887'><img loading=\"lazy\" decoding=\"async\" width=\"150\" height=\"150\" src=\"https:\/\/myftinia-shkoder.org\/wp-content\/uploads\/2025\/02\/Xhamia-Alimetaj-zbukurohet-ne-prag-te-muajit-te-Begate-te-Ramazanit-2-150x150.jpg\" class=\"attachment-thumbnail size-thumbnail\" alt=\"\" aria-describedby=\"gallery-1-16887\" \/><\/a>\n\t\t\t<\/div>\n\t\t\t\t<figcaption class='wp-caption-text gallery-caption' id='gallery-1-16887'>\n\t\t\t\tXhamia Alimetaj zbukurohet n\u00eb prag t\u00eb muajit t\u00eb Begat\u00eb t\u00eb Ramazanit\n\t\t\t\t<\/figcaption><\/figure>\n\t\t<\/div>\n\n","protected":false},"excerpt":{"rendered":"<div class=\"mh-excerpt\"><p>Xhamia Alimetaj zbukurohet n\u00eb prag t\u00eb muajit t\u00eb Begat\u00eb t\u00eb Ramazanit Fryma e begat\u00eb e parap\u00ebrgatitjes p\u00ebr pritjen e muajti t\u00eb Madh\u00ebruesh\u00ebm t\u00eb Ramazanit \u00ebsht\u00eb n\u00eb vetvete nj\u00eb mir\u00ebsi e madhe nga Zoti i gjith\u00ebsis\u00eb, <a class=\"mh-excerpt-more\" href=\"https:\/\/myftinia-shkoder.org\/?p=16886\" title=\"Xhamia Alimetaj zbukurohet n\u00eb prag t\u00eb muajit t\u00eb Begat\u00eb t\u00eb Ramazanit\">[&#8230;]<\/a><\/p>\n<\/div>","protected":false},"author":1,"featured_media":16889,"comment_status":"closed","ping_status":"closed","sticky":false,"template":"","format":"standard","meta":{"footnotes":""},"categories":[36],"tags":[],"class_list":["post-16886","post","type-post","status-publish","format-standard","has-post-thumbnail","hentry","category-ramazan-1446-2025"],"_links":{"self":[{"href":"https:\/\/myftinia-shkoder.org\/index.php?rest_route=\/wp\/v2\/posts\/16886","targetHints":{"allow":["GET"]}}],"collection":[{"href":"https:\/\/myftinia-shkoder.org\/index.php?rest_route=\/wp\/v2\/posts"}],"about":[{"href":"https:\/\/myftinia-shkoder.org\/index.php?rest_route=\/wp\/v2\/types\/post"}],"author":[{"embeddable":true,"href":"https:\/\/myftinia-shkoder.org\/index.php?rest_route=\/wp\/v2\/users\/1"}],"replies":[{"embeddable":true,"href":"https:\/\/myftinia-shkoder.org\/index.php?rest_route=%2Fwp%2Fv2%2Fcomments&post=16886"}],"version-history":[{"count":1,"href":"https:\/\/myftinia-shkoder.org\/index.php?rest_route=\/wp\/v2\/posts\/16886\/revisions"}],"predecessor-version":[{"id":16893,"href":"https:\/\/myftinia-shkoder.org\/index.php?rest_route=\/wp\/v2\/posts\/16886\/revisions\/16893"}],"wp:featuredmedia":[{"embeddable":true,"href":"https:\/\/myftinia-shkoder.org\/index.php?rest_route=\/wp\/v2\/media\/16889"}],"wp:attachment":[{"href":"https:\/\/myftinia-shkoder.org\/index.php?rest_route=%2Fwp%2Fv2%2Fmedia&parent=16886"}],"wp:term":[{"taxonomy":"category","embeddable":true,"href":"https:\/\/myftinia-shkoder.org\/index.php?rest_route=%2Fwp%2Fv2%2Fcategories&post=16886"},{"taxonomy":"post_tag","embeddable":true,"href":"https:\/\/myftinia-shkoder.org\/index.php?rest_route=%2Fwp%2Fv2%2Ftags&post=16886"}],"curies":[{"name":"wp","href":"https:\/\/api.w.org\/{rel}","templated":true}]}}