{"id":16894,"date":"2025-02-20T14:13:45","date_gmt":"2025-02-20T14:13:45","guid":{"rendered":"https:\/\/myftinia-shkoder.org\/?p=16894"},"modified":"2025-02-20T14:27:02","modified_gmt":"2025-02-20T14:27:02","slug":"myftiu-i-shkodres-kaloni-me-shume-kohe-me-femijet-tuaj","status":"publish","type":"post","link":"https:\/\/myftinia-shkoder.org\/?p=16894","title":{"rendered":"Myftiu i Shkodr\u00ebs: \u201cKaloni m\u00eb shum\u00eb koh\u00eb me f\u00ebmij\u00ebt tuaj\u201d"},"content":{"rendered":"<p style=\"text-align: justify;\"><strong>Myftiu i Shkodr\u00ebs: \u201cKaloni m\u00eb shum\u00eb koh\u00eb me f\u00ebmij\u00ebt tuaj\u201d<\/strong><\/p>\n<p style=\"text-align: justify;\">N\u00ebp\u00ebrmjet nj\u00eb mesazhi t\u00eb shp\u00ebrndar\u00eb dit\u00ebn e sotme, m\u00eb 20 shkurt 2025, Myftiu i Shkodr\u00ebs, Imam Muhamed B. Sytari trajton problematik\u00ebn e marr\u00ebdh\u00ebnieve nd\u00ebrmjet prind\u00ebrve dhe f\u00ebmij\u00ebve t\u00eb tyre.<\/p>\n<p style=\"text-align: justify;\">Myftiu i Shkodr\u00ebs t\u00ebrheq v\u00ebmendjen, se n\u00eb shum\u00eb vende n\u00eb Kur\u2019anin Fam\u00eblart\u00eb p\u00ebrmendet thirrja: \u201cJa bunejja\u201d (O biri im!).N\u00eb k\u00ebt\u00eb kontekst, Myftiu Sytari sjell rastin e Hazreti Lukmanit (a.s) me t\u00eb birin, Hazreti Nuhin (a.s) me t\u00eb birin, Hazreti Daudin (a.s), Ibrahimin (a.s) me t\u00eb birin Ismailin (a.s), etj, ku v\u00eb theksin te r\u00ebnd\u00ebsia q\u00eb ka p\u00ebrkujdesja e prindit p\u00ebr t\u00eb kaluar sa m\u00eb shum\u00eb koh\u00eb me f\u00ebmij\u00ebn, duke e kuptuar at\u00eb dhe duke i dh\u00ebn\u00eb mund\u00ebsi p\u00ebr t\u2019u shprehur, duke u b\u00ebr\u00eb i dashtur dhe i besuesh\u00ebm p\u00ebr f\u00ebmij\u00ebn.<\/p>\n<p style=\"text-align: justify;\">Myftiu v\u00eb n\u00eb dukje p\u00ebrhapjen e fenomenit t\u00eb konsumimit t\u00eb duhanit, por jo vet\u00ebm, nga moshat e reja dhe prishjen e fjalorit n\u00eb komunikim, sidomos n\u00eb moshat e reja, djem dhe vajza. Dhe n\u00eb k\u00ebt\u00eb kontekst i t\u00ebrheq v\u00ebmendjen prind\u00ebrve, q\u00eb t\u00eb jen\u00eb m\u00eb t\u00eb kujdessh\u00ebm me f\u00ebmij\u00ebt e tyre dhe mos lejojn\u00eb q\u00eb f\u00ebmij\u00ebt t\u00eb infektohen nga thirrje dhe ide, q\u00eb i largojn\u00eb nga trash\u00ebgimia dhe tabani qytetar.<\/p>\n<p style=\"text-align: justify;\">Nd\u00ebrkaq, Myftiu Sytari t\u00ebrheq v\u00ebmendjen e nj\u00eb fenomeni tjet\u00ebr q\u00eb \u00ebsht\u00eb krijimi i var\u00ebsis\u00eb s\u00eb f\u00ebmij\u00ebve ndaj rrjeteve sociale dhe pajisjeve elektronike, ku thekson se detyra e prind\u00ebrit \u00ebsht\u00eb t\u00eb flas\u00eb me f\u00ebmij\u00ebn e tij, t\u00eb gjej\u00eb m\u00ebnyra p\u00ebr t\u00eb komunikuar, si\u00e7 Pejgamberi (a.s) n\u00eb shum\u00eb vende na tregon se si komunikonte me f\u00ebmij\u00ebt, duke iu referuar rastit t\u00eb Hazreti Hasanit (r.a), t\u00eb cilin e kishte marr\u00eb nj\u00eb dit\u00eb n\u00eb krah\u00eb, n\u00eb minberin e xhumas\u00eb, ku thoshte p\u00ebr t\u00eb: \u201cKy djali im \u00ebsht\u00eb zot\u00ebri!\u201d.<\/p>\n<p style=\"text-align: justify;\">N\u00eb fund t\u00eb mesazhit, \u00a0Myftiu u lut q\u00eb Allahu i Madh\u00ebruar t\u00eb na ruaj\u00eb f\u00ebmij\u00ebt tan\u00eb dhe t\u00eb na b\u00ebj\u00eb ne si prind t\u00eb p\u00ebrgjegjsh\u00ebm p\u00ebr f\u00ebmij\u00ebt tan\u00eb.<\/p>\n<p><strong><span class=\"x193iq5w xeuugli x13faqbe x1vvkbs x1xmvt09 x1lliihq x1s928wv xhkezso x1gmr53x x1cpjm7i x1fgarty x1943h6x xudqn12 x3x7a5m x6prxxf xvq8zen xo1l8bm xzsf02u x1yc453h\" dir=\"auto\">K\u00ebtu mund ta ndiqni mesazhin e plot\u00eb:<\/span><\/strong><\/p>\n<p><iframe loading=\"lazy\" title=\"Shko n\u00eb sht\u00ebpi dhe grindu me f\u00ebmij\u00ebt e tu!\" width=\"500\" height=\"281\" src=\"https:\/\/www.youtube.com\/embed\/cK4kt3Ao1-k?feature=oembed\" frameborder=\"0\" allow=\"accelerometer; autoplay; clipboard-write; encrypted-media; gyroscope; picture-in-picture; web-share\" referrerpolicy=\"strict-origin-when-cross-origin\" allowfullscreen><\/iframe><\/p>\n","protected":false},"excerpt":{"rendered":"<div class=\"mh-excerpt\"><p>Myftiu i Shkodr\u00ebs: \u201cKaloni m\u00eb shum\u00eb koh\u00eb me f\u00ebmij\u00ebt tuaj\u201d N\u00ebp\u00ebrmjet nj\u00eb mesazhi t\u00eb shp\u00ebrndar\u00eb dit\u00ebn e sotme, m\u00eb 20 shkurt 2025, Myftiu i Shkodr\u00ebs, Imam Muhamed B. Sytari trajton problematik\u00ebn e marr\u00ebdh\u00ebnieve nd\u00ebrmjet prind\u00ebrve <a class=\"mh-excerpt-more\" href=\"https:\/\/myftinia-shkoder.org\/?p=16894\" title=\"Myftiu i Shkodr\u00ebs: \u201cKaloni m\u00eb shum\u00eb koh\u00eb me f\u00ebmij\u00ebt tuaj\u201d\">[&#8230;]<\/a><\/p>\n<\/div>","protected":false},"author":1,"featured_media":16895,"comment_status":"closed","ping_status":"closed","sticky":false,"template":"","format":"standard","meta":{"footnotes":""},"categories":[6],"tags":[],"class_list":["post-16894","post","type-post","status-publish","format-standard","has-post-thumbnail","hentry","category-mesazhe"],"_links":{"self":[{"href":"https:\/\/myftinia-shkoder.org\/index.php?rest_route=\/wp\/v2\/posts\/16894","targetHints":{"allow":["GET"]}}],"collection":[{"href":"https:\/\/myftinia-shkoder.org\/index.php?rest_route=\/wp\/v2\/posts"}],"about":[{"href":"https:\/\/myftinia-shkoder.org\/index.php?rest_route=\/wp\/v2\/types\/post"}],"author":[{"embeddable":true,"href":"https:\/\/myftinia-shkoder.org\/index.php?rest_route=\/wp\/v2\/users\/1"}],"replies":[{"embeddable":true,"href":"https:\/\/myftinia-shkoder.org\/index.php?rest_route=%2Fwp%2Fv2%2Fcomments&post=16894"}],"version-history":[{"count":2,"href":"https:\/\/myftinia-shkoder.org\/index.php?rest_route=\/wp\/v2\/posts\/16894\/revisions"}],"predecessor-version":[{"id":16897,"href":"https:\/\/myftinia-shkoder.org\/index.php?rest_route=\/wp\/v2\/posts\/16894\/revisions\/16897"}],"wp:featuredmedia":[{"embeddable":true,"href":"https:\/\/myftinia-shkoder.org\/index.php?rest_route=\/wp\/v2\/media\/16895"}],"wp:attachment":[{"href":"https:\/\/myftinia-shkoder.org\/index.php?rest_route=%2Fwp%2Fv2%2Fmedia&parent=16894"}],"wp:term":[{"taxonomy":"category","embeddable":true,"href":"https:\/\/myftinia-shkoder.org\/index.php?rest_route=%2Fwp%2Fv2%2Fcategories&post=16894"},{"taxonomy":"post_tag","embeddable":true,"href":"https:\/\/myftinia-shkoder.org\/index.php?rest_route=%2Fwp%2Fv2%2Ftags&post=16894"}],"curies":[{"name":"wp","href":"https:\/\/api.w.org\/{rel}","templated":true}]}}