{"id":16898,"date":"2025-02-21T10:13:19","date_gmt":"2025-02-21T10:13:19","guid":{"rendered":"https:\/\/myftinia-shkoder.org\/?p=16898"},"modified":"2025-02-21T10:13:19","modified_gmt":"2025-02-21T10:13:19","slug":"pendimi-dhe-kthimi-tek-allahu-si-parapergatitje-per-pritjen-e-muajit-te-begate-te-ramazanit","status":"publish","type":"post","link":"https:\/\/myftinia-shkoder.org\/?p=16898","title":{"rendered":"Pendimi dhe kthimi tek Allahu si parap\u00ebrgatitje p\u00ebr pritjen e muajit t\u00eb Begat\u00eb t\u00eb Ramazanit"},"content":{"rendered":"<p style=\"text-align: justify;\"><strong>Pendimi dhe kthimi tek Allahu si parap\u00ebrgatitje p\u00ebr pritjen e muajit t\u00eb Begat\u00eb t\u00eb Ramazanit<\/strong><\/p>\n<p style=\"text-align: justify;\">N\u00eb vijim t\u00eb ciklit t\u00eb ligj\u00ebratave me tem\u00eb: &#8220;Tre Muajt e Mir\u00eb dhe thirrja e besimit&#8221;, mbr\u00ebmjen e s\u00eb enjtes, m\u00eb 20 shkurt 2025, n\u00eb vend t\u00eb Myftiut t\u00eb Shkodr\u00ebs, Imam Muhamed B. Sytari, p\u00ebr shkak t\u00eb nj\u00eb udh\u00ebtimi t\u00eb paplanifikuar, ligj\u00ebrat\u00ebn e k\u00ebsaj mbr\u00ebmjeje, n\u00eb xhamin\u00eb e fshatit Shtuf, e mbajti teologu Lavdrim Hamja, imam i xhamis\u00eb s\u00eb \u201cDy Vajzave\u201d.<\/p>\n<p style=\"text-align: justify;\">N\u00eb ligj\u00ebrat\u00ebn e tij, teologu Hamja u ndal te r\u00ebnd\u00ebsia e kthimit tek Allahu i Madh\u00ebruar si parap\u00ebrgatitje e pritje s\u00eb muajit t\u00eb Begat\u00eb t\u00eb Ramazanit. Ai theksoi se pendimi \u00ebsht\u00eb nj\u00eb cil\u00ebsi e lart\u00eb e besimtar\u00ebve dhe prej m\u00ebshir\u00ebs s\u00eb Allahut \u00ebsht\u00eb se, kur robi pendohet dhe kthehet te Zoti i tij, edhe gabimet ia kthen n\u00eb vepra t\u00eb mira. K\u00ebt\u00eb e v\u00ebrteton m\u00eb s\u00eb miri ajeti kur\u2019anor, kur Zoti i Madh\u00ebruar thot\u00eb n\u00eb Kur\u2019anin Fam\u00eblart\u00eb: \u201cP\u00ebrve\u00e7 atij q\u00eb pendohet, beson dhe b\u00ebn vepra t\u00eb mira, t\u00eb till\u00ebve, Allahu ua kthen t\u00eb k\u00ebqija e tyre n\u00eb t\u00eb mira. Me t\u00eb v\u00ebrtet\u00eb Allahu \u00ebsht\u00eb Fal\u00ebs, M\u00ebshirues!\u201d \u2013 (Kur\u2019ani, El-Furkan: 70)<\/p>\n<p style=\"text-align: justify;\">M\u00eb tej, imami i nderuar solli shembuj t\u00eb ndrysh\u00ebm t\u00eb pendimeve nga Kur\u2019ani Fam\u00eblart\u00eb, hadithet e Pejgamberit (a.s) dhe nga brezat e par\u00eb, t\u00eb cil\u00ebt me pendimin e tyre jan\u00eb kthyer n\u00eb njer\u00ebz t\u00eb devotsh\u00ebm dhe t\u00eb p\u00ebrkushtuar, p\u00ebrmes adhurimit dhe veprave t\u00eb mira.<\/p>\n<p style=\"text-align: justify;\">Teologu Hamja fal\u00ebnderoi imamin e xhamis\u00eb s\u00eb fshatit Shtuf, H. Fehmi Dushku p\u00ebr angazhimin dhe sh\u00ebrbimet e tij n\u00eb k\u00ebt\u00eb xhami, si dhe besimtar\u00ebt e saj t\u00eb p\u00ebrkushtuar, t\u00eb cil\u00ebt e mir\u00ebmbajn\u00eb dhe p\u00ebrkujdesen p\u00ebr t\u00eb.<\/p>\n<p style=\"text-align: justify;\">Cikli: &#8220;Tre Muajt e Mir\u00eb dhe thirrja e besimit&#8221; do t\u00eb vazhdoj\u00eb me ligj\u00ebrat\u00ebn e radh\u00ebs n\u00eb xhamin\u00eb e fshatit M\u00eblgush\u00eb, dit\u00ebn e enjte, m\u00eb 27 shkurt 2025.<\/p>\n<div id='gallery-1' class='gallery galleryid-16898 gallery-columns-5 gallery-size-thumbnail'><figure class='gallery-item'>\n\t\t\t<div class='gallery-icon landscape'>\n\t\t\t\t<a href='https:\/\/myftinia-shkoder.org\/?attachment_id=16904'><img loading=\"lazy\" decoding=\"async\" width=\"150\" height=\"150\" src=\"https:\/\/myftinia-shkoder.org\/wp-content\/uploads\/2025\/02\/Pendimi-dhe-kthimi-tek-Allahu-si-parapergatitje-per-pritjen-e-muajit-te-Begate-te-Ramazanit-48-150x150.jpg\" class=\"attachment-thumbnail size-thumbnail\" alt=\"\" aria-describedby=\"gallery-1-16904\" \/><\/a>\n\t\t\t<\/div>\n\t\t\t\t<figcaption class='wp-caption-text gallery-caption' id='gallery-1-16904'>\n\t\t\t\tPendimi dhe kthimi tek Allahu si parap\u00ebrgatitje p\u00ebr pritjen e muajit t\u00eb Begat\u00eb t\u00eb Ramazanit\n\t\t\t\t<\/figcaption><\/figure><figure class='gallery-item'>\n\t\t\t<div class='gallery-icon landscape'>\n\t\t\t\t<a href='https:\/\/myftinia-shkoder.org\/?attachment_id=16903'><img loading=\"lazy\" decoding=\"async\" width=\"150\" height=\"150\" src=\"https:\/\/myftinia-shkoder.org\/wp-content\/uploads\/2025\/02\/Pendimi-dhe-kthimi-tek-Allahu-si-parapergatitje-per-pritjen-e-muajit-te-Begate-te-Ramazanit-43-150x150.jpg\" class=\"attachment-thumbnail size-thumbnail\" alt=\"\" aria-describedby=\"gallery-1-16903\" \/><\/a>\n\t\t\t<\/div>\n\t\t\t\t<figcaption class='wp-caption-text gallery-caption' id='gallery-1-16903'>\n\t\t\t\tPendimi dhe kthimi tek Allahu si parap\u00ebrgatitje p\u00ebr pritjen e muajit t\u00eb Begat\u00eb t\u00eb Ramazanit\n\t\t\t\t<\/figcaption><\/figure><figure class='gallery-item'>\n\t\t\t<div class='gallery-icon landscape'>\n\t\t\t\t<a href='https:\/\/myftinia-shkoder.org\/?attachment_id=16902'><img loading=\"lazy\" decoding=\"async\" width=\"150\" height=\"150\" src=\"https:\/\/myftinia-shkoder.org\/wp-content\/uploads\/2025\/02\/Pendimi-dhe-kthimi-tek-Allahu-si-parapergatitje-per-pritjen-e-muajit-te-Begate-te-Ramazanit-31-150x150.jpg\" class=\"attachment-thumbnail size-thumbnail\" alt=\"\" aria-describedby=\"gallery-1-16902\" \/><\/a>\n\t\t\t<\/div>\n\t\t\t\t<figcaption class='wp-caption-text gallery-caption' id='gallery-1-16902'>\n\t\t\t\tPendimi dhe kthimi tek Allahu si parap\u00ebrgatitje p\u00ebr pritjen e muajit t\u00eb Begat\u00eb t\u00eb Ramazanit\n\t\t\t\t<\/figcaption><\/figure><figure class='gallery-item'>\n\t\t\t<div class='gallery-icon landscape'>\n\t\t\t\t<a href='https:\/\/myftinia-shkoder.org\/?attachment_id=16901'><img loading=\"lazy\" decoding=\"async\" width=\"150\" height=\"150\" src=\"https:\/\/myftinia-shkoder.org\/wp-content\/uploads\/2025\/02\/Pendimi-dhe-kthimi-tek-Allahu-si-parapergatitje-per-pritjen-e-muajit-te-Begate-te-Ramazanit-14-150x150.jpg\" class=\"attachment-thumbnail size-thumbnail\" alt=\"\" aria-describedby=\"gallery-1-16901\" \/><\/a>\n\t\t\t<\/div>\n\t\t\t\t<figcaption class='wp-caption-text gallery-caption' id='gallery-1-16901'>\n\t\t\t\tPendimi dhe kthimi tek Allahu si parap\u00ebrgatitje p\u00ebr pritjen e muajit t\u00eb Begat\u00eb t\u00eb Ramazanit\n\t\t\t\t<\/figcaption><\/figure><figure class='gallery-item'>\n\t\t\t<div class='gallery-icon landscape'>\n\t\t\t\t<a href='https:\/\/myftinia-shkoder.org\/?attachment_id=16900'><img loading=\"lazy\" decoding=\"async\" width=\"150\" height=\"150\" src=\"https:\/\/myftinia-shkoder.org\/wp-content\/uploads\/2025\/02\/Pendimi-dhe-kthimi-tek-Allahu-si-parapergatitje-per-pritjen-e-muajit-te-Begate-te-Ramazanit-5-150x150.jpg\" class=\"attachment-thumbnail size-thumbnail\" alt=\"\" aria-describedby=\"gallery-1-16900\" \/><\/a>\n\t\t\t<\/div>\n\t\t\t\t<figcaption class='wp-caption-text gallery-caption' id='gallery-1-16900'>\n\t\t\t\tPendimi dhe kthimi tek Allahu si parap\u00ebrgatitje p\u00ebr pritjen e muajit t\u00eb Begat\u00eb t\u00eb Ramazanit\n\t\t\t\t<\/figcaption><\/figure><figure class='gallery-item'>\n\t\t\t<div class='gallery-icon portrait'>\n\t\t\t\t<a href='https:\/\/myftinia-shkoder.org\/?attachment_id=16899'><img loading=\"lazy\" decoding=\"async\" width=\"150\" height=\"150\" src=\"https:\/\/myftinia-shkoder.org\/wp-content\/uploads\/2025\/02\/Pendimi-dhe-kthimi-tek-Allahu-si-parapergatitje-per-pritjen-e-muajit-te-Begate-te-Ramazanit-3-150x150.jpg\" class=\"attachment-thumbnail size-thumbnail\" alt=\"\" aria-describedby=\"gallery-1-16899\" \/><\/a>\n\t\t\t<\/div>\n\t\t\t\t<figcaption class='wp-caption-text gallery-caption' id='gallery-1-16899'>\n\t\t\t\tPendimi dhe kthimi tek Allahu si parap\u00ebrgatitje p\u00ebr pritjen e muajit t\u00eb Begat\u00eb t\u00eb Ramazanit\n\t\t\t\t<\/figcaption><\/figure>\n\t\t<\/div>\n\n","protected":false},"excerpt":{"rendered":"<div class=\"mh-excerpt\"><p>Pendimi dhe kthimi tek Allahu si parap\u00ebrgatitje p\u00ebr pritjen e muajit t\u00eb Begat\u00eb t\u00eb Ramazanit N\u00eb vijim t\u00eb ciklit t\u00eb ligj\u00ebratave me tem\u00eb: &#8220;Tre Muajt e Mir\u00eb dhe thirrja e besimit&#8221;, mbr\u00ebmjen e s\u00eb enjtes, <a class=\"mh-excerpt-more\" href=\"https:\/\/myftinia-shkoder.org\/?p=16898\" title=\"Pendimi dhe kthimi tek Allahu si parap\u00ebrgatitje p\u00ebr pritjen e muajit t\u00eb Begat\u00eb t\u00eb Ramazanit\">[&#8230;]<\/a><\/p>\n<\/div>","protected":false},"author":1,"featured_media":16902,"comment_status":"closed","ping_status":"closed","sticky":false,"template":"","format":"standard","meta":{"footnotes":""},"categories":[1],"tags":[],"class_list":["post-16898","post","type-post","status-publish","format-standard","has-post-thumbnail","hentry","category-aktivitete"],"_links":{"self":[{"href":"https:\/\/myftinia-shkoder.org\/index.php?rest_route=\/wp\/v2\/posts\/16898","targetHints":{"allow":["GET"]}}],"collection":[{"href":"https:\/\/myftinia-shkoder.org\/index.php?rest_route=\/wp\/v2\/posts"}],"about":[{"href":"https:\/\/myftinia-shkoder.org\/index.php?rest_route=\/wp\/v2\/types\/post"}],"author":[{"embeddable":true,"href":"https:\/\/myftinia-shkoder.org\/index.php?rest_route=\/wp\/v2\/users\/1"}],"replies":[{"embeddable":true,"href":"https:\/\/myftinia-shkoder.org\/index.php?rest_route=%2Fwp%2Fv2%2Fcomments&post=16898"}],"version-history":[{"count":1,"href":"https:\/\/myftinia-shkoder.org\/index.php?rest_route=\/wp\/v2\/posts\/16898\/revisions"}],"predecessor-version":[{"id":16905,"href":"https:\/\/myftinia-shkoder.org\/index.php?rest_route=\/wp\/v2\/posts\/16898\/revisions\/16905"}],"wp:featuredmedia":[{"embeddable":true,"href":"https:\/\/myftinia-shkoder.org\/index.php?rest_route=\/wp\/v2\/media\/16902"}],"wp:attachment":[{"href":"https:\/\/myftinia-shkoder.org\/index.php?rest_route=%2Fwp%2Fv2%2Fmedia&parent=16898"}],"wp:term":[{"taxonomy":"category","embeddable":true,"href":"https:\/\/myftinia-shkoder.org\/index.php?rest_route=%2Fwp%2Fv2%2Fcategories&post=16898"},{"taxonomy":"post_tag","embeddable":true,"href":"https:\/\/myftinia-shkoder.org\/index.php?rest_route=%2Fwp%2Fv2%2Ftags&post=16898"}],"curies":[{"name":"wp","href":"https:\/\/api.w.org\/{rel}","templated":true}]}}