{"id":16941,"date":"2025-02-22T21:14:00","date_gmt":"2025-02-22T21:14:00","guid":{"rendered":"https:\/\/myftinia-shkoder.org\/?p=16941"},"modified":"2025-02-22T21:14:00","modified_gmt":"2025-02-22T21:14:00","slug":"ramazani-ftese-e-perjetshme-tribune-fetare-ne-prag-te-ramazanit","status":"publish","type":"post","link":"https:\/\/myftinia-shkoder.org\/?p=16941","title":{"rendered":"Ramazani, ftes\u00eb e p\u00ebrjetshme!\u201d, tribun\u00eb fetare n\u00eb prag t\u00eb Ramazanit"},"content":{"rendered":"<p style=\"text-align: justify;\"><strong>&#8220;Ramazani, ftes\u00eb e p\u00ebrjetshme!\u201d, tribun\u00eb fetare n\u00eb prag t\u00eb Ramazanit<\/strong><\/p>\n<p style=\"text-align: justify;\">Dit\u00ebn e shtun\u00eb pas akshamit, m\u00eb 22 shkurt 2025, n\u00eb xhamin\u00eb e Parruc\u00ebs, Myftinia Shkod\u00ebr, p\u00ebrmes sektorit t\u00eb rinis\u00eb organizoi tribun\u00ebn fetare me tem\u00eb: &#8220;Ramazani, ftes\u00eb e p\u00ebrjetshme!\u201d.<\/p>\n<p style=\"text-align: justify;\">Aktiviteti filloi me leximin e ajeteve t\u00eb agj\u00ebrimit nga H. Durim Kasemi dhe pastaj p\u00ebrsh\u00ebndeti teologu Ervil Ku\u00e7i, p\u00ebrgjegj\u00ebs i sektorit t\u00eb rinis\u00eb, pran\u00eb Myftinis\u00eb Shkod\u00ebr.<\/p>\n<p style=\"text-align: justify;\">Teologu Ku\u00e7i pasi p\u00ebrsh\u00ebndeti t\u00eb pranishmit dhe i uroi t\u00eb ftuarit mir\u00ebseardhjen t\u00eb ftuarit special t\u00eb k\u00ebsaj mb\u00ebrmjeje, u ndal te mir\u00ebsia e Ramazanit, si nj\u00eb ftes\u00eb, e cila p\u00ebrs\u00ebritet \u00e7do vit nga Zoti i gjith\u00ebsis\u00eb p\u00ebr t\u00eb gjith\u00eb besimtar\u00ebt, q\u00eb ta shfryt\u00ebzojn\u00eb k\u00ebt\u00eb muaj t\u00eb begat\u00eb me adhurime dhe veprat t\u00eb mira, dhe t\u2019i p\u00ebrgjigjen k\u00ebsaj ftese bujare t\u00eb Zotit t\u00eb Madh\u00ebruar.<\/p>\n<p style=\"text-align: justify;\">M\u00eb pas, fjal\u00ebn e mori i ftuari special i k\u00ebsaj tribune, H. Vladimir Kera, i cili vuri theksin te r\u00ebnd\u00ebsia dhe vlera e madhe q\u00eb ka agj\u00ebrimi, si dhe ndikimi i tij n\u00eb jet\u00ebn shpirt\u00ebrore dhe psikologjike tek agj\u00ebruesi. Nd\u00ebr t\u00eb tjera, ai tha, se: \u201cKur\u2019ani Fam\u00eblart\u00eb mbetet libri i vet\u00ebm, t\u00eb cilin ne si besimtar\u00eb duhet ta kemi referenc\u00ebn ton\u00eb kryesore, nga i cili ne nd\u00ebrtojm\u00eb t\u00eb gjith\u00eb pik\u00ebpamjen ton\u00eb fetare\u201d.<\/p>\n<p style=\"text-align: justify;\">N\u00eb vazhdim teologu Kera shpjegoi n\u00eb m\u00ebnyr\u00eb shkencore dhe t\u00eb qart\u00eb ndikimin e agj\u00ebrimit dhe vler\u00ebn e dobin\u00eb e tij n\u00eb jet\u00ebn e njeriut dhe n\u00eb sjelljet e tij.<\/p>\n<p style=\"text-align: justify;\">Ligj\u00ebrat\u00eb u ndoq me v\u00ebmendjen nga t\u00eb pranishmit dhe gjithashtu u transmetuar live n\u00eb profilin e Myftinis\u00eb Shkod\u00ebr.<\/p>\n<h4 style=\"text-align: justify;\"><strong><a href=\"https:\/\/www.facebook.com\/myftiniashkoder1990\/videos\/998999252091952\/?__cft__[0]=AZWA5jAX04Wyyxa-aeGKF6ja6elEH4weOxf-NQp3rPB-zKe64ckb0YCm_VRl0nL-KCc8EuF_5HdvXDJbWQktcHhfhDfGFw9-c3o0DNSBSFpCwvwpLgd8GPU-22_L3HsdvLdJvvTgsm2OxLQSBFpwTm9Zleb36tHzAN-SVDg89LMmeA&amp;__tn__=-UK-R\">K\u00ebtu mund ta ndiqni t\u00eb plot\u00eb tribun\u00ebn fetare:<\/a><\/strong><\/h4>\n<div id='gallery-1' class='gallery galleryid-16941 gallery-columns-5 gallery-size-thumbnail'><figure class='gallery-item'>\n\t\t\t<div class='gallery-icon landscape'>\n\t\t\t\t<a href='https:\/\/myftinia-shkoder.org\/?attachment_id=16947'><img loading=\"lazy\" decoding=\"async\" width=\"150\" height=\"150\" src=\"https:\/\/myftinia-shkoder.org\/wp-content\/uploads\/2025\/02\/Ramazani-ftese-e-perjetshme-tribune-fetare-ne-prag-te-Ramazanit-6-150x150.jpg\" class=\"attachment-thumbnail size-thumbnail\" alt=\"\" aria-describedby=\"gallery-1-16947\" \/><\/a>\n\t\t\t<\/div>\n\t\t\t\t<figcaption class='wp-caption-text gallery-caption' id='gallery-1-16947'>\n\t\t\t\tRamazani, ftes\u00eb e p\u00ebrjetshme!\u201d, tribun\u00eb fetare n\u00eb prag t\u00eb Ramazanit\n\t\t\t\t<\/figcaption><\/figure><figure class='gallery-item'>\n\t\t\t<div class='gallery-icon landscape'>\n\t\t\t\t<a href='https:\/\/myftinia-shkoder.org\/?attachment_id=16949'><img loading=\"lazy\" decoding=\"async\" width=\"150\" height=\"150\" src=\"https:\/\/myftinia-shkoder.org\/wp-content\/uploads\/2025\/02\/Ramazani-ftese-e-perjetshme-tribune-fetare-ne-prag-te-Ramazanit-7-150x150.jpg\" class=\"attachment-thumbnail size-thumbnail\" alt=\"\" aria-describedby=\"gallery-1-16949\" \/><\/a>\n\t\t\t<\/div>\n\t\t\t\t<figcaption class='wp-caption-text gallery-caption' id='gallery-1-16949'>\n\t\t\t\tRamazani, ftes\u00eb e p\u00ebrjetshme!\u201d, tribun\u00eb fetare n\u00eb prag t\u00eb Ramazanit\n\t\t\t\t<\/figcaption><\/figure><figure class='gallery-item'>\n\t\t\t<div class='gallery-icon landscape'>\n\t\t\t\t<a href='https:\/\/myftinia-shkoder.org\/?attachment_id=16950'><img loading=\"lazy\" decoding=\"async\" width=\"150\" height=\"150\" src=\"https:\/\/myftinia-shkoder.org\/wp-content\/uploads\/2025\/02\/Ramazani-ftese-e-perjetshme-tribune-fetare-ne-prag-te-Ramazanit-8-150x150.jpg\" class=\"attachment-thumbnail size-thumbnail\" alt=\"\" aria-describedby=\"gallery-1-16950\" \/><\/a>\n\t\t\t<\/div>\n\t\t\t\t<figcaption class='wp-caption-text gallery-caption' id='gallery-1-16950'>\n\t\t\t\tRamazani, ftes\u00eb e p\u00ebrjetshme!\u201d, tribun\u00eb fetare n\u00eb prag t\u00eb Ramazanit\n\t\t\t\t<\/figcaption><\/figure><figure class='gallery-item'>\n\t\t\t<div class='gallery-icon landscape'>\n\t\t\t\t<a href='https:\/\/myftinia-shkoder.org\/?attachment_id=16942'><img loading=\"lazy\" decoding=\"async\" width=\"150\" height=\"150\" src=\"https:\/\/myftinia-shkoder.org\/wp-content\/uploads\/2025\/02\/Ramazani-ftese-e-perjetshme-tribune-fetare-ne-prag-te-Ramazanit-1-150x150.jpg\" class=\"attachment-thumbnail size-thumbnail\" alt=\"\" aria-describedby=\"gallery-1-16942\" \/><\/a>\n\t\t\t<\/div>\n\t\t\t\t<figcaption class='wp-caption-text gallery-caption' id='gallery-1-16942'>\n\t\t\t\tRamazani, ftes\u00eb e p\u00ebrjetshme!\u201d, tribun\u00eb fetare n\u00eb prag t\u00eb Ramazanit\n\t\t\t\t<\/figcaption><\/figure><figure class='gallery-item'>\n\t\t\t<div class='gallery-icon landscape'>\n\t\t\t\t<a href='https:\/\/myftinia-shkoder.org\/?attachment_id=16957'><img loading=\"lazy\" decoding=\"async\" width=\"150\" height=\"150\" src=\"https:\/\/myftinia-shkoder.org\/wp-content\/uploads\/2025\/02\/Ramazani-ftese-e-perjetshme-tribune-fetare-ne-prag-te-Ramazanit-15-150x150.jpg\" class=\"attachment-thumbnail size-thumbnail\" alt=\"\" aria-describedby=\"gallery-1-16957\" \/><\/a>\n\t\t\t<\/div>\n\t\t\t\t<figcaption class='wp-caption-text gallery-caption' id='gallery-1-16957'>\n\t\t\t\tRamazani, ftes\u00eb e p\u00ebrjetshme!\u201d, tribun\u00eb fetare n\u00eb prag t\u00eb Ramazanit\n\t\t\t\t<\/figcaption><\/figure><figure class='gallery-item'>\n\t\t\t<div class='gallery-icon landscape'>\n\t\t\t\t<a href='https:\/\/myftinia-shkoder.org\/?attachment_id=16953'><img loading=\"lazy\" decoding=\"async\" width=\"150\" height=\"150\" src=\"https:\/\/myftinia-shkoder.org\/wp-content\/uploads\/2025\/02\/Ramazani-ftese-e-perjetshme-tribune-fetare-ne-prag-te-Ramazanit-11-150x150.jpg\" class=\"attachment-thumbnail size-thumbnail\" alt=\"\" aria-describedby=\"gallery-1-16953\" \/><\/a>\n\t\t\t<\/div>\n\t\t\t\t<figcaption class='wp-caption-text gallery-caption' id='gallery-1-16953'>\n\t\t\t\tRamazani, ftes\u00eb e p\u00ebrjetshme!\u201d, tribun\u00eb fetare n\u00eb prag t\u00eb Ramazanit\n\t\t\t\t<\/figcaption><\/figure><figure class='gallery-item'>\n\t\t\t<div class='gallery-icon landscape'>\n\t\t\t\t<a href='https:\/\/myftinia-shkoder.org\/?attachment_id=16944'><img loading=\"lazy\" decoding=\"async\" width=\"150\" height=\"150\" src=\"https:\/\/myftinia-shkoder.org\/wp-content\/uploads\/2025\/02\/Ramazani-ftese-e-perjetshme-tribune-fetare-ne-prag-te-Ramazanit-3-150x150.jpg\" class=\"attachment-thumbnail size-thumbnail\" alt=\"\" aria-describedby=\"gallery-1-16944\" \/><\/a>\n\t\t\t<\/div>\n\t\t\t\t<figcaption class='wp-caption-text gallery-caption' id='gallery-1-16944'>\n\t\t\t\tRamazani, ftes\u00eb e p\u00ebrjetshme!\u201d, tribun\u00eb fetare n\u00eb prag t\u00eb Ramazanit\n\t\t\t\t<\/figcaption><\/figure><figure class='gallery-item'>\n\t\t\t<div class='gallery-icon landscape'>\n\t\t\t\t<a href='https:\/\/myftinia-shkoder.org\/?attachment_id=16945'><img loading=\"lazy\" decoding=\"async\" width=\"150\" height=\"150\" src=\"https:\/\/myftinia-shkoder.org\/wp-content\/uploads\/2025\/02\/Ramazani-ftese-e-perjetshme-tribune-fetare-ne-prag-te-Ramazanit-4-150x150.jpg\" class=\"attachment-thumbnail size-thumbnail\" alt=\"\" aria-describedby=\"gallery-1-16945\" \/><\/a>\n\t\t\t<\/div>\n\t\t\t\t<figcaption class='wp-caption-text gallery-caption' id='gallery-1-16945'>\n\t\t\t\tRamazani, ftes\u00eb e p\u00ebrjetshme!\u201d, tribun\u00eb fetare n\u00eb prag t\u00eb Ramazanit\n\t\t\t\t<\/figcaption><\/figure><figure class='gallery-item'>\n\t\t\t<div class='gallery-icon landscape'>\n\t\t\t\t<a href='https:\/\/myftinia-shkoder.org\/?attachment_id=16946'><img loading=\"lazy\" decoding=\"async\" width=\"150\" height=\"150\" src=\"https:\/\/myftinia-shkoder.org\/wp-content\/uploads\/2025\/02\/Ramazani-ftese-e-perjetshme-tribune-fetare-ne-prag-te-Ramazanit-5-150x150.jpg\" class=\"attachment-thumbnail size-thumbnail\" alt=\"\" aria-describedby=\"gallery-1-16946\" \/><\/a>\n\t\t\t<\/div>\n\t\t\t\t<figcaption class='wp-caption-text gallery-caption' id='gallery-1-16946'>\n\t\t\t\tRamazani, ftes\u00eb e p\u00ebrjetshme!\u201d, tribun\u00eb fetare n\u00eb prag t\u00eb Ramazanit\n\t\t\t\t<\/figcaption><\/figure><figure class='gallery-item'>\n\t\t\t<div class='gallery-icon landscape'>\n\t\t\t\t<a href='https:\/\/myftinia-shkoder.org\/?attachment_id=16943'><img loading=\"lazy\" decoding=\"async\" width=\"150\" height=\"150\" src=\"https:\/\/myftinia-shkoder.org\/wp-content\/uploads\/2025\/02\/Ramazani-ftese-e-perjetshme-tribune-fetare-ne-prag-te-Ramazanit-2-150x150.jpg\" class=\"attachment-thumbnail size-thumbnail\" alt=\"\" aria-describedby=\"gallery-1-16943\" \/><\/a>\n\t\t\t<\/div>\n\t\t\t\t<figcaption class='wp-caption-text gallery-caption' id='gallery-1-16943'>\n\t\t\t\tRamazani, ftes\u00eb e p\u00ebrjetshme!\u201d, tribun\u00eb fetare n\u00eb prag t\u00eb Ramazanit\n\t\t\t\t<\/figcaption><\/figure><figure class='gallery-item'>\n\t\t\t<div class='gallery-icon landscape'>\n\t\t\t\t<a href='https:\/\/myftinia-shkoder.org\/?attachment_id=16951'><img loading=\"lazy\" decoding=\"async\" width=\"150\" height=\"150\" src=\"https:\/\/myftinia-shkoder.org\/wp-content\/uploads\/2025\/02\/Ramazani-ftese-e-perjetshme-tribune-fetare-ne-prag-te-Ramazanit-9-150x150.jpg\" class=\"attachment-thumbnail size-thumbnail\" alt=\"\" aria-describedby=\"gallery-1-16951\" \/><\/a>\n\t\t\t<\/div>\n\t\t\t\t<figcaption class='wp-caption-text gallery-caption' id='gallery-1-16951'>\n\t\t\t\tRamazani, ftes\u00eb e p\u00ebrjetshme!\u201d, tribun\u00eb fetare n\u00eb prag t\u00eb Ramazanit\n\t\t\t\t<\/figcaption><\/figure><figure class='gallery-item'>\n\t\t\t<div class='gallery-icon landscape'>\n\t\t\t\t<a href='https:\/\/myftinia-shkoder.org\/?attachment_id=16952'><img loading=\"lazy\" decoding=\"async\" width=\"150\" height=\"150\" src=\"https:\/\/myftinia-shkoder.org\/wp-content\/uploads\/2025\/02\/Ramazani-ftese-e-perjetshme-tribune-fetare-ne-prag-te-Ramazanit-10-150x150.jpg\" class=\"attachment-thumbnail size-thumbnail\" alt=\"\" aria-describedby=\"gallery-1-16952\" \/><\/a>\n\t\t\t<\/div>\n\t\t\t\t<figcaption class='wp-caption-text gallery-caption' id='gallery-1-16952'>\n\t\t\t\tRamazani, ftes\u00eb e p\u00ebrjetshme!\u201d, tribun\u00eb fetare n\u00eb prag t\u00eb Ramazanit\n\t\t\t\t<\/figcaption><\/figure><figure class='gallery-item'>\n\t\t\t<div class='gallery-icon landscape'>\n\t\t\t\t<a href='https:\/\/myftinia-shkoder.org\/?attachment_id=16954'><img loading=\"lazy\" decoding=\"async\" width=\"150\" height=\"150\" src=\"https:\/\/myftinia-shkoder.org\/wp-content\/uploads\/2025\/02\/Ramazani-ftese-e-perjetshme-tribune-fetare-ne-prag-te-Ramazanit-12-150x150.jpg\" class=\"attachment-thumbnail size-thumbnail\" alt=\"\" aria-describedby=\"gallery-1-16954\" \/><\/a>\n\t\t\t<\/div>\n\t\t\t\t<figcaption class='wp-caption-text gallery-caption' id='gallery-1-16954'>\n\t\t\t\tRamazani, ftes\u00eb e p\u00ebrjetshme!\u201d, tribun\u00eb fetare n\u00eb prag t\u00eb Ramazanit\n\t\t\t\t<\/figcaption><\/figure><figure class='gallery-item'>\n\t\t\t<div class='gallery-icon landscape'>\n\t\t\t\t<a href='https:\/\/myftinia-shkoder.org\/?attachment_id=16955'><img loading=\"lazy\" decoding=\"async\" width=\"150\" height=\"150\" src=\"https:\/\/myftinia-shkoder.org\/wp-content\/uploads\/2025\/02\/Ramazani-ftese-e-perjetshme-tribune-fetare-ne-prag-te-Ramazanit-13-150x150.jpg\" class=\"attachment-thumbnail size-thumbnail\" alt=\"\" aria-describedby=\"gallery-1-16955\" \/><\/a>\n\t\t\t<\/div>\n\t\t\t\t<figcaption class='wp-caption-text gallery-caption' id='gallery-1-16955'>\n\t\t\t\tRamazani, ftes\u00eb e p\u00ebrjetshme!\u201d, tribun\u00eb fetare n\u00eb prag t\u00eb Ramazanit\n\t\t\t\t<\/figcaption><\/figure><figure class='gallery-item'>\n\t\t\t<div class='gallery-icon landscape'>\n\t\t\t\t<a href='https:\/\/myftinia-shkoder.org\/?attachment_id=16956'><img loading=\"lazy\" decoding=\"async\" width=\"150\" height=\"150\" src=\"https:\/\/myftinia-shkoder.org\/wp-content\/uploads\/2025\/02\/Ramazani-ftese-e-perjetshme-tribune-fetare-ne-prag-te-Ramazanit-14-150x150.jpg\" class=\"attachment-thumbnail size-thumbnail\" alt=\"\" aria-describedby=\"gallery-1-16956\" \/><\/a>\n\t\t\t<\/div>\n\t\t\t\t<figcaption class='wp-caption-text gallery-caption' id='gallery-1-16956'>\n\t\t\t\tRamazani, ftes\u00eb e p\u00ebrjetshme!\u201d, tribun\u00eb fetare n\u00eb prag t\u00eb Ramazanit\n\t\t\t\t<\/figcaption><\/figure><figure class='gallery-item'>\n\t\t\t<div class='gallery-icon landscape'>\n\t\t\t\t<a href='https:\/\/myftinia-shkoder.org\/?attachment_id=16958'><img loading=\"lazy\" decoding=\"async\" width=\"150\" height=\"150\" src=\"https:\/\/myftinia-shkoder.org\/wp-content\/uploads\/2025\/02\/Ramazani-ftese-e-perjetshme-tribune-fetare-ne-prag-te-Ramazanit-16-150x150.jpg\" class=\"attachment-thumbnail size-thumbnail\" alt=\"\" aria-describedby=\"gallery-1-16958\" \/><\/a>\n\t\t\t<\/div>\n\t\t\t\t<figcaption class='wp-caption-text gallery-caption' id='gallery-1-16958'>\n\t\t\t\tRamazani, ftes\u00eb e p\u00ebrjetshme!\u201d, tribun\u00eb fetare n\u00eb prag t\u00eb Ramazanit\n\t\t\t\t<\/figcaption><\/figure><figure class='gallery-item'>\n\t\t\t<div class='gallery-icon landscape'>\n\t\t\t\t<a href='https:\/\/myftinia-shkoder.org\/?attachment_id=16959'><img loading=\"lazy\" decoding=\"async\" width=\"150\" height=\"150\" src=\"https:\/\/myftinia-shkoder.org\/wp-content\/uploads\/2025\/02\/Ramazani-ftese-e-perjetshme-tribune-fetare-ne-prag-te-Ramazanit-17-150x150.jpg\" class=\"attachment-thumbnail size-thumbnail\" alt=\"\" aria-describedby=\"gallery-1-16959\" \/><\/a>\n\t\t\t<\/div>\n\t\t\t\t<figcaption class='wp-caption-text gallery-caption' id='gallery-1-16959'>\n\t\t\t\tRamazani, ftes\u00eb e p\u00ebrjetshme!\u201d, tribun\u00eb fetare n\u00eb prag t\u00eb Ramazanit\n\t\t\t\t<\/figcaption><\/figure><figure class='gallery-item'>\n\t\t\t<div class='gallery-icon landscape'>\n\t\t\t\t<a href='https:\/\/myftinia-shkoder.org\/?attachment_id=16960'><img loading=\"lazy\" decoding=\"async\" width=\"150\" height=\"150\" src=\"https:\/\/myftinia-shkoder.org\/wp-content\/uploads\/2025\/02\/Ramazani-ftese-e-perjetshme-tribune-fetare-ne-prag-te-Ramazanit-18-150x150.jpg\" class=\"attachment-thumbnail size-thumbnail\" alt=\"\" aria-describedby=\"gallery-1-16960\" \/><\/a>\n\t\t\t<\/div>\n\t\t\t\t<figcaption class='wp-caption-text gallery-caption' id='gallery-1-16960'>\n\t\t\t\tRamazani, ftes\u00eb e p\u00ebrjetshme!\u201d, tribun\u00eb fetare n\u00eb prag t\u00eb Ramazanit\n\t\t\t\t<\/figcaption><\/figure>\n\t\t<\/div>\n\n<p style=\"text-align: justify;\">\n","protected":false},"excerpt":{"rendered":"<div class=\"mh-excerpt\"><p>&#8220;Ramazani, ftes\u00eb e p\u00ebrjetshme!\u201d, tribun\u00eb fetare n\u00eb prag t\u00eb Ramazanit Dit\u00ebn e shtun\u00eb pas akshamit, m\u00eb 22 shkurt 2025, n\u00eb xhamin\u00eb e Parruc\u00ebs, Myftinia Shkod\u00ebr, p\u00ebrmes sektorit t\u00eb rinis\u00eb organizoi tribun\u00ebn fetare me tem\u00eb: &#8220;Ramazani, <a class=\"mh-excerpt-more\" href=\"https:\/\/myftinia-shkoder.org\/?p=16941\" title=\"Ramazani, ftes\u00eb e p\u00ebrjetshme!\u201d, tribun\u00eb fetare n\u00eb prag t\u00eb Ramazanit\">[&#8230;]<\/a><\/p>\n<\/div>","protected":false},"author":1,"featured_media":16953,"comment_status":"closed","ping_status":"closed","sticky":false,"template":"","format":"standard","meta":{"footnotes":""},"categories":[1,36],"tags":[],"class_list":["post-16941","post","type-post","status-publish","format-standard","has-post-thumbnail","hentry","category-aktivitete","category-ramazan-1446-2025"],"_links":{"self":[{"href":"https:\/\/myftinia-shkoder.org\/index.php?rest_route=\/wp\/v2\/posts\/16941","targetHints":{"allow":["GET"]}}],"collection":[{"href":"https:\/\/myftinia-shkoder.org\/index.php?rest_route=\/wp\/v2\/posts"}],"about":[{"href":"https:\/\/myftinia-shkoder.org\/index.php?rest_route=\/wp\/v2\/types\/post"}],"author":[{"embeddable":true,"href":"https:\/\/myftinia-shkoder.org\/index.php?rest_route=\/wp\/v2\/users\/1"}],"replies":[{"embeddable":true,"href":"https:\/\/myftinia-shkoder.org\/index.php?rest_route=%2Fwp%2Fv2%2Fcomments&post=16941"}],"version-history":[{"count":1,"href":"https:\/\/myftinia-shkoder.org\/index.php?rest_route=\/wp\/v2\/posts\/16941\/revisions"}],"predecessor-version":[{"id":16961,"href":"https:\/\/myftinia-shkoder.org\/index.php?rest_route=\/wp\/v2\/posts\/16941\/revisions\/16961"}],"wp:featuredmedia":[{"embeddable":true,"href":"https:\/\/myftinia-shkoder.org\/index.php?rest_route=\/wp\/v2\/media\/16953"}],"wp:attachment":[{"href":"https:\/\/myftinia-shkoder.org\/index.php?rest_route=%2Fwp%2Fv2%2Fmedia&parent=16941"}],"wp:term":[{"taxonomy":"category","embeddable":true,"href":"https:\/\/myftinia-shkoder.org\/index.php?rest_route=%2Fwp%2Fv2%2Fcategories&post=16941"},{"taxonomy":"post_tag","embeddable":true,"href":"https:\/\/myftinia-shkoder.org\/index.php?rest_route=%2Fwp%2Fv2%2Ftags&post=16941"}],"curies":[{"name":"wp","href":"https:\/\/api.w.org\/{rel}","templated":true}]}}