{"id":16980,"date":"2025-02-24T20:57:23","date_gmt":"2025-02-24T20:57:23","guid":{"rendered":"https:\/\/myftinia-shkoder.org\/?p=16980"},"modified":"2025-02-24T20:57:23","modified_gmt":"2025-02-24T20:57:23","slug":"takim-me-imamet-dhe-muezinet-ne-prag-te-muajit-te-begate-te-ramazanit-1446-2025","status":"publish","type":"post","link":"https:\/\/myftinia-shkoder.org\/?p=16980","title":{"rendered":"Takim me imam\u00ebt dhe muezin\u00ebt n\u00eb prag t\u00eb muajit t\u00eb Begat\u00eb t\u00eb Ramazanit 1446\/2025"},"content":{"rendered":"<p style=\"text-align: justify;\"><strong>Takim me imam\u00ebt dhe muezin\u00ebt n\u00eb prag t\u00eb muajit t\u00eb Begat\u00eb t\u00eb Ramazanit 1446\/2025<\/strong><\/p>\n<p style=\"text-align: justify;\">Dit\u00ebn e h\u00ebn\u00eb, m\u00eb 24 shkurt 2025, n\u00eb xhamin\u00eb e \u201cDy vajzave\u201d, pas faljes s\u00eb namazit t\u00eb iqindis\u00eb, Myftinia Shkod\u00ebr organizoi takimin tradicional me imam\u00ebt e xhamive dhe muezin\u00ebt p\u00ebr t\u00eb dh\u00ebn\u00eb udh\u00ebzimet p\u00ebrkat\u00ebse p\u00ebr mbar\u00ebvajtjen e t\u00eb gjitha aktiviteteve dhe riteve fetare gjat\u00eb muajit t\u00eb Begat\u00eb t\u00eb Ramazanit n\u00eb xhamit\u00eb e Shkodr\u00ebs.<\/p>\n<p style=\"text-align: justify;\">Fillimisht, teologu Arben Halluni n\u00eb fjal\u00ebn e tij, prezantoi plan-programin e Myftinis\u00eb p\u00ebr zhvillimin e aktiviteteve t\u00eb larmishme kulturore, arsimore, mediatike, sociale, humanitare etj, t\u00eb cilat kan\u00eb nisur n\u00eb prag t\u00eb Ramazanit dhe do t\u00eb kulmojn\u00eb gjat\u00eb k\u00ebtij muajit t\u00eb madh\u00ebruar.<\/p>\n<p style=\"text-align: justify;\">M\u00eb pas e mori fjal\u00ebn H. Lavdrim Hamja, i cili paraqiti\u00a0 udh\u00ebzimet e Myftiut t\u00eb Shkodr\u00ebs, Imam Muhamed B. Sytari mbi r\u00ebnd\u00ebsin\u00eb e ruajtjes s\u00eb traditave dhe vlerave unike n\u00eb mesin e besimtar\u00ebve, angazhimin e imam\u00ebve n\u00eb gjall\u00ebrimin e jet\u00ebs fetare, sidomos gjat\u00eb muajit t\u00eb Begat\u00eb t\u00eb Ramazanit si dhe udh\u00ebzime t\u00eb tjera.<\/p>\n<p style=\"text-align: justify;\">N\u00eb fund t\u00eb takimit, u shp\u00ebrndan\u00eb baza materiale si: udh\u00ebzimet e Ramazanit, kalendar\u00eb,\u00a0postera,\u00a0etj.<\/p>\n<div id='gallery-1' class='gallery galleryid-16980 gallery-columns-3 gallery-size-thumbnail'><figure class='gallery-item'>\n\t\t\t<div class='gallery-icon landscape'>\n\t\t\t\t<a href='https:\/\/myftinia-shkoder.org\/?attachment_id=16981'><img loading=\"lazy\" decoding=\"async\" width=\"150\" height=\"150\" src=\"https:\/\/myftinia-shkoder.org\/wp-content\/uploads\/2025\/02\/Takim-me-imamet-dhe-muezinet-ne-prag-te-muajit-te-Begate-te-Ramazanit-14462025-1-150x150.jpg\" class=\"attachment-thumbnail size-thumbnail\" alt=\"\" aria-describedby=\"gallery-1-16981\" \/><\/a>\n\t\t\t<\/div>\n\t\t\t\t<figcaption class='wp-caption-text gallery-caption' id='gallery-1-16981'>\n\t\t\t\tTakim me imam\u00ebt dhe muezin\u00ebt n\u00eb prag t\u00eb muajit t\u00eb Begat\u00eb t\u00eb Ramazanit 1446\/2025\n\t\t\t\t<\/figcaption><\/figure><figure class='gallery-item'>\n\t\t\t<div class='gallery-icon landscape'>\n\t\t\t\t<a href='https:\/\/myftinia-shkoder.org\/?attachment_id=16982'><img loading=\"lazy\" decoding=\"async\" width=\"150\" height=\"150\" src=\"https:\/\/myftinia-shkoder.org\/wp-content\/uploads\/2025\/02\/Takim-me-imamet-dhe-muezinet-ne-prag-te-muajit-te-Begate-te-Ramazanit-14462025-2-150x150.jpg\" class=\"attachment-thumbnail size-thumbnail\" alt=\"\" aria-describedby=\"gallery-1-16982\" \/><\/a>\n\t\t\t<\/div>\n\t\t\t\t<figcaption class='wp-caption-text gallery-caption' id='gallery-1-16982'>\n\t\t\t\tTakim me imam\u00ebt dhe muezin\u00ebt n\u00eb prag t\u00eb muajit t\u00eb Begat\u00eb t\u00eb Ramazanit 1446\/2025\n\t\t\t\t<\/figcaption><\/figure><figure class='gallery-item'>\n\t\t\t<div class='gallery-icon landscape'>\n\t\t\t\t<a href='https:\/\/myftinia-shkoder.org\/?attachment_id=16983'><img loading=\"lazy\" decoding=\"async\" width=\"150\" height=\"150\" src=\"https:\/\/myftinia-shkoder.org\/wp-content\/uploads\/2025\/02\/Takim-me-imamet-dhe-muezinet-ne-prag-te-muajit-te-Begate-te-Ramazanit-14462025-3-150x150.jpg\" class=\"attachment-thumbnail size-thumbnail\" alt=\"\" aria-describedby=\"gallery-1-16983\" \/><\/a>\n\t\t\t<\/div>\n\t\t\t\t<figcaption class='wp-caption-text gallery-caption' id='gallery-1-16983'>\n\t\t\t\tTakim me imam\u00ebt dhe muezin\u00ebt n\u00eb prag t\u00eb muajit t\u00eb Begat\u00eb t\u00eb Ramazanit 1446\/2025\n\t\t\t\t<\/figcaption><\/figure><figure class='gallery-item'>\n\t\t\t<div class='gallery-icon landscape'>\n\t\t\t\t<a href='https:\/\/myftinia-shkoder.org\/?attachment_id=16984'><img loading=\"lazy\" decoding=\"async\" width=\"150\" height=\"150\" src=\"https:\/\/myftinia-shkoder.org\/wp-content\/uploads\/2025\/02\/Takim-me-imamet-dhe-muezinet-ne-prag-te-muajit-te-Begate-te-Ramazanit-14462025-4-150x150.jpg\" class=\"attachment-thumbnail size-thumbnail\" alt=\"\" aria-describedby=\"gallery-1-16984\" \/><\/a>\n\t\t\t<\/div>\n\t\t\t\t<figcaption class='wp-caption-text gallery-caption' id='gallery-1-16984'>\n\t\t\t\tTakim me imam\u00ebt dhe muezin\u00ebt n\u00eb prag t\u00eb muajit t\u00eb Begat\u00eb t\u00eb Ramazanit 1446\/2025\n\t\t\t\t<\/figcaption><\/figure><figure class='gallery-item'>\n\t\t\t<div class='gallery-icon landscape'>\n\t\t\t\t<a href='https:\/\/myftinia-shkoder.org\/?attachment_id=16985'><img loading=\"lazy\" decoding=\"async\" width=\"150\" height=\"150\" src=\"https:\/\/myftinia-shkoder.org\/wp-content\/uploads\/2025\/02\/Takim-me-imamet-dhe-muezinet-ne-prag-te-muajit-te-Begate-te-Ramazanit-14462025-5-150x150.jpg\" class=\"attachment-thumbnail size-thumbnail\" alt=\"\" aria-describedby=\"gallery-1-16985\" \/><\/a>\n\t\t\t<\/div>\n\t\t\t\t<figcaption class='wp-caption-text gallery-caption' id='gallery-1-16985'>\n\t\t\t\tTakim me imam\u00ebt dhe muezin\u00ebt n\u00eb prag t\u00eb muajit t\u00eb Begat\u00eb t\u00eb Ramazanit 1446\/2025\n\t\t\t\t<\/figcaption><\/figure><figure class='gallery-item'>\n\t\t\t<div class='gallery-icon landscape'>\n\t\t\t\t<a href='https:\/\/myftinia-shkoder.org\/?attachment_id=16986'><img loading=\"lazy\" decoding=\"async\" width=\"150\" height=\"150\" src=\"https:\/\/myftinia-shkoder.org\/wp-content\/uploads\/2025\/02\/Takim-me-imamet-dhe-muezinet-ne-prag-te-muajit-te-Begate-te-Ramazanit-14462025-6-150x150.jpg\" class=\"attachment-thumbnail size-thumbnail\" alt=\"\" aria-describedby=\"gallery-1-16986\" \/><\/a>\n\t\t\t<\/div>\n\t\t\t\t<figcaption class='wp-caption-text gallery-caption' id='gallery-1-16986'>\n\t\t\t\tTakim me imam\u00ebt dhe muezin\u00ebt n\u00eb prag t\u00eb muajit t\u00eb Begat\u00eb t\u00eb Ramazanit 1446\/2025\n\t\t\t\t<\/figcaption><\/figure>\n\t\t<\/div>\n\n","protected":false},"excerpt":{"rendered":"<div class=\"mh-excerpt\"><p>Takim me imam\u00ebt dhe muezin\u00ebt n\u00eb prag t\u00eb muajit t\u00eb Begat\u00eb t\u00eb Ramazanit 1446\/2025 Dit\u00ebn e h\u00ebn\u00eb, m\u00eb 24 shkurt 2025, n\u00eb xhamin\u00eb e \u201cDy vajzave\u201d, pas faljes s\u00eb namazit t\u00eb iqindis\u00eb, Myftinia Shkod\u00ebr organizoi <a class=\"mh-excerpt-more\" href=\"https:\/\/myftinia-shkoder.org\/?p=16980\" title=\"Takim me imam\u00ebt dhe muezin\u00ebt n\u00eb prag t\u00eb muajit t\u00eb Begat\u00eb t\u00eb Ramazanit 1446\/2025\">[&#8230;]<\/a><\/p>\n<\/div>","protected":false},"author":1,"featured_media":16983,"comment_status":"closed","ping_status":"closed","sticky":false,"template":"","format":"standard","meta":{"footnotes":""},"categories":[36],"tags":[],"class_list":["post-16980","post","type-post","status-publish","format-standard","has-post-thumbnail","hentry","category-ramazan-1446-2025"],"_links":{"self":[{"href":"https:\/\/myftinia-shkoder.org\/index.php?rest_route=\/wp\/v2\/posts\/16980","targetHints":{"allow":["GET"]}}],"collection":[{"href":"https:\/\/myftinia-shkoder.org\/index.php?rest_route=\/wp\/v2\/posts"}],"about":[{"href":"https:\/\/myftinia-shkoder.org\/index.php?rest_route=\/wp\/v2\/types\/post"}],"author":[{"embeddable":true,"href":"https:\/\/myftinia-shkoder.org\/index.php?rest_route=\/wp\/v2\/users\/1"}],"replies":[{"embeddable":true,"href":"https:\/\/myftinia-shkoder.org\/index.php?rest_route=%2Fwp%2Fv2%2Fcomments&post=16980"}],"version-history":[{"count":1,"href":"https:\/\/myftinia-shkoder.org\/index.php?rest_route=\/wp\/v2\/posts\/16980\/revisions"}],"predecessor-version":[{"id":16987,"href":"https:\/\/myftinia-shkoder.org\/index.php?rest_route=\/wp\/v2\/posts\/16980\/revisions\/16987"}],"wp:featuredmedia":[{"embeddable":true,"href":"https:\/\/myftinia-shkoder.org\/index.php?rest_route=\/wp\/v2\/media\/16983"}],"wp:attachment":[{"href":"https:\/\/myftinia-shkoder.org\/index.php?rest_route=%2Fwp%2Fv2%2Fmedia&parent=16980"}],"wp:term":[{"taxonomy":"category","embeddable":true,"href":"https:\/\/myftinia-shkoder.org\/index.php?rest_route=%2Fwp%2Fv2%2Fcategories&post=16980"},{"taxonomy":"post_tag","embeddable":true,"href":"https:\/\/myftinia-shkoder.org\/index.php?rest_route=%2Fwp%2Fv2%2Ftags&post=16980"}],"curies":[{"name":"wp","href":"https:\/\/api.w.org\/{rel}","templated":true}]}}