{"id":17349,"date":"2025-03-25T10:27:15","date_gmt":"2025-03-25T10:27:15","guid":{"rendered":"https:\/\/myftinia-shkoder.org\/?p=17349"},"modified":"2025-03-25T10:28:40","modified_gmt":"2025-03-25T10:28:40","slug":"njoftim-mbyllja-e-hatmes-sherife","status":"publish","type":"post","link":"https:\/\/myftinia-shkoder.org\/?p=17349","title":{"rendered":"Njoftim! &#8211; Mbyllja e Hatmes Sherife"},"content":{"rendered":"<p style=\"text-align: justify;\"><strong>Njoftim!<\/strong><\/p>\n<p style=\"text-align: justify;\"><strong>Mbyllja e Hatmes Sherife<\/strong><\/p>\n<p style=\"text-align: justify;\">Ju lajm\u00ebrojm\u00eb se me mbar\u00ebsin\u00eb e Allahut, dit\u00ebn e nes\u00ebrme e m\u00ebrkur\u00eb, m\u00eb 26 mars 2025,<\/p>\n<p style=\"text-align: justify;\">pas namazit t\u00eb iqindis\u00eb, (15.22),<\/p>\n<p style=\"text-align: justify;\">n\u00eb xhamin\u00eb e Parruc\u00ebs do t\u00eb b\u00ebhet mbyllja e Hatmes Sherife e k\u00ebtij Ramazani.<\/p>\n<p style=\"text-align: justify;\">_______________<\/p>\n<p style=\"text-align: justify;\">Mir\u00eb se t\u00eb vini!<\/p>\n<p style=\"text-align: justify;\">PJES\u00cbMARRJA DHE DUAJA N\u00cb HATMEN E KUR&#8217;ANIT<\/p>\n<p style=\"text-align: justify;\">Transmeton Daremiu dhe Ibn Ebi Davud me zinxhirin e tyre t\u00eb transmetimit nga Ibn Abasi (r.anhuma), se <strong>ai kishte caktuar nj\u00eb person p\u00ebr t\u00eb mbik\u00ebqyrur dik\u00ebn q\u00eb lexonte Kur&#8217;an dhe kur ta b\u00ebnte hatme, ta lajm\u00ebronte Ibn Abasin, q\u00eb t\u00eb prezantonte n\u00eb t\u00eb&#8221;.<\/strong><\/p>\n<p style=\"text-align: justify;\">Transmeton Ibn Ebi Davud me dy zinxhir\u00eb transmetimi t\u00eb sakt\u00eb nga Katade, tabiu i nderuar, shoku i Enesit (r.a), se ka th\u00ebn\u00eb: <strong>Enesi ibn Malik (r.a) kur e b\u00ebnte hatme Kur&#8217;anin, mblidhte familjen e tij dhe b\u00ebnte dua!&#8221;<\/strong><\/p>\n<p style=\"text-align: justify;\">Gjithashtu transmeton me vargun e tij t\u00eb sakt\u00eb t\u00eb transmetimit, nga Hakem ibn Utejbe, tabiu i nderuar, duke th\u00ebn\u00eb: M\u00eb \u00e7uan fjal\u00eb Muxhahidi dhe Abdetu ibn Ebi Lubabe duke m\u00eb th\u00ebn\u00eb: T\u00eb kemi \u00e7uar fjal\u00eb, sepse ne duam t\u00eb b\u00ebjm\u00eb hatme Kur&#8217;anin dhe duaja \u00ebsht\u00eb e pranuar n\u00eb hatmen e Kur&#8217;anit! Dhe n\u00eb disa transmetime t\u00eb tjera t\u00eb sakta, transmetohet se ai ka th\u00ebn\u00eb: <strong>&#8220;M\u00ebshira zbret n\u00eb mbylljen e hatmes s\u00eb Kur&#8217;anit!&#8221;<\/strong><\/p>\n<p style=\"text-align: justify;\">Ai transmeton me vargun e tij t\u00eb sakt\u00eb t\u00eb transmetimit nga Muxhahidi, se ka th\u00ebn\u00eb: Mblidheshin n\u00eb hatmen e Kur&#8217;anit dhe thonin: <strong>&#8220;Zbret m\u00ebshira!&#8221;<\/strong><\/p>\n<p style=\"text-align: justify;\">Mustehab (e p\u00eblqyer) \u00ebsht\u00eb edhe duaja pas mbylljes s\u00eb hatmes, duke u nisur nga ajo q\u00eb p\u00ebrmend\u00ebm m\u00eb sip\u00ebr. Transmeton Daremiu me vargun e tij t\u00eb transmetimit nga Humejd El-Earexh , duke th\u00ebn\u00eb:<\/p>\n<p style=\"text-align: justify;\"><strong>&#8220;Kush e lexon Kur&#8217;anin, pastaj b\u00ebn dua, duas\u00eb s\u00eb tij i b\u00ebjn\u00eb &#8216;amin&#8217; kat\u00ebr mij\u00eb melek!&#8221;<\/strong><\/p>\n<p style=\"text-align: justify;\">\u00cbsht\u00eb e p\u00eblqyeshme (mustehab), q\u00eb kur e b\u00ebn hatme Kur&#8217;anin, lexuesi t\u00eb mos ndalet te sureja e fundit, En-Nas, por m\u00eb e mir\u00eb p\u00ebr t\u00eb \u00ebsht\u00eb t\u00eb vazhdoj\u00eb me suren El-Fatiha dhe me pes\u00eb ajetet e para t\u00eb sures El-Bekare, deri te ajeti: &#8220;Ulaike ala huden mir rabbihim ve ulaike humul-muflihun!&#8221;; si\u00e7 ka th\u00ebn\u00eb edhe Kurtubiu n\u00eb tefsirin e tij: <strong>Prej shenjt\u00ebris\u00eb s\u00eb Kur&#8217;anit \u00ebsht\u00eb, q\u00eb ta rifilloj\u00eb sa her\u00eb q\u00eb e p\u00ebrfundon (sa her\u00eb q\u00eb e b\u00ebn hatme), n\u00eb m\u00ebnyr\u00eb q\u00eb t\u00eb mos jet\u00eb n\u00eb form\u00ebn e braktisjes!<\/strong><\/p>\n","protected":false},"excerpt":{"rendered":"<div class=\"mh-excerpt\"><p>Njoftim! Mbyllja e Hatmes Sherife Ju lajm\u00ebrojm\u00eb se me mbar\u00ebsin\u00eb e Allahut, dit\u00ebn e nes\u00ebrme e m\u00ebrkur\u00eb, m\u00eb 26 mars 2025, pas namazit t\u00eb iqindis\u00eb, (15.22), n\u00eb xhamin\u00eb e Parruc\u00ebs do t\u00eb b\u00ebhet mbyllja e <a class=\"mh-excerpt-more\" href=\"https:\/\/myftinia-shkoder.org\/?p=17349\" title=\"Njoftim! &#8211; Mbyllja e Hatmes Sherife\">[&#8230;]<\/a><\/p>\n<\/div>","protected":false},"author":1,"featured_media":17350,"comment_status":"closed","ping_status":"closed","sticky":false,"template":"","format":"standard","meta":{"footnotes":""},"categories":[36],"tags":[],"class_list":["post-17349","post","type-post","status-publish","format-standard","has-post-thumbnail","hentry","category-ramazan-1446-2025"],"_links":{"self":[{"href":"https:\/\/myftinia-shkoder.org\/index.php?rest_route=\/wp\/v2\/posts\/17349","targetHints":{"allow":["GET"]}}],"collection":[{"href":"https:\/\/myftinia-shkoder.org\/index.php?rest_route=\/wp\/v2\/posts"}],"about":[{"href":"https:\/\/myftinia-shkoder.org\/index.php?rest_route=\/wp\/v2\/types\/post"}],"author":[{"embeddable":true,"href":"https:\/\/myftinia-shkoder.org\/index.php?rest_route=\/wp\/v2\/users\/1"}],"replies":[{"embeddable":true,"href":"https:\/\/myftinia-shkoder.org\/index.php?rest_route=%2Fwp%2Fv2%2Fcomments&post=17349"}],"version-history":[{"count":3,"href":"https:\/\/myftinia-shkoder.org\/index.php?rest_route=\/wp\/v2\/posts\/17349\/revisions"}],"predecessor-version":[{"id":17353,"href":"https:\/\/myftinia-shkoder.org\/index.php?rest_route=\/wp\/v2\/posts\/17349\/revisions\/17353"}],"wp:featuredmedia":[{"embeddable":true,"href":"https:\/\/myftinia-shkoder.org\/index.php?rest_route=\/wp\/v2\/media\/17350"}],"wp:attachment":[{"href":"https:\/\/myftinia-shkoder.org\/index.php?rest_route=%2Fwp%2Fv2%2Fmedia&parent=17349"}],"wp:term":[{"taxonomy":"category","embeddable":true,"href":"https:\/\/myftinia-shkoder.org\/index.php?rest_route=%2Fwp%2Fv2%2Fcategories&post=17349"},{"taxonomy":"post_tag","embeddable":true,"href":"https:\/\/myftinia-shkoder.org\/index.php?rest_route=%2Fwp%2Fv2%2Ftags&post=17349"}],"curies":[{"name":"wp","href":"https:\/\/api.w.org\/{rel}","templated":true}]}}