{"id":17450,"date":"2025-03-30T09:05:40","date_gmt":"2025-03-30T09:05:40","guid":{"rendered":"https:\/\/myftinia-shkoder.org\/?p=17450"},"modified":"2025-03-30T09:15:51","modified_gmt":"2025-03-30T09:15:51","slug":"17450","status":"publish","type":"post","link":"https:\/\/myftinia-shkoder.org\/?p=17450","title":{"rendered":"Falja e Fit\u00ebr Bajramit d\u00ebshmi e tabanit dhe e tradit\u00ebs islame n\u00eb Shkod\u00ebr"},"content":{"rendered":"<p style=\"text-align: justify;\"><strong>Falja e Fit\u00ebr Bajramit d\u00ebshmi e tabanit dhe e tradit\u00ebs islame n\u00eb Shkod\u00ebr<\/strong><\/p>\n<p style=\"text-align: justify;\">Q\u00eb n\u00eb or\u00ebt e para t\u00eb m\u00ebngjesit, t\u00eb dit\u00ebs s\u00eb sotme, e diel, m\u00eb 30 mars 2025, besimtar\u00eb t\u00eb shumt\u00eb iu drejtuan xhamive t\u00eb Shkodr\u00ebs p\u00ebr t\u00eb kryer faljen e Fit\u00ebr Bajramit.<\/p>\n<p style=\"text-align: justify;\">Atmosfera festive dhe shpirt\u00ebrore e cila shoq\u00ebroi ceremonin\u00eb e Fit\u00ebr Bajramit ishte nj\u00eb d\u00ebshmi e tabanit dhe e tradit\u00eb islame shkodrane. Xhamit\u00eb t\u00eb mbushura plot me besimtar\u00eb, t\u00eb cil\u00ebt kishin ardhur p\u00ebr marr\u00eb pjes\u00eb n\u00eb k\u00ebt\u00eb dit\u00eb g\u00ebzimi dhe shp\u00ebrblimi p\u00ebr secilin prej tyre, pas nj\u00eb muaji agj\u00ebrim dhe adhurimet t\u00eb shumta, q\u00eb i kishin kryer gjat\u00eb muajit t\u00eb Begat\u00eb t\u00eb Ramazanit.<\/p>\n<p style=\"text-align: justify;\">Ceremonia qendrore u zhvillua n\u00eb xhamin\u00eb e Parruc\u00ebs, ku qindra besimtar\u00eb, t\u00eb mbushur me g\u00ebzim dhe paqe, fal\u00ebn namazin e Fit\u00ebr Bajramit. Ligj\u00ebrat\u00ebn kryesore e mbajti Myftiu i Shkodr\u00ebs, Imam Muhamed B. Sytari, i cili theksoi r\u00ebnd\u00ebsin\u00eb e t\u00eb q\u00ebnurit besimtar\u00eb t\u00eb v\u00ebrtet\u00eb, adhurues t\u00eb sinqert\u00eb, fal\u00ebnderuar ndaj mir\u00ebsive, solidarizues me nevojtar\u00ebt, fal\u00ebs dhe p\u00ebrhap\u00ebs t\u00eb vlerave universale islame, t\u00eb paqes, harmonis\u00eb, toleranc\u00ebs, etj, n\u00eb shoq\u00ebri.<\/p>\n<p style=\"text-align: justify;\">Po ashtu, n\u00eb k\u00ebt\u00eb ceremoni ligj\u00ebroi edhe H. Durim Kasemi, i cili foli mbi vler\u00ebn shpirt\u00ebrore t\u00eb sakrific\u00ebs dhe p\u00ebrkushtimit ndaj besimit. Gjithashtu, H. Durim Kasemi mbajti edhe hytben e Bajramit.<\/p>\n<p style=\"text-align: justify;\">Nj\u00eb tjet\u00ebr ceremoni e r\u00ebnd\u00ebsishme u zhvillua n\u00eb xhamin\u00eb &#8220;Ebu Bek\u00ebr&#8221;, ku teologu Arben Halluni dhe H. Idmir Plaku mbajt\u00ebn fjalime frym\u00ebzuese mbi r\u00ebnd\u00ebsin\u00eb e besimit dhe jet\u00ebs s\u00eb past\u00ebr shpirt\u00ebrore. Ata i b\u00ebn\u00eb thirrje besimtar\u00ebve t\u00eb kultivojn\u00eb ndjenjat e mir\u00ebsis\u00eb dhe t\u00eb vazhdojn\u00eb rrug\u00ebn e devotshm\u00ebris\u00eb edhe pas p\u00ebrfundimit t\u00eb muajit t\u00eb shenjt\u00eb t\u00eb Ramazanit.<\/p>\n<p style=\"text-align: justify;\">N\u00eb k\u00ebt\u00eb dit\u00eb t\u00eb madhe feste, u fol edhe p\u00ebr banor\u00ebt e Gaz\u00ebs, t\u00eb cil\u00ebt po p\u00ebrjetojn\u00eb dhun\u00ebn, terrorin dhe krimet m\u00eb monstruoze t\u00eb par\u00eb ndonj\u00ebher\u00eb nga njer\u00ebzimi, ku me gjith\u00eb solidaritetin e masave n\u00eb mbar\u00eb bot\u00ebn n\u00eb p\u00ebrkrahje t\u00eb popullsis\u00eb s\u00eb Gaz\u00ebs, qeverit\u00eb e shum\u00eb vendeve per\u00ebndimore, jo vet\u00ebm q\u00eb nuk po e ndalin dhun\u00eb, vrasjen dhe krimet njer\u00ebzore, por po i ndihmojn\u00eb pushtuesit t\u00eb vazhdoj\u00eb n\u00eb krimin dhe vrasjet e tij, t\u00eb grave, f\u00ebmij\u00ebve, pleqve dhe k\u00ebdo q\u00eb ndodhet n\u00eb at\u00eb tok\u00eb t\u00eb shenjt\u00eb.<\/p>\n<p style=\"text-align: justify;\">Imam\u00ebt dhe hoxhallar\u00ebt u lut\u00ebn p\u00ebr paqe, harmoni dhe dashuri, e q\u00eb Zoti t\u2019i bekoj\u00eb t\u00eb gjith\u00eb me mir\u00ebsit\u00eb dhe begatit\u00eb e Tij dhe tua pranoj\u00eb secilit agj\u00ebrimin dhe adhurimet.<\/p>\n<p style=\"text-align: justify;\">Pas faljes, besimtar\u00ebt shk\u00ebmbyen urime me nj\u00ebri-tjetrin, duke ndar\u00eb g\u00ebzimin e k\u00ebsaj dite t\u00eb bekuar.<\/p>\n<p style=\"text-align: justify;\">Fit\u00ebr Bajrami, si nj\u00eb dit\u00eb e faljes dhe harmonis\u00eb, solli nj\u00eb mesazh t\u00eb fuqish\u00ebm uniteti dhe v\u00ebllaz\u00ebrie, duke forcuar edhe m\u00eb shum\u00eb lidhjet ebesimtar\u00ebve me nj\u00ebri tjetrin.<\/p>\n<div id='gallery-1' class='gallery galleryid-17450 gallery-columns-5 gallery-size-thumbnail'><figure class='gallery-item'>\n\t\t\t<div class='gallery-icon landscape'>\n\t\t\t\t<a href='https:\/\/myftinia-shkoder.org\/?attachment_id=17451'><img loading=\"lazy\" decoding=\"async\" width=\"150\" height=\"150\" src=\"https:\/\/myftinia-shkoder.org\/wp-content\/uploads\/2025\/03\/Falja-e-Fiter-Bajramit-deshmi-e-tabanit-dhe-e-tradites-islame-ne-Shkoder-1-150x150.jpg\" class=\"attachment-thumbnail size-thumbnail\" alt=\"\" aria-describedby=\"gallery-1-17451\" \/><\/a>\n\t\t\t<\/div>\n\t\t\t\t<figcaption class='wp-caption-text gallery-caption' id='gallery-1-17451'>\n\t\t\t\tFalja e Fit\u00ebr Bajramit d\u00ebshmi e tabanit dhe e tradit\u00ebs islame n\u00eb Shkod\u00ebr | 2025\n\t\t\t\t<\/figcaption><\/figure><figure class='gallery-item'>\n\t\t\t<div class='gallery-icon landscape'>\n\t\t\t\t<a href='https:\/\/myftinia-shkoder.org\/?attachment_id=17452'><img loading=\"lazy\" decoding=\"async\" width=\"150\" height=\"150\" src=\"https:\/\/myftinia-shkoder.org\/wp-content\/uploads\/2025\/03\/Falja-e-Fiter-Bajramit-deshmi-e-tabanit-dhe-e-tradites-islame-ne-Shkoder-2-150x150.jpg\" class=\"attachment-thumbnail size-thumbnail\" alt=\"\" aria-describedby=\"gallery-1-17452\" \/><\/a>\n\t\t\t<\/div>\n\t\t\t\t<figcaption class='wp-caption-text gallery-caption' id='gallery-1-17452'>\n\t\t\t\tFalja e Fit\u00ebr Bajramit d\u00ebshmi e tabanit dhe e tradit\u00ebs islame n\u00eb Shkod\u00ebr | 2025\n\t\t\t\t<\/figcaption><\/figure><figure class='gallery-item'>\n\t\t\t<div class='gallery-icon landscape'>\n\t\t\t\t<a href='https:\/\/myftinia-shkoder.org\/?attachment_id=17453'><img loading=\"lazy\" decoding=\"async\" width=\"150\" height=\"150\" src=\"https:\/\/myftinia-shkoder.org\/wp-content\/uploads\/2025\/03\/Falja-e-Fiter-Bajramit-deshmi-e-tabanit-dhe-e-tradites-islame-ne-Shkoder-3-150x150.jpg\" class=\"attachment-thumbnail size-thumbnail\" alt=\"\" aria-describedby=\"gallery-1-17453\" \/><\/a>\n\t\t\t<\/div>\n\t\t\t\t<figcaption class='wp-caption-text gallery-caption' id='gallery-1-17453'>\n\t\t\t\tFalja e Fit\u00ebr Bajramit d\u00ebshmi e tabanit dhe e tradit\u00ebs islame n\u00eb Shkod\u00ebr | 2025\n\t\t\t\t<\/figcaption><\/figure><figure class='gallery-item'>\n\t\t\t<div class='gallery-icon landscape'>\n\t\t\t\t<a href='https:\/\/myftinia-shkoder.org\/?attachment_id=17454'><img loading=\"lazy\" decoding=\"async\" width=\"150\" height=\"150\" src=\"https:\/\/myftinia-shkoder.org\/wp-content\/uploads\/2025\/03\/Falja-e-Fiter-Bajramit-deshmi-e-tabanit-dhe-e-tradites-islame-ne-Shkoder-4-150x150.jpg\" class=\"attachment-thumbnail size-thumbnail\" alt=\"\" aria-describedby=\"gallery-1-17454\" \/><\/a>\n\t\t\t<\/div>\n\t\t\t\t<figcaption class='wp-caption-text gallery-caption' id='gallery-1-17454'>\n\t\t\t\tFalja e Fit\u00ebr Bajramit d\u00ebshmi e tabanit dhe e tradit\u00ebs islame n\u00eb Shkod\u00ebr | 2025\n\t\t\t\t<\/figcaption><\/figure><figure class='gallery-item'>\n\t\t\t<div class='gallery-icon landscape'>\n\t\t\t\t<a href='https:\/\/myftinia-shkoder.org\/?attachment_id=17455'><img loading=\"lazy\" decoding=\"async\" width=\"150\" height=\"150\" src=\"https:\/\/myftinia-shkoder.org\/wp-content\/uploads\/2025\/03\/Falja-e-Fiter-Bajramit-deshmi-e-tabanit-dhe-e-tradites-islame-ne-Shkoder-5-150x150.jpg\" class=\"attachment-thumbnail size-thumbnail\" alt=\"\" aria-describedby=\"gallery-1-17455\" \/><\/a>\n\t\t\t<\/div>\n\t\t\t\t<figcaption class='wp-caption-text gallery-caption' id='gallery-1-17455'>\n\t\t\t\tFalja e Fit\u00ebr Bajramit d\u00ebshmi e tabanit dhe e tradit\u00ebs islame n\u00eb Shkod\u00ebr | 2025\n\t\t\t\t<\/figcaption><\/figure><figure class='gallery-item'>\n\t\t\t<div class='gallery-icon landscape'>\n\t\t\t\t<a href='https:\/\/myftinia-shkoder.org\/?attachment_id=17456'><img loading=\"lazy\" decoding=\"async\" width=\"150\" height=\"150\" src=\"https:\/\/myftinia-shkoder.org\/wp-content\/uploads\/2025\/03\/Falja-e-Fiter-Bajramit-deshmi-e-tabanit-dhe-e-tradites-islame-ne-Shkoder-6-150x150.jpg\" class=\"attachment-thumbnail size-thumbnail\" alt=\"\" aria-describedby=\"gallery-1-17456\" \/><\/a>\n\t\t\t<\/div>\n\t\t\t\t<figcaption class='wp-caption-text gallery-caption' id='gallery-1-17456'>\n\t\t\t\tFalja e Fit\u00ebr Bajramit d\u00ebshmi e tabanit dhe e tradit\u00ebs islame n\u00eb Shkod\u00ebr | 2025\n\t\t\t\t<\/figcaption><\/figure><figure class='gallery-item'>\n\t\t\t<div class='gallery-icon landscape'>\n\t\t\t\t<a href='https:\/\/myftinia-shkoder.org\/?attachment_id=17457'><img loading=\"lazy\" decoding=\"async\" width=\"150\" height=\"150\" src=\"https:\/\/myftinia-shkoder.org\/wp-content\/uploads\/2025\/03\/Falja-e-Fiter-Bajramit-deshmi-e-tabanit-dhe-e-tradites-islame-ne-Shkoder-7-150x150.jpg\" class=\"attachment-thumbnail size-thumbnail\" alt=\"\" aria-describedby=\"gallery-1-17457\" \/><\/a>\n\t\t\t<\/div>\n\t\t\t\t<figcaption class='wp-caption-text gallery-caption' id='gallery-1-17457'>\n\t\t\t\tFalja e Fit\u00ebr Bajramit d\u00ebshmi e tabanit dhe e tradit\u00ebs islame n\u00eb Shkod\u00ebr | 2025\n\t\t\t\t<\/figcaption><\/figure><figure class='gallery-item'>\n\t\t\t<div class='gallery-icon landscape'>\n\t\t\t\t<a href='https:\/\/myftinia-shkoder.org\/?attachment_id=17458'><img loading=\"lazy\" decoding=\"async\" width=\"150\" height=\"150\" src=\"https:\/\/myftinia-shkoder.org\/wp-content\/uploads\/2025\/03\/Falja-e-Fiter-Bajramit-deshmi-e-tabanit-dhe-e-tradites-islame-ne-Shkoder-8-150x150.jpg\" class=\"attachment-thumbnail size-thumbnail\" alt=\"\" aria-describedby=\"gallery-1-17458\" \/><\/a>\n\t\t\t<\/div>\n\t\t\t\t<figcaption class='wp-caption-text gallery-caption' id='gallery-1-17458'>\n\t\t\t\tFalja e Fit\u00ebr Bajramit d\u00ebshmi e tabanit dhe e tradit\u00ebs islame n\u00eb Shkod\u00ebr | 2025\n\t\t\t\t<\/figcaption><\/figure><figure class='gallery-item'>\n\t\t\t<div class='gallery-icon landscape'>\n\t\t\t\t<a href='https:\/\/myftinia-shkoder.org\/?attachment_id=17459'><img loading=\"lazy\" decoding=\"async\" width=\"150\" height=\"150\" src=\"https:\/\/myftinia-shkoder.org\/wp-content\/uploads\/2025\/03\/Falja-e-Fiter-Bajramit-deshmi-e-tabanit-dhe-e-tradites-islame-ne-Shkoder-9-150x150.jpg\" class=\"attachment-thumbnail size-thumbnail\" alt=\"\" aria-describedby=\"gallery-1-17459\" \/><\/a>\n\t\t\t<\/div>\n\t\t\t\t<figcaption class='wp-caption-text gallery-caption' id='gallery-1-17459'>\n\t\t\t\tFalja e Fit\u00ebr Bajramit d\u00ebshmi e tabanit dhe e tradit\u00ebs islame n\u00eb Shkod\u00ebr | 2025\n\t\t\t\t<\/figcaption><\/figure><figure class='gallery-item'>\n\t\t\t<div class='gallery-icon landscape'>\n\t\t\t\t<a href='https:\/\/myftinia-shkoder.org\/?attachment_id=17460'><img loading=\"lazy\" decoding=\"async\" width=\"150\" height=\"150\" src=\"https:\/\/myftinia-shkoder.org\/wp-content\/uploads\/2025\/03\/Falja-e-Fiter-Bajramit-deshmi-e-tabanit-dhe-e-tradites-islame-ne-Shkoder-10-150x150.jpg\" class=\"attachment-thumbnail size-thumbnail\" alt=\"\" aria-describedby=\"gallery-1-17460\" \/><\/a>\n\t\t\t<\/div>\n\t\t\t\t<figcaption class='wp-caption-text gallery-caption' id='gallery-1-17460'>\n\t\t\t\tFalja e Fit\u00ebr Bajramit d\u00ebshmi e tabanit dhe e tradit\u00ebs islame n\u00eb Shkod\u00ebr | 2025\n\t\t\t\t<\/figcaption><\/figure><figure class='gallery-item'>\n\t\t\t<div class='gallery-icon landscape'>\n\t\t\t\t<a href='https:\/\/myftinia-shkoder.org\/?attachment_id=17461'><img loading=\"lazy\" decoding=\"async\" width=\"150\" height=\"150\" src=\"https:\/\/myftinia-shkoder.org\/wp-content\/uploads\/2025\/03\/Falja-e-Fiter-Bajramit-deshmi-e-tabanit-dhe-e-tradites-islame-ne-Shkoder-11-150x150.jpg\" class=\"attachment-thumbnail size-thumbnail\" alt=\"\" aria-describedby=\"gallery-1-17461\" \/><\/a>\n\t\t\t<\/div>\n\t\t\t\t<figcaption class='wp-caption-text gallery-caption' id='gallery-1-17461'>\n\t\t\t\tFalja e Fit\u00ebr Bajramit d\u00ebshmi e tabanit dhe e tradit\u00ebs islame n\u00eb Shkod\u00ebr | 2025\n\t\t\t\t<\/figcaption><\/figure><figure class='gallery-item'>\n\t\t\t<div class='gallery-icon landscape'>\n\t\t\t\t<a href='https:\/\/myftinia-shkoder.org\/?attachment_id=17462'><img loading=\"lazy\" decoding=\"async\" width=\"150\" height=\"150\" src=\"https:\/\/myftinia-shkoder.org\/wp-content\/uploads\/2025\/03\/Falja-e-Fiter-Bajramit-deshmi-e-tabanit-dhe-e-tradites-islame-ne-Shkoder-12-150x150.jpg\" class=\"attachment-thumbnail size-thumbnail\" alt=\"\" aria-describedby=\"gallery-1-17462\" \/><\/a>\n\t\t\t<\/div>\n\t\t\t\t<figcaption class='wp-caption-text gallery-caption' id='gallery-1-17462'>\n\t\t\t\tFalja e Fit\u00ebr Bajramit d\u00ebshmi e tabanit dhe e tradit\u00ebs islame n\u00eb Shkod\u00ebr | 2025\n\t\t\t\t<\/figcaption><\/figure><figure class='gallery-item'>\n\t\t\t<div class='gallery-icon landscape'>\n\t\t\t\t<a href='https:\/\/myftinia-shkoder.org\/?attachment_id=17463'><img loading=\"lazy\" decoding=\"async\" width=\"150\" height=\"150\" src=\"https:\/\/myftinia-shkoder.org\/wp-content\/uploads\/2025\/03\/Falja-e-Fiter-Bajramit-deshmi-e-tabanit-dhe-e-tradites-islame-ne-Shkoder-13-150x150.jpg\" class=\"attachment-thumbnail size-thumbnail\" alt=\"\" aria-describedby=\"gallery-1-17463\" \/><\/a>\n\t\t\t<\/div>\n\t\t\t\t<figcaption class='wp-caption-text gallery-caption' id='gallery-1-17463'>\n\t\t\t\tFalja e Fit\u00ebr Bajramit d\u00ebshmi e tabanit dhe e tradit\u00ebs islame n\u00eb Shkod\u00ebr | 2025\n\t\t\t\t<\/figcaption><\/figure><figure class='gallery-item'>\n\t\t\t<div class='gallery-icon landscape'>\n\t\t\t\t<a href='https:\/\/myftinia-shkoder.org\/?attachment_id=17464'><img loading=\"lazy\" decoding=\"async\" width=\"150\" height=\"150\" src=\"https:\/\/myftinia-shkoder.org\/wp-content\/uploads\/2025\/03\/Falja-e-Fiter-Bajramit-deshmi-e-tabanit-dhe-e-tradites-islame-ne-Shkoder-14-150x150.jpg\" class=\"attachment-thumbnail size-thumbnail\" alt=\"\" aria-describedby=\"gallery-1-17464\" \/><\/a>\n\t\t\t<\/div>\n\t\t\t\t<figcaption class='wp-caption-text gallery-caption' id='gallery-1-17464'>\n\t\t\t\tFalja e Fit\u00ebr Bajramit d\u00ebshmi e tabanit dhe e tradit\u00ebs islame n\u00eb Shkod\u00ebr | 2025\n\t\t\t\t<\/figcaption><\/figure><figure class='gallery-item'>\n\t\t\t<div class='gallery-icon landscape'>\n\t\t\t\t<a href='https:\/\/myftinia-shkoder.org\/?attachment_id=17465'><img loading=\"lazy\" decoding=\"async\" width=\"150\" height=\"150\" src=\"https:\/\/myftinia-shkoder.org\/wp-content\/uploads\/2025\/03\/Falja-e-Fiter-Bajramit-deshmi-e-tabanit-dhe-e-tradites-islame-ne-Shkoder-15-150x150.jpg\" class=\"attachment-thumbnail size-thumbnail\" alt=\"\" aria-describedby=\"gallery-1-17465\" \/><\/a>\n\t\t\t<\/div>\n\t\t\t\t<figcaption class='wp-caption-text gallery-caption' id='gallery-1-17465'>\n\t\t\t\tFalja e Fit\u00ebr Bajramit d\u00ebshmi e tabanit dhe e tradit\u00ebs islame n\u00eb Shkod\u00ebr | 2025\n\t\t\t\t<\/figcaption><\/figure><figure class='gallery-item'>\n\t\t\t<div class='gallery-icon landscape'>\n\t\t\t\t<a href='https:\/\/myftinia-shkoder.org\/?attachment_id=17466'><img loading=\"lazy\" decoding=\"async\" width=\"150\" height=\"150\" src=\"https:\/\/myftinia-shkoder.org\/wp-content\/uploads\/2025\/03\/Falja-e-Fiter-Bajramit-deshmi-e-tabanit-dhe-e-tradites-islame-ne-Shkoder-16-150x150.jpg\" class=\"attachment-thumbnail size-thumbnail\" alt=\"\" aria-describedby=\"gallery-1-17466\" \/><\/a>\n\t\t\t<\/div>\n\t\t\t\t<figcaption class='wp-caption-text gallery-caption' id='gallery-1-17466'>\n\t\t\t\tFalja e Fit\u00ebr Bajramit d\u00ebshmi e tabanit dhe e tradit\u00ebs islame n\u00eb Shkod\u00ebr | 2025\n\t\t\t\t<\/figcaption><\/figure><figure class='gallery-item'>\n\t\t\t<div class='gallery-icon landscape'>\n\t\t\t\t<a href='https:\/\/myftinia-shkoder.org\/?attachment_id=17467'><img loading=\"lazy\" decoding=\"async\" width=\"150\" height=\"150\" src=\"https:\/\/myftinia-shkoder.org\/wp-content\/uploads\/2025\/03\/Falja-e-Fiter-Bajramit-deshmi-e-tabanit-dhe-e-tradites-islame-ne-Shkoder-17-150x150.jpg\" class=\"attachment-thumbnail size-thumbnail\" alt=\"\" aria-describedby=\"gallery-1-17467\" \/><\/a>\n\t\t\t<\/div>\n\t\t\t\t<figcaption class='wp-caption-text gallery-caption' id='gallery-1-17467'>\n\t\t\t\tFalja e Fit\u00ebr Bajramit d\u00ebshmi e tabanit dhe e tradit\u00ebs islame n\u00eb Shkod\u00ebr | 2025\n\t\t\t\t<\/figcaption><\/figure><figure class='gallery-item'>\n\t\t\t<div class='gallery-icon landscape'>\n\t\t\t\t<a href='https:\/\/myftinia-shkoder.org\/?attachment_id=17468'><img loading=\"lazy\" decoding=\"async\" width=\"150\" height=\"150\" src=\"https:\/\/myftinia-shkoder.org\/wp-content\/uploads\/2025\/03\/Falja-e-Fiter-Bajramit-deshmi-e-tabanit-dhe-e-tradites-islame-ne-Shkoder-18-150x150.jpg\" class=\"attachment-thumbnail size-thumbnail\" alt=\"\" aria-describedby=\"gallery-1-17468\" \/><\/a>\n\t\t\t<\/div>\n\t\t\t\t<figcaption class='wp-caption-text gallery-caption' id='gallery-1-17468'>\n\t\t\t\tFalja e Fit\u00ebr Bajramit d\u00ebshmi e tabanit dhe e tradit\u00ebs islame n\u00eb Shkod\u00ebr | 2025\n\t\t\t\t<\/figcaption><\/figure><figure class='gallery-item'>\n\t\t\t<div class='gallery-icon landscape'>\n\t\t\t\t<a href='https:\/\/myftinia-shkoder.org\/?attachment_id=17469'><img loading=\"lazy\" decoding=\"async\" width=\"150\" height=\"150\" src=\"https:\/\/myftinia-shkoder.org\/wp-content\/uploads\/2025\/03\/Falja-e-Fiter-Bajramit-deshmi-e-tabanit-dhe-e-tradites-islame-ne-Shkoder-19-150x150.jpg\" class=\"attachment-thumbnail size-thumbnail\" alt=\"\" aria-describedby=\"gallery-1-17469\" \/><\/a>\n\t\t\t<\/div>\n\t\t\t\t<figcaption class='wp-caption-text gallery-caption' id='gallery-1-17469'>\n\t\t\t\tFalja e Fit\u00ebr Bajramit d\u00ebshmi e tabanit dhe e tradit\u00ebs islame n\u00eb Shkod\u00ebr | 2025\n\t\t\t\t<\/figcaption><\/figure><figure class='gallery-item'>\n\t\t\t<div class='gallery-icon landscape'>\n\t\t\t\t<a href='https:\/\/myftinia-shkoder.org\/?attachment_id=17470'><img loading=\"lazy\" decoding=\"async\" width=\"150\" height=\"150\" src=\"https:\/\/myftinia-shkoder.org\/wp-content\/uploads\/2025\/03\/Falja-e-Fiter-Bajramit-deshmi-e-tabanit-dhe-e-tradites-islame-ne-Shkoder-20-150x150.jpg\" class=\"attachment-thumbnail size-thumbnail\" alt=\"\" aria-describedby=\"gallery-1-17470\" \/><\/a>\n\t\t\t<\/div>\n\t\t\t\t<figcaption class='wp-caption-text gallery-caption' id='gallery-1-17470'>\n\t\t\t\tFalja e Fit\u00ebr Bajramit d\u00ebshmi e tabanit dhe e tradit\u00ebs islame n\u00eb Shkod\u00ebr | 2025\n\t\t\t\t<\/figcaption><\/figure><figure class='gallery-item'>\n\t\t\t<div class='gallery-icon landscape'>\n\t\t\t\t<a href='https:\/\/myftinia-shkoder.org\/?attachment_id=17471'><img loading=\"lazy\" decoding=\"async\" width=\"150\" height=\"150\" src=\"https:\/\/myftinia-shkoder.org\/wp-content\/uploads\/2025\/03\/Falja-e-Fiter-Bajramit-deshmi-e-tabanit-dhe-e-tradites-islame-ne-Shkoder-21-150x150.jpg\" class=\"attachment-thumbnail size-thumbnail\" alt=\"\" aria-describedby=\"gallery-1-17471\" \/><\/a>\n\t\t\t<\/div>\n\t\t\t\t<figcaption class='wp-caption-text gallery-caption' id='gallery-1-17471'>\n\t\t\t\tFalja e Fit\u00ebr Bajramit d\u00ebshmi e tabanit dhe e tradit\u00ebs islame n\u00eb Shkod\u00ebr | 2025\n\t\t\t\t<\/figcaption><\/figure><figure class='gallery-item'>\n\t\t\t<div class='gallery-icon landscape'>\n\t\t\t\t<a href='https:\/\/myftinia-shkoder.org\/?attachment_id=17472'><img loading=\"lazy\" decoding=\"async\" width=\"150\" height=\"150\" src=\"https:\/\/myftinia-shkoder.org\/wp-content\/uploads\/2025\/03\/Falja-e-Fiter-Bajramit-deshmi-e-tabanit-dhe-e-tradites-islame-ne-Shkoder-22-150x150.jpg\" class=\"attachment-thumbnail size-thumbnail\" alt=\"\" aria-describedby=\"gallery-1-17472\" \/><\/a>\n\t\t\t<\/div>\n\t\t\t\t<figcaption class='wp-caption-text gallery-caption' id='gallery-1-17472'>\n\t\t\t\tFalja e Fit\u00ebr Bajramit d\u00ebshmi e tabanit dhe e tradit\u00ebs islame n\u00eb Shkod\u00ebr | 2025\n\t\t\t\t<\/figcaption><\/figure><figure class='gallery-item'>\n\t\t\t<div class='gallery-icon landscape'>\n\t\t\t\t<a href='https:\/\/myftinia-shkoder.org\/?attachment_id=17473'><img loading=\"lazy\" decoding=\"async\" width=\"150\" height=\"150\" src=\"https:\/\/myftinia-shkoder.org\/wp-content\/uploads\/2025\/03\/Falja-e-Fiter-Bajramit-deshmi-e-tabanit-dhe-e-tradites-islame-ne-Shkoder-23-150x150.jpg\" class=\"attachment-thumbnail size-thumbnail\" alt=\"\" aria-describedby=\"gallery-1-17473\" \/><\/a>\n\t\t\t<\/div>\n\t\t\t\t<figcaption class='wp-caption-text gallery-caption' id='gallery-1-17473'>\n\t\t\t\tFalja e Fit\u00ebr Bajramit d\u00ebshmi e tabanit dhe e tradit\u00ebs islame n\u00eb Shkod\u00ebr | 2025\n\t\t\t\t<\/figcaption><\/figure><figure class='gallery-item'>\n\t\t\t<div class='gallery-icon landscape'>\n\t\t\t\t<a href='https:\/\/myftinia-shkoder.org\/?attachment_id=17474'><img loading=\"lazy\" decoding=\"async\" width=\"150\" height=\"150\" src=\"https:\/\/myftinia-shkoder.org\/wp-content\/uploads\/2025\/03\/Falja-e-Fiter-Bajramit-deshmi-e-tabanit-dhe-e-tradites-islame-ne-Shkoder-24-150x150.jpg\" class=\"attachment-thumbnail size-thumbnail\" alt=\"\" aria-describedby=\"gallery-1-17474\" \/><\/a>\n\t\t\t<\/div>\n\t\t\t\t<figcaption class='wp-caption-text gallery-caption' id='gallery-1-17474'>\n\t\t\t\tFalja e Fit\u00ebr Bajramit d\u00ebshmi e tabanit dhe e tradit\u00ebs islame n\u00eb Shkod\u00ebr | 2025\n\t\t\t\t<\/figcaption><\/figure><figure class='gallery-item'>\n\t\t\t<div class='gallery-icon landscape'>\n\t\t\t\t<a href='https:\/\/myftinia-shkoder.org\/?attachment_id=17475'><img loading=\"lazy\" decoding=\"async\" width=\"150\" height=\"150\" src=\"https:\/\/myftinia-shkoder.org\/wp-content\/uploads\/2025\/03\/Falja-e-Fiter-Bajramit-deshmi-e-tabanit-dhe-e-tradites-islame-ne-Shkoder-25-150x150.jpg\" class=\"attachment-thumbnail size-thumbnail\" alt=\"\" aria-describedby=\"gallery-1-17475\" \/><\/a>\n\t\t\t<\/div>\n\t\t\t\t<figcaption class='wp-caption-text gallery-caption' id='gallery-1-17475'>\n\t\t\t\tFalja e Fit\u00ebr Bajramit d\u00ebshmi e tabanit dhe e tradit\u00ebs islame n\u00eb Shkod\u00ebr | 2025\n\t\t\t\t<\/figcaption><\/figure><figure class='gallery-item'>\n\t\t\t<div class='gallery-icon landscape'>\n\t\t\t\t<a href='https:\/\/myftinia-shkoder.org\/?attachment_id=17476'><img loading=\"lazy\" decoding=\"async\" width=\"150\" height=\"150\" src=\"https:\/\/myftinia-shkoder.org\/wp-content\/uploads\/2025\/03\/Falja-e-Fiter-Bajramit-deshmi-e-tabanit-dhe-e-tradites-islame-ne-Shkoder-26-150x150.jpg\" class=\"attachment-thumbnail size-thumbnail\" alt=\"\" aria-describedby=\"gallery-1-17476\" \/><\/a>\n\t\t\t<\/div>\n\t\t\t\t<figcaption class='wp-caption-text gallery-caption' id='gallery-1-17476'>\n\t\t\t\tFalja e Fit\u00ebr Bajramit d\u00ebshmi e tabanit dhe e tradit\u00ebs islame n\u00eb Shkod\u00ebr | 2025\n\t\t\t\t<\/figcaption><\/figure><figure class='gallery-item'>\n\t\t\t<div class='gallery-icon landscape'>\n\t\t\t\t<a href='https:\/\/myftinia-shkoder.org\/?attachment_id=17477'><img loading=\"lazy\" decoding=\"async\" width=\"150\" height=\"150\" src=\"https:\/\/myftinia-shkoder.org\/wp-content\/uploads\/2025\/03\/Falja-e-Fiter-Bajramit-deshmi-e-tabanit-dhe-e-tradites-islame-ne-Shkoder-27-150x150.jpg\" class=\"attachment-thumbnail size-thumbnail\" alt=\"\" aria-describedby=\"gallery-1-17477\" \/><\/a>\n\t\t\t<\/div>\n\t\t\t\t<figcaption class='wp-caption-text gallery-caption' id='gallery-1-17477'>\n\t\t\t\tFalja e Fit\u00ebr Bajramit d\u00ebshmi e tabanit dhe e tradit\u00ebs islame n\u00eb Shkod\u00ebr | 2025\n\t\t\t\t<\/figcaption><\/figure><figure class='gallery-item'>\n\t\t\t<div class='gallery-icon landscape'>\n\t\t\t\t<a href='https:\/\/myftinia-shkoder.org\/?attachment_id=17478'><img loading=\"lazy\" decoding=\"async\" width=\"150\" height=\"150\" src=\"https:\/\/myftinia-shkoder.org\/wp-content\/uploads\/2025\/03\/Falja-e-Fiter-Bajramit-deshmi-e-tabanit-dhe-e-tradites-islame-ne-Shkoder-28-150x150.jpg\" class=\"attachment-thumbnail size-thumbnail\" alt=\"\" aria-describedby=\"gallery-1-17478\" \/><\/a>\n\t\t\t<\/div>\n\t\t\t\t<figcaption class='wp-caption-text gallery-caption' id='gallery-1-17478'>\n\t\t\t\tFalja e Fit\u00ebr Bajramit d\u00ebshmi e tabanit dhe e tradit\u00ebs islame n\u00eb Shkod\u00ebr | 2025\n\t\t\t\t<\/figcaption><\/figure><figure class='gallery-item'>\n\t\t\t<div class='gallery-icon landscape'>\n\t\t\t\t<a href='https:\/\/myftinia-shkoder.org\/?attachment_id=17479'><img loading=\"lazy\" decoding=\"async\" width=\"150\" height=\"150\" src=\"https:\/\/myftinia-shkoder.org\/wp-content\/uploads\/2025\/03\/Falja-e-Fiter-Bajramit-deshmi-e-tabanit-dhe-e-tradites-islame-ne-Shkoder-29-150x150.jpg\" class=\"attachment-thumbnail size-thumbnail\" alt=\"\" aria-describedby=\"gallery-1-17479\" \/><\/a>\n\t\t\t<\/div>\n\t\t\t\t<figcaption class='wp-caption-text gallery-caption' id='gallery-1-17479'>\n\t\t\t\tFalja e Fit\u00ebr Bajramit d\u00ebshmi e tabanit dhe e tradit\u00ebs islame n\u00eb Shkod\u00ebr | 2025\n\t\t\t\t<\/figcaption><\/figure><figure class='gallery-item'>\n\t\t\t<div class='gallery-icon landscape'>\n\t\t\t\t<a href='https:\/\/myftinia-shkoder.org\/?attachment_id=17480'><img loading=\"lazy\" decoding=\"async\" width=\"150\" height=\"150\" src=\"https:\/\/myftinia-shkoder.org\/wp-content\/uploads\/2025\/03\/Falja-e-Fiter-Bajramit-deshmi-e-tabanit-dhe-e-tradites-islame-ne-Shkoder-30-150x150.jpg\" class=\"attachment-thumbnail size-thumbnail\" alt=\"\" aria-describedby=\"gallery-1-17480\" \/><\/a>\n\t\t\t<\/div>\n\t\t\t\t<figcaption class='wp-caption-text gallery-caption' id='gallery-1-17480'>\n\t\t\t\tFalja e Fit\u00ebr Bajramit d\u00ebshmi e tabanit dhe e tradit\u00ebs islame n\u00eb Shkod\u00ebr | 2025\n\t\t\t\t<\/figcaption><\/figure><figure class='gallery-item'>\n\t\t\t<div class='gallery-icon landscape'>\n\t\t\t\t<a href='https:\/\/myftinia-shkoder.org\/?attachment_id=17481'><img loading=\"lazy\" decoding=\"async\" width=\"150\" height=\"150\" src=\"https:\/\/myftinia-shkoder.org\/wp-content\/uploads\/2025\/03\/Falja-e-Fiter-Bajramit-deshmi-e-tabanit-dhe-e-tradites-islame-ne-Shkoder-31-150x150.jpg\" class=\"attachment-thumbnail size-thumbnail\" alt=\"\" aria-describedby=\"gallery-1-17481\" \/><\/a>\n\t\t\t<\/div>\n\t\t\t\t<figcaption class='wp-caption-text gallery-caption' id='gallery-1-17481'>\n\t\t\t\tFalja e Fit\u00ebr Bajramit d\u00ebshmi e tabanit dhe e tradit\u00ebs islame n\u00eb Shkod\u00ebr | 2025\n\t\t\t\t<\/figcaption><\/figure><figure class='gallery-item'>\n\t\t\t<div class='gallery-icon landscape'>\n\t\t\t\t<a href='https:\/\/myftinia-shkoder.org\/?attachment_id=17482'><img loading=\"lazy\" decoding=\"async\" width=\"150\" height=\"150\" src=\"https:\/\/myftinia-shkoder.org\/wp-content\/uploads\/2025\/03\/Falja-e-Fiter-Bajramit-deshmi-e-tabanit-dhe-e-tradites-islame-ne-Shkoder-32-150x150.jpg\" class=\"attachment-thumbnail size-thumbnail\" alt=\"\" aria-describedby=\"gallery-1-17482\" \/><\/a>\n\t\t\t<\/div>\n\t\t\t\t<figcaption class='wp-caption-text gallery-caption' id='gallery-1-17482'>\n\t\t\t\tFalja e Fit\u00ebr Bajramit d\u00ebshmi e tabanit dhe e tradit\u00ebs islame n\u00eb Shkod\u00ebr | 2025\n\t\t\t\t<\/figcaption><\/figure><figure class='gallery-item'>\n\t\t\t<div class='gallery-icon landscape'>\n\t\t\t\t<a href='https:\/\/myftinia-shkoder.org\/?attachment_id=17483'><img loading=\"lazy\" decoding=\"async\" width=\"150\" height=\"150\" src=\"https:\/\/myftinia-shkoder.org\/wp-content\/uploads\/2025\/03\/Falja-e-Fiter-Bajramit-deshmi-e-tabanit-dhe-e-tradites-islame-ne-Shkoder-33-150x150.jpg\" class=\"attachment-thumbnail size-thumbnail\" alt=\"\" aria-describedby=\"gallery-1-17483\" \/><\/a>\n\t\t\t<\/div>\n\t\t\t\t<figcaption class='wp-caption-text gallery-caption' id='gallery-1-17483'>\n\t\t\t\tFalja e Fit\u00ebr Bajramit d\u00ebshmi e tabanit dhe e tradit\u00ebs islame n\u00eb Shkod\u00ebr | 2025\n\t\t\t\t<\/figcaption><\/figure><figure class='gallery-item'>\n\t\t\t<div class='gallery-icon landscape'>\n\t\t\t\t<a href='https:\/\/myftinia-shkoder.org\/?attachment_id=17484'><img loading=\"lazy\" decoding=\"async\" width=\"150\" height=\"150\" src=\"https:\/\/myftinia-shkoder.org\/wp-content\/uploads\/2025\/03\/Falja-e-Fiter-Bajramit-deshmi-e-tabanit-dhe-e-tradites-islame-ne-Shkoder-34-150x150.jpg\" class=\"attachment-thumbnail size-thumbnail\" alt=\"\" aria-describedby=\"gallery-1-17484\" \/><\/a>\n\t\t\t<\/div>\n\t\t\t\t<figcaption class='wp-caption-text gallery-caption' id='gallery-1-17484'>\n\t\t\t\tFalja e Fit\u00ebr Bajramit d\u00ebshmi e tabanit dhe e tradit\u00ebs islame n\u00eb Shkod\u00ebr | 2025\n\t\t\t\t<\/figcaption><\/figure><figure class='gallery-item'>\n\t\t\t<div class='gallery-icon landscape'>\n\t\t\t\t<a href='https:\/\/myftinia-shkoder.org\/?attachment_id=17485'><img loading=\"lazy\" decoding=\"async\" width=\"150\" height=\"150\" src=\"https:\/\/myftinia-shkoder.org\/wp-content\/uploads\/2025\/03\/Falja-e-Fiter-Bajramit-deshmi-e-tabanit-dhe-e-tradites-islame-ne-Shkoder-35-150x150.jpg\" class=\"attachment-thumbnail size-thumbnail\" alt=\"\" aria-describedby=\"gallery-1-17485\" \/><\/a>\n\t\t\t<\/div>\n\t\t\t\t<figcaption class='wp-caption-text gallery-caption' id='gallery-1-17485'>\n\t\t\t\tFalja e Fit\u00ebr Bajramit d\u00ebshmi e tabanit dhe e tradit\u00ebs islame n\u00eb Shkod\u00ebr | 2025\n\t\t\t\t<\/figcaption><\/figure><figure class='gallery-item'>\n\t\t\t<div class='gallery-icon landscape'>\n\t\t\t\t<a href='https:\/\/myftinia-shkoder.org\/?attachment_id=17486'><img loading=\"lazy\" decoding=\"async\" width=\"150\" height=\"150\" src=\"https:\/\/myftinia-shkoder.org\/wp-content\/uploads\/2025\/03\/Falja-e-Fiter-Bajramit-deshmi-e-tabanit-dhe-e-tradites-islame-ne-Shkoder-36-150x150.jpg\" class=\"attachment-thumbnail size-thumbnail\" alt=\"\" aria-describedby=\"gallery-1-17486\" \/><\/a>\n\t\t\t<\/div>\n\t\t\t\t<figcaption class='wp-caption-text gallery-caption' id='gallery-1-17486'>\n\t\t\t\tFalja e Fit\u00ebr Bajramit d\u00ebshmi e tabanit dhe e tradit\u00ebs islame n\u00eb Shkod\u00ebr | 2025\n\t\t\t\t<\/figcaption><\/figure><figure class='gallery-item'>\n\t\t\t<div class='gallery-icon landscape'>\n\t\t\t\t<a href='https:\/\/myftinia-shkoder.org\/?attachment_id=17487'><img loading=\"lazy\" decoding=\"async\" width=\"150\" height=\"150\" src=\"https:\/\/myftinia-shkoder.org\/wp-content\/uploads\/2025\/03\/Falja-e-Fiter-Bajramit-deshmi-e-tabanit-dhe-e-tradites-islame-ne-Shkoder-37-150x150.jpg\" class=\"attachment-thumbnail size-thumbnail\" alt=\"\" aria-describedby=\"gallery-1-17487\" \/><\/a>\n\t\t\t<\/div>\n\t\t\t\t<figcaption class='wp-caption-text gallery-caption' id='gallery-1-17487'>\n\t\t\t\tFalja e Fit\u00ebr Bajramit d\u00ebshmi e tabanit dhe e tradit\u00ebs islame n\u00eb Shkod\u00ebr | 2025\n\t\t\t\t<\/figcaption><\/figure><figure class='gallery-item'>\n\t\t\t<div class='gallery-icon landscape'>\n\t\t\t\t<a href='https:\/\/myftinia-shkoder.org\/?attachment_id=17488'><img loading=\"lazy\" decoding=\"async\" width=\"150\" height=\"150\" src=\"https:\/\/myftinia-shkoder.org\/wp-content\/uploads\/2025\/03\/Falja-e-Fiter-Bajramit-deshmi-e-tabanit-dhe-e-tradites-islame-ne-Shkoder-38-150x150.jpg\" class=\"attachment-thumbnail size-thumbnail\" alt=\"\" aria-describedby=\"gallery-1-17488\" \/><\/a>\n\t\t\t<\/div>\n\t\t\t\t<figcaption class='wp-caption-text gallery-caption' id='gallery-1-17488'>\n\t\t\t\tFalja e Fit\u00ebr Bajramit d\u00ebshmi e tabanit dhe e tradit\u00ebs islame n\u00eb Shkod\u00ebr | 2025\n\t\t\t\t<\/figcaption><\/figure><figure class='gallery-item'>\n\t\t\t<div class='gallery-icon landscape'>\n\t\t\t\t<a href='https:\/\/myftinia-shkoder.org\/?attachment_id=17489'><img loading=\"lazy\" decoding=\"async\" width=\"150\" height=\"150\" src=\"https:\/\/myftinia-shkoder.org\/wp-content\/uploads\/2025\/03\/Falja-e-Fiter-Bajramit-deshmi-e-tabanit-dhe-e-tradites-islame-ne-Shkoder-39-150x150.jpg\" class=\"attachment-thumbnail size-thumbnail\" alt=\"\" aria-describedby=\"gallery-1-17489\" \/><\/a>\n\t\t\t<\/div>\n\t\t\t\t<figcaption class='wp-caption-text gallery-caption' id='gallery-1-17489'>\n\t\t\t\tFalja e Fit\u00ebr Bajramit d\u00ebshmi e tabanit dhe e tradit\u00ebs islame n\u00eb Shkod\u00ebr | 2025\n\t\t\t\t<\/figcaption><\/figure><figure class='gallery-item'>\n\t\t\t<div class='gallery-icon landscape'>\n\t\t\t\t<a href='https:\/\/myftinia-shkoder.org\/?attachment_id=17490'><img loading=\"lazy\" decoding=\"async\" width=\"150\" height=\"150\" src=\"https:\/\/myftinia-shkoder.org\/wp-content\/uploads\/2025\/03\/Falja-e-Fiter-Bajramit-deshmi-e-tabanit-dhe-e-tradites-islame-ne-Shkoder-40-150x150.jpg\" class=\"attachment-thumbnail size-thumbnail\" alt=\"\" aria-describedby=\"gallery-1-17490\" \/><\/a>\n\t\t\t<\/div>\n\t\t\t\t<figcaption class='wp-caption-text gallery-caption' id='gallery-1-17490'>\n\t\t\t\tFalja e Fit\u00ebr Bajramit d\u00ebshmi e tabanit dhe e tradit\u00ebs islame n\u00eb Shkod\u00ebr | 2025\n\t\t\t\t<\/figcaption><\/figure><figure class='gallery-item'>\n\t\t\t<div class='gallery-icon landscape'>\n\t\t\t\t<a href='https:\/\/myftinia-shkoder.org\/?attachment_id=17491'><img loading=\"lazy\" decoding=\"async\" width=\"150\" height=\"150\" src=\"https:\/\/myftinia-shkoder.org\/wp-content\/uploads\/2025\/03\/Falja-e-Fiter-Bajramit-deshmi-e-tabanit-dhe-e-tradites-islame-ne-Shkoder-41-150x150.jpg\" class=\"attachment-thumbnail size-thumbnail\" alt=\"\" aria-describedby=\"gallery-1-17491\" \/><\/a>\n\t\t\t<\/div>\n\t\t\t\t<figcaption class='wp-caption-text gallery-caption' id='gallery-1-17491'>\n\t\t\t\tFalja e Fit\u00ebr Bajramit d\u00ebshmi e tabanit dhe e tradit\u00ebs islame n\u00eb Shkod\u00ebr | 2025\n\t\t\t\t<\/figcaption><\/figure><figure class='gallery-item'>\n\t\t\t<div class='gallery-icon landscape'>\n\t\t\t\t<a href='https:\/\/myftinia-shkoder.org\/?attachment_id=17492'><img loading=\"lazy\" decoding=\"async\" width=\"150\" height=\"150\" src=\"https:\/\/myftinia-shkoder.org\/wp-content\/uploads\/2025\/03\/Falja-e-Fiter-Bajramit-deshmi-e-tabanit-dhe-e-tradites-islame-ne-Shkoder-42-150x150.jpg\" class=\"attachment-thumbnail size-thumbnail\" alt=\"\" aria-describedby=\"gallery-1-17492\" \/><\/a>\n\t\t\t<\/div>\n\t\t\t\t<figcaption class='wp-caption-text gallery-caption' id='gallery-1-17492'>\n\t\t\t\tFalja e Fit\u00ebr Bajramit d\u00ebshmi e tabanit dhe e tradit\u00ebs islame n\u00eb Shkod\u00ebr | 2025\n\t\t\t\t<\/figcaption><\/figure><figure class='gallery-item'>\n\t\t\t<div class='gallery-icon landscape'>\n\t\t\t\t<a href='https:\/\/myftinia-shkoder.org\/?attachment_id=17493'><img loading=\"lazy\" decoding=\"async\" width=\"150\" height=\"150\" src=\"https:\/\/myftinia-shkoder.org\/wp-content\/uploads\/2025\/03\/Falja-e-Fiter-Bajramit-deshmi-e-tabanit-dhe-e-tradites-islame-ne-Shkoder-43-150x150.jpg\" class=\"attachment-thumbnail size-thumbnail\" alt=\"\" aria-describedby=\"gallery-1-17493\" \/><\/a>\n\t\t\t<\/div>\n\t\t\t\t<figcaption class='wp-caption-text gallery-caption' id='gallery-1-17493'>\n\t\t\t\tFalja e Fit\u00ebr Bajramit d\u00ebshmi e tabanit dhe e tradit\u00ebs islame n\u00eb Shkod\u00ebr | 2025\n\t\t\t\t<\/figcaption><\/figure><figure class='gallery-item'>\n\t\t\t<div class='gallery-icon landscape'>\n\t\t\t\t<a href='https:\/\/myftinia-shkoder.org\/?attachment_id=17494'><img loading=\"lazy\" decoding=\"async\" width=\"150\" height=\"150\" src=\"https:\/\/myftinia-shkoder.org\/wp-content\/uploads\/2025\/03\/Falja-e-Fiter-Bajramit-deshmi-e-tabanit-dhe-e-tradites-islame-ne-Shkoder-44-150x150.jpg\" class=\"attachment-thumbnail size-thumbnail\" alt=\"\" aria-describedby=\"gallery-1-17494\" \/><\/a>\n\t\t\t<\/div>\n\t\t\t\t<figcaption class='wp-caption-text gallery-caption' id='gallery-1-17494'>\n\t\t\t\tFalja e Fit\u00ebr Bajramit d\u00ebshmi e tabanit dhe e tradit\u00ebs islame n\u00eb Shkod\u00ebr | 2025\n\t\t\t\t<\/figcaption><\/figure><figure class='gallery-item'>\n\t\t\t<div class='gallery-icon landscape'>\n\t\t\t\t<a href='https:\/\/myftinia-shkoder.org\/?attachment_id=17495'><img loading=\"lazy\" decoding=\"async\" width=\"150\" height=\"150\" src=\"https:\/\/myftinia-shkoder.org\/wp-content\/uploads\/2025\/03\/Falja-e-Fiter-Bajramit-deshmi-e-tabanit-dhe-e-tradites-islame-ne-Shkoder-45-150x150.jpg\" class=\"attachment-thumbnail size-thumbnail\" alt=\"\" aria-describedby=\"gallery-1-17495\" \/><\/a>\n\t\t\t<\/div>\n\t\t\t\t<figcaption class='wp-caption-text gallery-caption' id='gallery-1-17495'>\n\t\t\t\tFalja e Fit\u00ebr Bajramit d\u00ebshmi e tabanit dhe e tradit\u00ebs islame n\u00eb Shkod\u00ebr | 2025\n\t\t\t\t<\/figcaption><\/figure><figure class='gallery-item'>\n\t\t\t<div class='gallery-icon landscape'>\n\t\t\t\t<a href='https:\/\/myftinia-shkoder.org\/?attachment_id=17496'><img loading=\"lazy\" decoding=\"async\" width=\"150\" height=\"150\" src=\"https:\/\/myftinia-shkoder.org\/wp-content\/uploads\/2025\/03\/Falja-e-Fiter-Bajramit-deshmi-e-tabanit-dhe-e-tradites-islame-ne-Shkoder-46-150x150.jpg\" class=\"attachment-thumbnail size-thumbnail\" alt=\"\" aria-describedby=\"gallery-1-17496\" \/><\/a>\n\t\t\t<\/div>\n\t\t\t\t<figcaption class='wp-caption-text gallery-caption' id='gallery-1-17496'>\n\t\t\t\tFalja e Fit\u00ebr Bajramit d\u00ebshmi e tabanit dhe e tradit\u00ebs islame n\u00eb Shkod\u00ebr | 2025\n\t\t\t\t<\/figcaption><\/figure><figure class='gallery-item'>\n\t\t\t<div class='gallery-icon landscape'>\n\t\t\t\t<a href='https:\/\/myftinia-shkoder.org\/?attachment_id=17497'><img loading=\"lazy\" decoding=\"async\" width=\"150\" height=\"150\" src=\"https:\/\/myftinia-shkoder.org\/wp-content\/uploads\/2025\/03\/Falja-e-Fiter-Bajramit-deshmi-e-tabanit-dhe-e-tradites-islame-ne-Shkoder-47-150x150.jpg\" class=\"attachment-thumbnail size-thumbnail\" alt=\"\" aria-describedby=\"gallery-1-17497\" \/><\/a>\n\t\t\t<\/div>\n\t\t\t\t<figcaption class='wp-caption-text gallery-caption' id='gallery-1-17497'>\n\t\t\t\tFalja e Fit\u00ebr Bajramit d\u00ebshmi e tabanit dhe e tradit\u00ebs islame n\u00eb Shkod\u00ebr | 2025\n\t\t\t\t<\/figcaption><\/figure><figure class='gallery-item'>\n\t\t\t<div class='gallery-icon landscape'>\n\t\t\t\t<a href='https:\/\/myftinia-shkoder.org\/?attachment_id=17498'><img loading=\"lazy\" decoding=\"async\" width=\"150\" height=\"150\" src=\"https:\/\/myftinia-shkoder.org\/wp-content\/uploads\/2025\/03\/Falja-e-Fiter-Bajramit-deshmi-e-tabanit-dhe-e-tradites-islame-ne-Shkoder-48-150x150.jpg\" class=\"attachment-thumbnail size-thumbnail\" alt=\"\" aria-describedby=\"gallery-1-17498\" \/><\/a>\n\t\t\t<\/div>\n\t\t\t\t<figcaption class='wp-caption-text gallery-caption' id='gallery-1-17498'>\n\t\t\t\tFalja e Fit\u00ebr Bajramit d\u00ebshmi e tabanit dhe e tradit\u00ebs islame n\u00eb Shkod\u00ebr | 2025\n\t\t\t\t<\/figcaption><\/figure><figure class='gallery-item'>\n\t\t\t<div class='gallery-icon landscape'>\n\t\t\t\t<a href='https:\/\/myftinia-shkoder.org\/?attachment_id=17499'><img loading=\"lazy\" decoding=\"async\" width=\"150\" height=\"150\" src=\"https:\/\/myftinia-shkoder.org\/wp-content\/uploads\/2025\/03\/Falja-e-Fiter-Bajramit-deshmi-e-tabanit-dhe-e-tradites-islame-ne-Shkoder-49-150x150.jpg\" class=\"attachment-thumbnail size-thumbnail\" alt=\"\" aria-describedby=\"gallery-1-17499\" \/><\/a>\n\t\t\t<\/div>\n\t\t\t\t<figcaption class='wp-caption-text gallery-caption' id='gallery-1-17499'>\n\t\t\t\tFalja e Fit\u00ebr Bajramit d\u00ebshmi e tabanit dhe e tradit\u00ebs islame n\u00eb Shkod\u00ebr | 2025\n\t\t\t\t<\/figcaption><\/figure><figure class='gallery-item'>\n\t\t\t<div class='gallery-icon landscape'>\n\t\t\t\t<a href='https:\/\/myftinia-shkoder.org\/?attachment_id=17500'><img loading=\"lazy\" decoding=\"async\" width=\"150\" height=\"150\" src=\"https:\/\/myftinia-shkoder.org\/wp-content\/uploads\/2025\/03\/Falja-e-Fiter-Bajramit-deshmi-e-tabanit-dhe-e-tradites-islame-ne-Shkoder-50-150x150.jpg\" class=\"attachment-thumbnail size-thumbnail\" alt=\"\" aria-describedby=\"gallery-1-17500\" \/><\/a>\n\t\t\t<\/div>\n\t\t\t\t<figcaption class='wp-caption-text gallery-caption' id='gallery-1-17500'>\n\t\t\t\tFalja e Fit\u00ebr Bajramit d\u00ebshmi e tabanit dhe e tradit\u00ebs islame n\u00eb Shkod\u00ebr | 2025\n\t\t\t\t<\/figcaption><\/figure><figure class='gallery-item'>\n\t\t\t<div class='gallery-icon landscape'>\n\t\t\t\t<a href='https:\/\/myftinia-shkoder.org\/?attachment_id=17501'><img loading=\"lazy\" decoding=\"async\" width=\"150\" height=\"150\" src=\"https:\/\/myftinia-shkoder.org\/wp-content\/uploads\/2025\/03\/Falja-e-Fiter-Bajramit-deshmi-e-tabanit-dhe-e-tradites-islame-ne-Shkoder-51-150x150.jpg\" class=\"attachment-thumbnail size-thumbnail\" alt=\"\" aria-describedby=\"gallery-1-17501\" \/><\/a>\n\t\t\t<\/div>\n\t\t\t\t<figcaption class='wp-caption-text gallery-caption' id='gallery-1-17501'>\n\t\t\t\tFalja e Fit\u00ebr Bajramit d\u00ebshmi e tabanit dhe e tradit\u00ebs islame n\u00eb Shkod\u00ebr | 2025\n\t\t\t\t<\/figcaption><\/figure><figure class='gallery-item'>\n\t\t\t<div class='gallery-icon landscape'>\n\t\t\t\t<a href='https:\/\/myftinia-shkoder.org\/?attachment_id=17502'><img loading=\"lazy\" decoding=\"async\" width=\"150\" height=\"150\" src=\"https:\/\/myftinia-shkoder.org\/wp-content\/uploads\/2025\/03\/Falja-e-Fiter-Bajramit-deshmi-e-tabanit-dhe-e-tradites-islame-ne-Shkoder-52-150x150.jpg\" class=\"attachment-thumbnail size-thumbnail\" alt=\"\" aria-describedby=\"gallery-1-17502\" \/><\/a>\n\t\t\t<\/div>\n\t\t\t\t<figcaption class='wp-caption-text gallery-caption' id='gallery-1-17502'>\n\t\t\t\tFalja e Fit\u00ebr Bajramit d\u00ebshmi e tabanit dhe e tradit\u00ebs islame n\u00eb Shkod\u00ebr | 2025\n\t\t\t\t<\/figcaption><\/figure><figure class='gallery-item'>\n\t\t\t<div class='gallery-icon landscape'>\n\t\t\t\t<a href='https:\/\/myftinia-shkoder.org\/?attachment_id=17503'><img loading=\"lazy\" decoding=\"async\" width=\"150\" height=\"150\" src=\"https:\/\/myftinia-shkoder.org\/wp-content\/uploads\/2025\/03\/Falja-e-Fiter-Bajramit-deshmi-e-tabanit-dhe-e-tradites-islame-ne-Shkoder-53-150x150.jpg\" class=\"attachment-thumbnail size-thumbnail\" alt=\"\" aria-describedby=\"gallery-1-17503\" \/><\/a>\n\t\t\t<\/div>\n\t\t\t\t<figcaption class='wp-caption-text gallery-caption' id='gallery-1-17503'>\n\t\t\t\tFalja e Fit\u00ebr Bajramit d\u00ebshmi e tabanit dhe e tradit\u00ebs islame n\u00eb Shkod\u00ebr | 2025\n\t\t\t\t<\/figcaption><\/figure><figure class='gallery-item'>\n\t\t\t<div class='gallery-icon landscape'>\n\t\t\t\t<a href='https:\/\/myftinia-shkoder.org\/?attachment_id=17504'><img loading=\"lazy\" decoding=\"async\" width=\"150\" height=\"150\" src=\"https:\/\/myftinia-shkoder.org\/wp-content\/uploads\/2025\/03\/Falja-e-Fiter-Bajramit-deshmi-e-tabanit-dhe-e-tradites-islame-ne-Shkoder-54-150x150.jpg\" class=\"attachment-thumbnail size-thumbnail\" alt=\"\" aria-describedby=\"gallery-1-17504\" \/><\/a>\n\t\t\t<\/div>\n\t\t\t\t<figcaption class='wp-caption-text gallery-caption' id='gallery-1-17504'>\n\t\t\t\tFalja e Fit\u00ebr Bajramit d\u00ebshmi e tabanit dhe e tradit\u00ebs islame n\u00eb Shkod\u00ebr | 2025\n\t\t\t\t<\/figcaption><\/figure><figure class='gallery-item'>\n\t\t\t<div class='gallery-icon landscape'>\n\t\t\t\t<a href='https:\/\/myftinia-shkoder.org\/?attachment_id=17505'><img loading=\"lazy\" decoding=\"async\" width=\"150\" height=\"150\" src=\"https:\/\/myftinia-shkoder.org\/wp-content\/uploads\/2025\/03\/Falja-e-Fiter-Bajramit-deshmi-e-tabanit-dhe-e-tradites-islame-ne-Shkoder-55-150x150.jpg\" class=\"attachment-thumbnail size-thumbnail\" alt=\"\" aria-describedby=\"gallery-1-17505\" \/><\/a>\n\t\t\t<\/div>\n\t\t\t\t<figcaption class='wp-caption-text gallery-caption' id='gallery-1-17505'>\n\t\t\t\tFalja e Fit\u00ebr Bajramit d\u00ebshmi e tabanit dhe e tradit\u00ebs islame n\u00eb Shkod\u00ebr | 2025\n\t\t\t\t<\/figcaption><\/figure>\n\t\t<\/div>\n\n","protected":false},"excerpt":{"rendered":"<div class=\"mh-excerpt\"><p>Falja e Fit\u00ebr Bajramit d\u00ebshmi e tabanit dhe e tradit\u00ebs islame n\u00eb Shkod\u00ebr Q\u00eb n\u00eb or\u00ebt e para t\u00eb m\u00ebngjesit, t\u00eb dit\u00ebs s\u00eb sotme, e diel, m\u00eb 30 mars 2025, besimtar\u00eb t\u00eb shumt\u00eb iu drejtuan <a class=\"mh-excerpt-more\" href=\"https:\/\/myftinia-shkoder.org\/?p=17450\" title=\"Falja e Fit\u00ebr Bajramit d\u00ebshmi e tabanit dhe e tradit\u00ebs islame n\u00eb Shkod\u00ebr\">[&#8230;]<\/a><\/p>\n<\/div>","protected":false},"author":1,"featured_media":17476,"comment_status":"closed","ping_status":"closed","sticky":false,"template":"","format":"standard","meta":{"footnotes":""},"categories":[13,36],"tags":[],"class_list":["post-17450","post","type-post","status-publish","format-standard","has-post-thumbnail","hentry","category-aktualitet","category-ramazan-1446-2025"],"_links":{"self":[{"href":"https:\/\/myftinia-shkoder.org\/index.php?rest_route=\/wp\/v2\/posts\/17450","targetHints":{"allow":["GET"]}}],"collection":[{"href":"https:\/\/myftinia-shkoder.org\/index.php?rest_route=\/wp\/v2\/posts"}],"about":[{"href":"https:\/\/myftinia-shkoder.org\/index.php?rest_route=\/wp\/v2\/types\/post"}],"author":[{"embeddable":true,"href":"https:\/\/myftinia-shkoder.org\/index.php?rest_route=\/wp\/v2\/users\/1"}],"replies":[{"embeddable":true,"href":"https:\/\/myftinia-shkoder.org\/index.php?rest_route=%2Fwp%2Fv2%2Fcomments&post=17450"}],"version-history":[{"count":2,"href":"https:\/\/myftinia-shkoder.org\/index.php?rest_route=\/wp\/v2\/posts\/17450\/revisions"}],"predecessor-version":[{"id":17507,"href":"https:\/\/myftinia-shkoder.org\/index.php?rest_route=\/wp\/v2\/posts\/17450\/revisions\/17507"}],"wp:featuredmedia":[{"embeddable":true,"href":"https:\/\/myftinia-shkoder.org\/index.php?rest_route=\/wp\/v2\/media\/17476"}],"wp:attachment":[{"href":"https:\/\/myftinia-shkoder.org\/index.php?rest_route=%2Fwp%2Fv2%2Fmedia&parent=17450"}],"wp:term":[{"taxonomy":"category","embeddable":true,"href":"https:\/\/myftinia-shkoder.org\/index.php?rest_route=%2Fwp%2Fv2%2Fcategories&post=17450"},{"taxonomy":"post_tag","embeddable":true,"href":"https:\/\/myftinia-shkoder.org\/index.php?rest_route=%2Fwp%2Fv2%2Ftags&post=17450"}],"curies":[{"name":"wp","href":"https:\/\/api.w.org\/{rel}","templated":true}]}}