{"id":17508,"date":"2025-03-30T21:14:36","date_gmt":"2025-03-30T21:14:36","guid":{"rendered":"https:\/\/myftinia-shkoder.org\/?p=17508"},"modified":"2025-03-30T21:14:36","modified_gmt":"2025-03-30T21:14:36","slug":"autoritetet-fetare-lokale-dhe-qytetaret-e-shkodres-urojne-fiter-bajramin","status":"publish","type":"post","link":"https:\/\/myftinia-shkoder.org\/?p=17508","title":{"rendered":"Autoritetet fetare, lokale dhe qytetar\u00ebt e Shkodr\u00ebs urojn\u00eb Fit\u00ebr Bajramin"},"content":{"rendered":"<p style=\"text-align: justify;\"><strong>Autoritetet fetare, lokale dhe qytetar\u00ebt e Shkodr\u00ebs urojn\u00eb Fit\u00ebr Bajramin<\/strong><\/p>\n<p style=\"text-align: justify;\">Me rastin e fest\u00ebs s\u00eb Fit\u00ebr Bajramit, Myftinia Shkod\u00ebr, m\u00eb 30 mars 2025, n\u00eb xhamin\u00eb e Parruc\u00ebs, p\u00ebrmes p\u00ebrfaq\u00ebsuesit t\u00eb saj, teologut Arben Halluni, imam\u00ebve dhe stafit kan\u00eb pritur vizita t\u00eb shumta nga drejtues t\u00eb institucioneve fetare dhe lokale Shkod\u00ebr, t\u00eb Bashkis\u00eb, Prefektur\u00ebs, p\u00ebrfaq\u00ebsues t\u00eb partive politike, deputet\u00eb, personalitete t\u00eb ndryshme dhe besimtar\u00eb, t\u00eb cil\u00ebt kan\u00eb ardhur p\u00ebr t\u00eb uruar k\u00ebt\u00eb fest\u00eb t\u00eb r\u00ebnd\u00ebsishme p\u00ebr besimtar\u00ebt mysliman\u00eb.<\/p>\n<p style=\"text-align: justify;\">Gjat\u00eb pritjes, p\u00ebrfaq\u00ebsuesit e Myftinis\u00eb Shkod\u00ebr kan\u00eb shprehur mir\u00ebnjohjen p\u00ebr vizitat dhe urimet e ngrohta, duke theksuar r\u00ebnd\u00ebsin\u00eb e vlerave t\u00eb bashk\u00ebjetes\u00ebs, solidaritetit dhe unitetit mes njer\u00ebzve, pavar\u00ebsisht p\u00ebrkat\u00ebsive t\u00eb tyre.<\/p>\n<p style=\"text-align: justify;\">Festa e Bajramit \u00ebsht\u00eb nj\u00eb moment reflektimi dhe afrimi, nj\u00eb mund\u00ebsi p\u00ebr t\u00eb forcuar lidhjet e respektit dhe bashk\u00ebpunimit midis komuniteteve dhe\u00a0institucioneve.<\/p>\n<div id='gallery-1' class='gallery galleryid-17508 gallery-columns-5 gallery-size-thumbnail'><figure class='gallery-item'>\n\t\t\t<div class='gallery-icon landscape'>\n\t\t\t\t<a href='https:\/\/myftinia-shkoder.org\/?attachment_id=17533'><img loading=\"lazy\" decoding=\"async\" width=\"150\" height=\"150\" src=\"https:\/\/myftinia-shkoder.org\/wp-content\/uploads\/2025\/03\/Autoritetet-fetare-lokale-dhe-qytetaret-e-Shkodres-urojne-Fiter-Bajramin-25-150x150.jpg\" class=\"attachment-thumbnail size-thumbnail\" alt=\"\" aria-describedby=\"gallery-1-17533\" \/><\/a>\n\t\t\t<\/div>\n\t\t\t\t<figcaption class='wp-caption-text gallery-caption' id='gallery-1-17533'>\n\t\t\t\tAutoritetet fetare, lokale dhe qytetar\u00ebt e Shkodr\u00ebs urojn\u00eb Fit\u00ebr Bajramin\n\t\t\t\t<\/figcaption><\/figure><figure class='gallery-item'>\n\t\t\t<div class='gallery-icon landscape'>\n\t\t\t\t<a href='https:\/\/myftinia-shkoder.org\/?attachment_id=17532'><img loading=\"lazy\" decoding=\"async\" width=\"150\" height=\"150\" src=\"https:\/\/myftinia-shkoder.org\/wp-content\/uploads\/2025\/03\/Autoritetet-fetare-lokale-dhe-qytetaret-e-Shkodres-urojne-Fiter-Bajramin-24-150x150.jpg\" class=\"attachment-thumbnail size-thumbnail\" alt=\"\" aria-describedby=\"gallery-1-17532\" \/><\/a>\n\t\t\t<\/div>\n\t\t\t\t<figcaption class='wp-caption-text gallery-caption' id='gallery-1-17532'>\n\t\t\t\tAutoritetet fetare, lokale dhe qytetar\u00ebt e Shkodr\u00ebs urojn\u00eb Fit\u00ebr Bajramin\n\t\t\t\t<\/figcaption><\/figure><figure class='gallery-item'>\n\t\t\t<div class='gallery-icon landscape'>\n\t\t\t\t<a href='https:\/\/myftinia-shkoder.org\/?attachment_id=17531'><img loading=\"lazy\" decoding=\"async\" width=\"150\" height=\"150\" src=\"https:\/\/myftinia-shkoder.org\/wp-content\/uploads\/2025\/03\/Autoritetet-fetare-lokale-dhe-qytetaret-e-Shkodres-urojne-Fiter-Bajramin-23-150x150.jpg\" class=\"attachment-thumbnail size-thumbnail\" alt=\"\" aria-describedby=\"gallery-1-17531\" \/><\/a>\n\t\t\t<\/div>\n\t\t\t\t<figcaption class='wp-caption-text gallery-caption' id='gallery-1-17531'>\n\t\t\t\tAutoritetet fetare, lokale dhe qytetar\u00ebt e Shkodr\u00ebs urojn\u00eb Fit\u00ebr Bajramin\n\t\t\t\t<\/figcaption><\/figure><figure class='gallery-item'>\n\t\t\t<div class='gallery-icon landscape'>\n\t\t\t\t<a href='https:\/\/myftinia-shkoder.org\/?attachment_id=17530'><img loading=\"lazy\" decoding=\"async\" width=\"150\" height=\"150\" src=\"https:\/\/myftinia-shkoder.org\/wp-content\/uploads\/2025\/03\/Autoritetet-fetare-lokale-dhe-qytetaret-e-Shkodres-urojne-Fiter-Bajramin-22-150x150.jpg\" class=\"attachment-thumbnail size-thumbnail\" alt=\"\" aria-describedby=\"gallery-1-17530\" \/><\/a>\n\t\t\t<\/div>\n\t\t\t\t<figcaption class='wp-caption-text gallery-caption' id='gallery-1-17530'>\n\t\t\t\tAutoritetet fetare, lokale dhe qytetar\u00ebt e Shkodr\u00ebs urojn\u00eb Fit\u00ebr Bajramin\n\t\t\t\t<\/figcaption><\/figure><figure class='gallery-item'>\n\t\t\t<div class='gallery-icon landscape'>\n\t\t\t\t<a href='https:\/\/myftinia-shkoder.org\/?attachment_id=17529'><img loading=\"lazy\" decoding=\"async\" width=\"150\" height=\"150\" src=\"https:\/\/myftinia-shkoder.org\/wp-content\/uploads\/2025\/03\/Autoritetet-fetare-lokale-dhe-qytetaret-e-Shkodres-urojne-Fiter-Bajramin-21-150x150.jpg\" class=\"attachment-thumbnail size-thumbnail\" alt=\"\" \/><\/a>\n\t\t\t<\/div><\/figure><figure class='gallery-item'>\n\t\t\t<div class='gallery-icon landscape'>\n\t\t\t\t<a href='https:\/\/myftinia-shkoder.org\/?attachment_id=17528'><img loading=\"lazy\" decoding=\"async\" width=\"150\" height=\"150\" src=\"https:\/\/myftinia-shkoder.org\/wp-content\/uploads\/2025\/03\/Autoritetet-fetare-lokale-dhe-qytetaret-e-Shkodres-urojne-Fiter-Bajramin-20-150x150.jpg\" class=\"attachment-thumbnail size-thumbnail\" alt=\"\" aria-describedby=\"gallery-1-17528\" \/><\/a>\n\t\t\t<\/div>\n\t\t\t\t<figcaption class='wp-caption-text gallery-caption' id='gallery-1-17528'>\n\t\t\t\tAutoritetet fetare, lokale dhe qytetar\u00ebt e Shkodr\u00ebs urojn\u00eb Fit\u00ebr Bajramin\n\t\t\t\t<\/figcaption><\/figure><figure class='gallery-item'>\n\t\t\t<div class='gallery-icon landscape'>\n\t\t\t\t<a href='https:\/\/myftinia-shkoder.org\/?attachment_id=17527'><img loading=\"lazy\" decoding=\"async\" width=\"150\" height=\"150\" src=\"https:\/\/myftinia-shkoder.org\/wp-content\/uploads\/2025\/03\/Autoritetet-fetare-lokale-dhe-qytetaret-e-Shkodres-urojne-Fiter-Bajramin-19-150x150.jpg\" class=\"attachment-thumbnail size-thumbnail\" alt=\"\" aria-describedby=\"gallery-1-17527\" \/><\/a>\n\t\t\t<\/div>\n\t\t\t\t<figcaption class='wp-caption-text gallery-caption' id='gallery-1-17527'>\n\t\t\t\tAutoritetet fetare, lokale dhe qytetar\u00ebt e Shkodr\u00ebs urojn\u00eb Fit\u00ebr Bajramin\n\t\t\t\t<\/figcaption><\/figure><figure class='gallery-item'>\n\t\t\t<div class='gallery-icon landscape'>\n\t\t\t\t<a href='https:\/\/myftinia-shkoder.org\/?attachment_id=17526'><img loading=\"lazy\" decoding=\"async\" width=\"150\" height=\"150\" src=\"https:\/\/myftinia-shkoder.org\/wp-content\/uploads\/2025\/03\/Autoritetet-fetare-lokale-dhe-qytetaret-e-Shkodres-urojne-Fiter-Bajramin-18-150x150.jpg\" class=\"attachment-thumbnail size-thumbnail\" alt=\"\" aria-describedby=\"gallery-1-17526\" \/><\/a>\n\t\t\t<\/div>\n\t\t\t\t<figcaption class='wp-caption-text gallery-caption' id='gallery-1-17526'>\n\t\t\t\tAutoritetet fetare, lokale dhe qytetar\u00ebt e Shkodr\u00ebs urojn\u00eb Fit\u00ebr Bajramin\n\t\t\t\t<\/figcaption><\/figure><figure class='gallery-item'>\n\t\t\t<div class='gallery-icon landscape'>\n\t\t\t\t<a href='https:\/\/myftinia-shkoder.org\/?attachment_id=17525'><img loading=\"lazy\" decoding=\"async\" width=\"150\" height=\"150\" src=\"https:\/\/myftinia-shkoder.org\/wp-content\/uploads\/2025\/03\/Autoritetet-fetare-lokale-dhe-qytetaret-e-Shkodres-urojne-Fiter-Bajramin-17-150x150.jpg\" class=\"attachment-thumbnail size-thumbnail\" alt=\"\" aria-describedby=\"gallery-1-17525\" \/><\/a>\n\t\t\t<\/div>\n\t\t\t\t<figcaption class='wp-caption-text gallery-caption' id='gallery-1-17525'>\n\t\t\t\tAutoritetet fetare, lokale dhe qytetar\u00ebt e Shkodr\u00ebs urojn\u00eb Fit\u00ebr Bajramin\n\t\t\t\t<\/figcaption><\/figure><figure class='gallery-item'>\n\t\t\t<div class='gallery-icon landscape'>\n\t\t\t\t<a href='https:\/\/myftinia-shkoder.org\/?attachment_id=17524'><img loading=\"lazy\" decoding=\"async\" width=\"150\" height=\"150\" src=\"https:\/\/myftinia-shkoder.org\/wp-content\/uploads\/2025\/03\/Autoritetet-fetare-lokale-dhe-qytetaret-e-Shkodres-urojne-Fiter-Bajramin-16-150x150.jpg\" class=\"attachment-thumbnail size-thumbnail\" alt=\"\" aria-describedby=\"gallery-1-17524\" \/><\/a>\n\t\t\t<\/div>\n\t\t\t\t<figcaption class='wp-caption-text gallery-caption' id='gallery-1-17524'>\n\t\t\t\tAutoritetet fetare, lokale dhe qytetar\u00ebt e Shkodr\u00ebs urojn\u00eb Fit\u00ebr Bajramin\n\t\t\t\t<\/figcaption><\/figure><figure class='gallery-item'>\n\t\t\t<div class='gallery-icon landscape'>\n\t\t\t\t<a href='https:\/\/myftinia-shkoder.org\/?attachment_id=17523'><img loading=\"lazy\" decoding=\"async\" width=\"150\" height=\"150\" src=\"https:\/\/myftinia-shkoder.org\/wp-content\/uploads\/2025\/03\/Autoritetet-fetare-lokale-dhe-qytetaret-e-Shkodres-urojne-Fiter-Bajramin-15-150x150.jpg\" class=\"attachment-thumbnail size-thumbnail\" alt=\"\" aria-describedby=\"gallery-1-17523\" \/><\/a>\n\t\t\t<\/div>\n\t\t\t\t<figcaption class='wp-caption-text gallery-caption' id='gallery-1-17523'>\n\t\t\t\tAutoritetet fetare, lokale dhe qytetar\u00ebt e Shkodr\u00ebs urojn\u00eb Fit\u00ebr Bajramin\n\t\t\t\t<\/figcaption><\/figure><figure class='gallery-item'>\n\t\t\t<div class='gallery-icon landscape'>\n\t\t\t\t<a href='https:\/\/myftinia-shkoder.org\/?attachment_id=17522'><img loading=\"lazy\" decoding=\"async\" width=\"150\" height=\"150\" src=\"https:\/\/myftinia-shkoder.org\/wp-content\/uploads\/2025\/03\/Autoritetet-fetare-lokale-dhe-qytetaret-e-Shkodres-urojne-Fiter-Bajramin-14-150x150.jpg\" class=\"attachment-thumbnail size-thumbnail\" alt=\"\" aria-describedby=\"gallery-1-17522\" \/><\/a>\n\t\t\t<\/div>\n\t\t\t\t<figcaption class='wp-caption-text gallery-caption' id='gallery-1-17522'>\n\t\t\t\tAutoritetet fetare, lokale dhe qytetar\u00ebt e Shkodr\u00ebs urojn\u00eb Fit\u00ebr Bajramin\n\t\t\t\t<\/figcaption><\/figure><figure class='gallery-item'>\n\t\t\t<div class='gallery-icon landscape'>\n\t\t\t\t<a href='https:\/\/myftinia-shkoder.org\/?attachment_id=17521'><img loading=\"lazy\" decoding=\"async\" width=\"150\" height=\"150\" src=\"https:\/\/myftinia-shkoder.org\/wp-content\/uploads\/2025\/03\/Autoritetet-fetare-lokale-dhe-qytetaret-e-Shkodres-urojne-Fiter-Bajramin-13-150x150.jpg\" class=\"attachment-thumbnail size-thumbnail\" alt=\"\" aria-describedby=\"gallery-1-17521\" \/><\/a>\n\t\t\t<\/div>\n\t\t\t\t<figcaption class='wp-caption-text gallery-caption' id='gallery-1-17521'>\n\t\t\t\tAutoritetet fetare, lokale dhe qytetar\u00ebt e Shkodr\u00ebs urojn\u00eb Fit\u00ebr Bajramin\n\t\t\t\t<\/figcaption><\/figure><figure class='gallery-item'>\n\t\t\t<div class='gallery-icon landscape'>\n\t\t\t\t<a href='https:\/\/myftinia-shkoder.org\/?attachment_id=17520'><img loading=\"lazy\" decoding=\"async\" width=\"150\" height=\"150\" src=\"https:\/\/myftinia-shkoder.org\/wp-content\/uploads\/2025\/03\/Autoritetet-fetare-lokale-dhe-qytetaret-e-Shkodres-urojne-Fiter-Bajramin-12-150x150.jpg\" class=\"attachment-thumbnail size-thumbnail\" alt=\"\" aria-describedby=\"gallery-1-17520\" \/><\/a>\n\t\t\t<\/div>\n\t\t\t\t<figcaption class='wp-caption-text gallery-caption' id='gallery-1-17520'>\n\t\t\t\tAutoritetet fetare, lokale dhe qytetar\u00ebt e Shkodr\u00ebs urojn\u00eb Fit\u00ebr Bajramin\n\t\t\t\t<\/figcaption><\/figure><figure class='gallery-item'>\n\t\t\t<div class='gallery-icon landscape'>\n\t\t\t\t<a href='https:\/\/myftinia-shkoder.org\/?attachment_id=17519'><img loading=\"lazy\" decoding=\"async\" width=\"150\" height=\"150\" src=\"https:\/\/myftinia-shkoder.org\/wp-content\/uploads\/2025\/03\/Autoritetet-fetare-lokale-dhe-qytetaret-e-Shkodres-urojne-Fiter-Bajramin-11-150x150.jpg\" class=\"attachment-thumbnail size-thumbnail\" alt=\"\" aria-describedby=\"gallery-1-17519\" \/><\/a>\n\t\t\t<\/div>\n\t\t\t\t<figcaption class='wp-caption-text gallery-caption' id='gallery-1-17519'>\n\t\t\t\tAutoritetet fetare, lokale dhe qytetar\u00ebt e Shkodr\u00ebs urojn\u00eb Fit\u00ebr Bajramin\n\t\t\t\t<\/figcaption><\/figure><figure class='gallery-item'>\n\t\t\t<div class='gallery-icon landscape'>\n\t\t\t\t<a href='https:\/\/myftinia-shkoder.org\/?attachment_id=17518'><img loading=\"lazy\" decoding=\"async\" width=\"150\" height=\"150\" src=\"https:\/\/myftinia-shkoder.org\/wp-content\/uploads\/2025\/03\/Autoritetet-fetare-lokale-dhe-qytetaret-e-Shkodres-urojne-Fiter-Bajramin-10-150x150.jpg\" class=\"attachment-thumbnail size-thumbnail\" alt=\"\" aria-describedby=\"gallery-1-17518\" \/><\/a>\n\t\t\t<\/div>\n\t\t\t\t<figcaption class='wp-caption-text gallery-caption' id='gallery-1-17518'>\n\t\t\t\tAutoritetet fetare, lokale dhe qytetar\u00ebt e Shkodr\u00ebs urojn\u00eb Fit\u00ebr Bajramin\n\t\t\t\t<\/figcaption><\/figure><figure class='gallery-item'>\n\t\t\t<div class='gallery-icon landscape'>\n\t\t\t\t<a href='https:\/\/myftinia-shkoder.org\/?attachment_id=17517'><img loading=\"lazy\" decoding=\"async\" width=\"150\" height=\"150\" src=\"https:\/\/myftinia-shkoder.org\/wp-content\/uploads\/2025\/03\/Autoritetet-fetare-lokale-dhe-qytetaret-e-Shkodres-urojne-Fiter-Bajramin-9-150x150.jpg\" class=\"attachment-thumbnail size-thumbnail\" alt=\"\" aria-describedby=\"gallery-1-17517\" \/><\/a>\n\t\t\t<\/div>\n\t\t\t\t<figcaption class='wp-caption-text gallery-caption' id='gallery-1-17517'>\n\t\t\t\tAutoritetet fetare, lokale dhe qytetar\u00ebt e Shkodr\u00ebs urojn\u00eb Fit\u00ebr Bajramin\n\t\t\t\t<\/figcaption><\/figure><figure class='gallery-item'>\n\t\t\t<div class='gallery-icon landscape'>\n\t\t\t\t<a href='https:\/\/myftinia-shkoder.org\/?attachment_id=17516'><img loading=\"lazy\" decoding=\"async\" width=\"150\" height=\"150\" src=\"https:\/\/myftinia-shkoder.org\/wp-content\/uploads\/2025\/03\/Autoritetet-fetare-lokale-dhe-qytetaret-e-Shkodres-urojne-Fiter-Bajramin-8-150x150.jpg\" class=\"attachment-thumbnail size-thumbnail\" alt=\"\" aria-describedby=\"gallery-1-17516\" \/><\/a>\n\t\t\t<\/div>\n\t\t\t\t<figcaption class='wp-caption-text gallery-caption' id='gallery-1-17516'>\n\t\t\t\tAutoritetet fetare, lokale dhe qytetar\u00ebt e Shkodr\u00ebs urojn\u00eb Fit\u00ebr Bajramin\n\t\t\t\t<\/figcaption><\/figure><figure class='gallery-item'>\n\t\t\t<div class='gallery-icon landscape'>\n\t\t\t\t<a href='https:\/\/myftinia-shkoder.org\/?attachment_id=17515'><img loading=\"lazy\" decoding=\"async\" width=\"150\" height=\"150\" src=\"https:\/\/myftinia-shkoder.org\/wp-content\/uploads\/2025\/03\/Autoritetet-fetare-lokale-dhe-qytetaret-e-Shkodres-urojne-Fiter-Bajramin-7-150x150.jpg\" class=\"attachment-thumbnail size-thumbnail\" alt=\"\" aria-describedby=\"gallery-1-17515\" \/><\/a>\n\t\t\t<\/div>\n\t\t\t\t<figcaption class='wp-caption-text gallery-caption' id='gallery-1-17515'>\n\t\t\t\tAutoritetet fetare, lokale dhe qytetar\u00ebt e Shkodr\u00ebs urojn\u00eb Fit\u00ebr Bajramin\n\t\t\t\t<\/figcaption><\/figure><figure class='gallery-item'>\n\t\t\t<div class='gallery-icon landscape'>\n\t\t\t\t<a href='https:\/\/myftinia-shkoder.org\/?attachment_id=17514'><img loading=\"lazy\" decoding=\"async\" width=\"150\" height=\"150\" src=\"https:\/\/myftinia-shkoder.org\/wp-content\/uploads\/2025\/03\/Autoritetet-fetare-lokale-dhe-qytetaret-e-Shkodres-urojne-Fiter-Bajramin-6-150x150.jpg\" class=\"attachment-thumbnail size-thumbnail\" alt=\"\" aria-describedby=\"gallery-1-17514\" \/><\/a>\n\t\t\t<\/div>\n\t\t\t\t<figcaption class='wp-caption-text gallery-caption' id='gallery-1-17514'>\n\t\t\t\tAutoritetet fetare, lokale dhe qytetar\u00ebt e Shkodr\u00ebs urojn\u00eb Fit\u00ebr Bajramin\n\t\t\t\t<\/figcaption><\/figure><figure class='gallery-item'>\n\t\t\t<div class='gallery-icon landscape'>\n\t\t\t\t<a href='https:\/\/myftinia-shkoder.org\/?attachment_id=17513'><img loading=\"lazy\" decoding=\"async\" width=\"150\" height=\"150\" src=\"https:\/\/myftinia-shkoder.org\/wp-content\/uploads\/2025\/03\/Autoritetet-fetare-lokale-dhe-qytetaret-e-Shkodres-urojne-Fiter-Bajramin-5-150x150.jpg\" class=\"attachment-thumbnail size-thumbnail\" alt=\"\" aria-describedby=\"gallery-1-17513\" \/><\/a>\n\t\t\t<\/div>\n\t\t\t\t<figcaption class='wp-caption-text gallery-caption' id='gallery-1-17513'>\n\t\t\t\tAutoritetet fetare, lokale dhe qytetar\u00ebt e Shkodr\u00ebs urojn\u00eb Fit\u00ebr Bajramin\n\t\t\t\t<\/figcaption><\/figure><figure class='gallery-item'>\n\t\t\t<div class='gallery-icon landscape'>\n\t\t\t\t<a href='https:\/\/myftinia-shkoder.org\/?attachment_id=17512'><img loading=\"lazy\" decoding=\"async\" width=\"150\" height=\"150\" src=\"https:\/\/myftinia-shkoder.org\/wp-content\/uploads\/2025\/03\/Autoritetet-fetare-lokale-dhe-qytetaret-e-Shkodres-urojne-Fiter-Bajramin-4-150x150.jpg\" class=\"attachment-thumbnail size-thumbnail\" alt=\"\" aria-describedby=\"gallery-1-17512\" \/><\/a>\n\t\t\t<\/div>\n\t\t\t\t<figcaption class='wp-caption-text gallery-caption' id='gallery-1-17512'>\n\t\t\t\tAutoritetet fetare, lokale dhe qytetar\u00ebt e Shkodr\u00ebs urojn\u00eb Fit\u00ebr Bajramin\n\t\t\t\t<\/figcaption><\/figure><figure class='gallery-item'>\n\t\t\t<div class='gallery-icon landscape'>\n\t\t\t\t<a href='https:\/\/myftinia-shkoder.org\/?attachment_id=17511'><img loading=\"lazy\" decoding=\"async\" width=\"150\" height=\"150\" src=\"https:\/\/myftinia-shkoder.org\/wp-content\/uploads\/2025\/03\/Autoritetet-fetare-lokale-dhe-qytetaret-e-Shkodres-urojne-Fiter-Bajramin-3-150x150.jpg\" class=\"attachment-thumbnail size-thumbnail\" alt=\"\" aria-describedby=\"gallery-1-17511\" \/><\/a>\n\t\t\t<\/div>\n\t\t\t\t<figcaption class='wp-caption-text gallery-caption' id='gallery-1-17511'>\n\t\t\t\tAutoritetet fetare, lokale dhe qytetar\u00ebt e Shkodr\u00ebs urojn\u00eb Fit\u00ebr Bajramin\n\t\t\t\t<\/figcaption><\/figure><figure class='gallery-item'>\n\t\t\t<div class='gallery-icon landscape'>\n\t\t\t\t<a href='https:\/\/myftinia-shkoder.org\/?attachment_id=17510'><img loading=\"lazy\" decoding=\"async\" width=\"150\" height=\"150\" src=\"https:\/\/myftinia-shkoder.org\/wp-content\/uploads\/2025\/03\/Autoritetet-fetare-lokale-dhe-qytetaret-e-Shkodres-urojne-Fiter-Bajramin-2-150x150.jpg\" class=\"attachment-thumbnail size-thumbnail\" alt=\"\" aria-describedby=\"gallery-1-17510\" \/><\/a>\n\t\t\t<\/div>\n\t\t\t\t<figcaption class='wp-caption-text gallery-caption' id='gallery-1-17510'>\n\t\t\t\tAutoritetet fetare, lokale dhe qytetar\u00ebt e Shkodr\u00ebs urojn\u00eb Fit\u00ebr Bajramin\n\t\t\t\t<\/figcaption><\/figure><figure class='gallery-item'>\n\t\t\t<div class='gallery-icon landscape'>\n\t\t\t\t<a href='https:\/\/myftinia-shkoder.org\/?attachment_id=17509'><img loading=\"lazy\" decoding=\"async\" width=\"150\" height=\"150\" src=\"https:\/\/myftinia-shkoder.org\/wp-content\/uploads\/2025\/03\/Autoritetet-fetare-lokale-dhe-qytetaret-e-Shkodres-urojne-Fiter-Bajramin-1-150x150.jpg\" class=\"attachment-thumbnail size-thumbnail\" alt=\"\" aria-describedby=\"gallery-1-17509\" \/><\/a>\n\t\t\t<\/div>\n\t\t\t\t<figcaption class='wp-caption-text gallery-caption' id='gallery-1-17509'>\n\t\t\t\tAutoritetet fetare, lokale dhe qytetar\u00ebt e Shkodr\u00ebs urojn\u00eb Fit\u00ebr Bajramin\n\t\t\t\t<\/figcaption><\/figure>\n\t\t<\/div>\n\n","protected":false},"excerpt":{"rendered":"<div class=\"mh-excerpt\"><p>Autoritetet fetare, lokale dhe qytetar\u00ebt e Shkodr\u00ebs urojn\u00eb Fit\u00ebr Bajramin Me rastin e fest\u00ebs s\u00eb Fit\u00ebr Bajramit, Myftinia Shkod\u00ebr, m\u00eb 30 mars 2025, n\u00eb xhamin\u00eb e Parruc\u00ebs, p\u00ebrmes p\u00ebrfaq\u00ebsuesit t\u00eb saj, teologut Arben Halluni, imam\u00ebve <a class=\"mh-excerpt-more\" href=\"https:\/\/myftinia-shkoder.org\/?p=17508\" title=\"Autoritetet fetare, lokale dhe qytetar\u00ebt e Shkodr\u00ebs urojn\u00eb Fit\u00ebr Bajramin\">[&#8230;]<\/a><\/p>\n<\/div>","protected":false},"author":1,"featured_media":17529,"comment_status":"closed","ping_status":"closed","sticky":false,"template":"","format":"standard","meta":{"footnotes":""},"categories":[13,36],"tags":[],"class_list":["post-17508","post","type-post","status-publish","format-standard","has-post-thumbnail","hentry","category-aktualitet","category-ramazan-1446-2025"],"_links":{"self":[{"href":"https:\/\/myftinia-shkoder.org\/index.php?rest_route=\/wp\/v2\/posts\/17508","targetHints":{"allow":["GET"]}}],"collection":[{"href":"https:\/\/myftinia-shkoder.org\/index.php?rest_route=\/wp\/v2\/posts"}],"about":[{"href":"https:\/\/myftinia-shkoder.org\/index.php?rest_route=\/wp\/v2\/types\/post"}],"author":[{"embeddable":true,"href":"https:\/\/myftinia-shkoder.org\/index.php?rest_route=\/wp\/v2\/users\/1"}],"replies":[{"embeddable":true,"href":"https:\/\/myftinia-shkoder.org\/index.php?rest_route=%2Fwp%2Fv2%2Fcomments&post=17508"}],"version-history":[{"count":2,"href":"https:\/\/myftinia-shkoder.org\/index.php?rest_route=\/wp\/v2\/posts\/17508\/revisions"}],"predecessor-version":[{"id":17535,"href":"https:\/\/myftinia-shkoder.org\/index.php?rest_route=\/wp\/v2\/posts\/17508\/revisions\/17535"}],"wp:featuredmedia":[{"embeddable":true,"href":"https:\/\/myftinia-shkoder.org\/index.php?rest_route=\/wp\/v2\/media\/17529"}],"wp:attachment":[{"href":"https:\/\/myftinia-shkoder.org\/index.php?rest_route=%2Fwp%2Fv2%2Fmedia&parent=17508"}],"wp:term":[{"taxonomy":"category","embeddable":true,"href":"https:\/\/myftinia-shkoder.org\/index.php?rest_route=%2Fwp%2Fv2%2Fcategories&post=17508"},{"taxonomy":"post_tag","embeddable":true,"href":"https:\/\/myftinia-shkoder.org\/index.php?rest_route=%2Fwp%2Fv2%2Ftags&post=17508"}],"curies":[{"name":"wp","href":"https:\/\/api.w.org\/{rel}","templated":true}]}}