{"id":1756,"date":"2017-01-07T12:41:05","date_gmt":"2017-01-07T12:41:05","guid":{"rendered":"http:\/\/myftinia-shkoder.org\/?p=1756"},"modified":"2017-01-07T12:41:05","modified_gmt":"2017-01-07T12:41:05","slug":"keshilli-i-myftinise-diskutoi-rreth-rritjes-se-aktivitetit-thirres","status":"publish","type":"post","link":"https:\/\/myftinia-shkoder.org\/?p=1756","title":{"rendered":"K\u00ebshilli i Myftinis\u00eb diskutoi rreth rritjes s\u00eb aktivitetit thirr\u00ebs"},"content":{"rendered":"<p style=\"text-align: justify;\">Paradit\u00ebn e s\u00eb shtun\u00ebs, m\u00eb 7 janar 2017, K\u00ebshilli i Myftinis\u00eb Shkod\u00ebr, n\u00ebn drejtimin e Myftiut, Imam Muhamed B. Sytari, diskutoi mbi programin e ngjeshur t\u00eb aktiviteteve thirr\u00ebse, sidomos n\u00eb prag t\u00eb p\u00ebrkujtimit t\u00eb 10 vjetorit t\u00eb inaugurimit t\u00eb xhamis\u00eb s\u00eb Parruc\u00ebs.<\/p>\n<p style=\"text-align: justify;\">U prezantuan 10 pikat kryesore t\u00eb aktiviteteve baz\u00eb, q\u00eb do t\u00eb zhvillohen gjat\u00eb k\u00ebsaj periudhe tremujore, sikurse u dhan\u00eb mendime t\u00eb dobishme p\u00ebr shtimin e m\u00ebtejsh\u00ebm t\u00eb aktivitetit fetar e social n\u00eb k\u00ebt\u00eb kontekst.<\/p>\n<p style=\"text-align: justify;\">K\u00ebshilli diskutoi me shqet\u00ebsim edhe \u00e7\u00ebshtjen e Xhamis\u00eb s\u00eb Sulltan Mehmet Fatihut n\u00eb kalan\u00eb e Shkodr\u00ebs dhe tejkalimin e limiteve t\u00eb bashk\u00ebpunimit t\u00eb sinqert\u00eb dhe brenda kufijve t\u00eb respektit reciprok nga kisha katolike e Shkodr\u00ebs, q\u00eb para pak dit\u00ebsh organizoi nj\u00eb mesh\u00eb n\u00eb ambientet e rr\u00ebnoj\u00ebs s\u00eb Xhamis\u00eb, p\u00ebrtej shqet\u00ebsimit t\u00eb ngritur nga Myftinia Shkod\u00ebr dhe k\u00ebrkesave t\u00eb ndryshme p\u00ebr ruajtjen e korniz\u00ebs s\u00eb harmonis\u00eb nd\u00ebrfetare n\u00eb Shkod\u00ebr, vitin q\u00eb kaloi n\u00eb k\u00ebt\u00eb drejtim. K\u00ebshilli ra dakort q\u00eb t\u00eb d\u00ebrgohet nj\u00eb not\u00eb proteste dhe nj\u00eb mosdakort\u00ebsi p\u00ebr k\u00ebt\u00eb veprim t\u00eb p\u00ebrs\u00ebritur provokativ, secil\u00ebs prej institucioneve t\u00eb p\u00ebrfshira n\u00eb k\u00ebt\u00eb organizim; kish\u00ebs katolike dhe ministris\u00eb s\u00eb kultur\u00ebs.<\/p>\n<p style=\"text-align: justify;\">Nj\u00ebkoh\u00ebsisht, K\u00ebshilli i Myftinis\u00eb Shkod\u00ebr mori vendim p\u00ebr mospjes\u00ebmarrjen n\u00eb aktivitetet nd\u00ebrfetare n\u00eb raport me kish\u00ebn katolike Shkod\u00ebr, derisa \u00e7\u00ebshtja e respektimit t\u00eb Xhamis\u00eb s\u00eb kalas\u00eb t\u00eb marr\u00eb drejtimin e duhur. P\u00ebr k\u00ebt\u00eb, do t\u00eb lajm\u00ebrohet edhe Kryesia e Komunitetit Mysliman t\u00eb Shqip\u00ebris\u00eb, t\u00eb gjith\u00eb imam\u00ebt dhe k\u00ebshillat p\u00ebrkat\u00ebse t\u00eb xhamive t\u00eb Zon\u00ebs Shkod\u00ebr.<\/p>\n<p style=\"text-align: justify;\">K\u00ebshilli i Myftinis\u00eb Shkod\u00ebr diskutoi edhe rreth Konferenc\u00ebs s\u00eb 6-t\u00eb t\u00eb p\u00ebrvitshme t\u00eb imam\u00ebve, teolog\u00ebve dhe thirr\u00ebsve islam\u00eb t\u00eb Shkodr\u00ebs, si dhe p\u00ebr disa \u00e7\u00ebshtje t\u00eb brendshme organizative.<\/p>\n<div id='gallery-1' class='gallery galleryid-1756 gallery-columns-3 gallery-size-thumbnail'><figure class='gallery-item'>\n\t\t\t<div class='gallery-icon landscape'>\n\t\t\t\t<a href='https:\/\/myftinia-shkoder.org\/?attachment_id=1759'><img loading=\"lazy\" decoding=\"async\" width=\"150\" height=\"150\" src=\"https:\/\/myftinia-shkoder.org\/wp-content\/uploads\/2017\/01\/FB_IMG_1483792768523-150x150.jpg\" class=\"attachment-thumbnail size-thumbnail\" alt=\"\" \/><\/a>\n\t\t\t<\/div><\/figure><figure class='gallery-item'>\n\t\t\t<div class='gallery-icon landscape'>\n\t\t\t\t<a href='https:\/\/myftinia-shkoder.org\/?attachment_id=1758'><img loading=\"lazy\" decoding=\"async\" width=\"150\" height=\"150\" src=\"https:\/\/myftinia-shkoder.org\/wp-content\/uploads\/2017\/01\/FB_IMG_1483792772492-150x150.jpg\" class=\"attachment-thumbnail size-thumbnail\" alt=\"\" \/><\/a>\n\t\t\t<\/div><\/figure><figure class='gallery-item'>\n\t\t\t<div class='gallery-icon landscape'>\n\t\t\t\t<a href='https:\/\/myftinia-shkoder.org\/?attachment_id=1757'><img loading=\"lazy\" decoding=\"async\" width=\"150\" height=\"150\" src=\"https:\/\/myftinia-shkoder.org\/wp-content\/uploads\/2017\/01\/FB_IMG_1483792776484-150x150.jpg\" class=\"attachment-thumbnail size-thumbnail\" alt=\"\" \/><\/a>\n\t\t\t<\/div><\/figure>\n\t\t<\/div>\n\n","protected":false},"excerpt":{"rendered":"<div class=\"mh-excerpt\"><p>Paradit\u00ebn e s\u00eb shtun\u00ebs, m\u00eb 7 janar 2017, K\u00ebshilli i Myftinis\u00eb Shkod\u00ebr, n\u00ebn drejtimin e Myftiut, Imam Muhamed B. Sytari, diskutoi mbi programin e ngjeshur t\u00eb aktiviteteve thirr\u00ebse, sidomos n\u00eb prag t\u00eb p\u00ebrkujtimit t\u00eb 10 <a class=\"mh-excerpt-more\" href=\"https:\/\/myftinia-shkoder.org\/?p=1756\" title=\"K\u00ebshilli i Myftinis\u00eb diskutoi rreth rritjes s\u00eb aktivitetit thirr\u00ebs\">[&#8230;]<\/a><\/p>\n<\/div>","protected":false},"author":1,"featured_media":1759,"comment_status":"closed","ping_status":"closed","sticky":false,"template":"","format":"standard","meta":{"footnotes":""},"categories":[13],"tags":[],"class_list":["post-1756","post","type-post","status-publish","format-standard","has-post-thumbnail","hentry","category-aktualitet"],"_links":{"self":[{"href":"https:\/\/myftinia-shkoder.org\/index.php?rest_route=\/wp\/v2\/posts\/1756","targetHints":{"allow":["GET"]}}],"collection":[{"href":"https:\/\/myftinia-shkoder.org\/index.php?rest_route=\/wp\/v2\/posts"}],"about":[{"href":"https:\/\/myftinia-shkoder.org\/index.php?rest_route=\/wp\/v2\/types\/post"}],"author":[{"embeddable":true,"href":"https:\/\/myftinia-shkoder.org\/index.php?rest_route=\/wp\/v2\/users\/1"}],"replies":[{"embeddable":true,"href":"https:\/\/myftinia-shkoder.org\/index.php?rest_route=%2Fwp%2Fv2%2Fcomments&post=1756"}],"version-history":[{"count":1,"href":"https:\/\/myftinia-shkoder.org\/index.php?rest_route=\/wp\/v2\/posts\/1756\/revisions"}],"predecessor-version":[{"id":1760,"href":"https:\/\/myftinia-shkoder.org\/index.php?rest_route=\/wp\/v2\/posts\/1756\/revisions\/1760"}],"wp:featuredmedia":[{"embeddable":true,"href":"https:\/\/myftinia-shkoder.org\/index.php?rest_route=\/wp\/v2\/media\/1759"}],"wp:attachment":[{"href":"https:\/\/myftinia-shkoder.org\/index.php?rest_route=%2Fwp%2Fv2%2Fmedia&parent=1756"}],"wp:term":[{"taxonomy":"category","embeddable":true,"href":"https:\/\/myftinia-shkoder.org\/index.php?rest_route=%2Fwp%2Fv2%2Fcategories&post=1756"},{"taxonomy":"post_tag","embeddable":true,"href":"https:\/\/myftinia-shkoder.org\/index.php?rest_route=%2Fwp%2Fv2%2Ftags&post=1756"}],"curies":[{"name":"wp","href":"https:\/\/api.w.org\/{rel}","templated":true}]}}