{"id":177,"date":"2015-05-13T22:33:48","date_gmt":"2015-05-13T22:33:48","guid":{"rendered":"http:\/\/myftinia-shkoder.org\/?p=177"},"modified":"2016-04-18T22:36:03","modified_gmt":"2016-04-18T22:36:03","slug":"fjala-e-myftiut-ne-konferencen-nderfetare-familja-rinia-dhe-sfidat-e-modernitetit","status":"publish","type":"post","link":"https:\/\/myftinia-shkoder.org\/?p=177","title":{"rendered":"Fjala e Myftiut n\u00eb konferenc\u00ebn nd\u00ebrfetare: \u201cFamilja, rinia dhe sfidat e modernitetit\u201d"},"content":{"rendered":"<p class=\"style13\" style=\"text-align: justify;\"><em>T\u00eb nderuar p\u00ebrfaq\u00ebsues t\u00eb lart\u00eb t\u00eb komuniteteve fetare n\u00eb Shkod\u00ebr,<br \/>\nT\u00eb nderuar autoritete lokale dhe vendore,<br \/>\nT\u00eb nderuar imam\u00eb, klerik\u00eb, thirr\u00ebs islam\u00eb e sh\u00ebrbestar\u00eb n\u00eb rrug\u00ebn e besimit,<br \/>\nT\u00eb nderuar t\u00eb pranish\u00ebm n\u00eb k\u00ebt\u00eb organizim vlerash,<\/em><\/p>\n<p>\u00cbsht\u00eb k\u00ebnaq\u00ebsi e madhe t\u00eb p\u00ebrsh\u00ebndes k\u00ebt\u00eb konferenc\u00eb, q\u00eb ne komunitetet fetare t\u00eb Shkodr\u00ebs, nd\u00ebrmor\u00ebm s\u00eb bashku, n\u00eb rrug\u00ebn e bashk\u00ebpunimeve t\u00eb dobishme, q\u00eb ndezin nj\u00eb drit\u00eb shprese m\u00eb shum\u00eb dhe nj\u00eb udh\u00ebzim besimi p\u00ebr rinin\u00eb dhe familjen, n\u00eb realitetet e sotme shqiptare.<\/p>\n<p>Sot, m\u00eb shum\u00eb se kurr\u00eb, \u00ebsht\u00eb detyra e p\u00ebrfaq\u00ebsuesve t\u00eb fes\u00eb n\u00eb k\u00ebt\u00eb vend, q\u00eb t\u00eb bashkojm\u00eb duart dhe t\u00eb drejtojm\u00eb kontributet tona, n\u00eb rrug\u00ebn e p\u00ebrkujdesjes prind\u00ebrore ndaj brezit t\u00eb ri dhe udh\u00ebzimeve t\u00eb urta n\u00eb rrug\u00ebtimet e tyre n\u00eb nj\u00eb jet\u00eb t\u00eb turbulluar nga sprova e modernitetit, shpesh t\u00eb paekuilibruar.<\/p>\n<p>\u00cbsht\u00eb e udh\u00ebs, q\u00eb komunitetet fetare t\u00eb jen\u00eb m\u00eb aktive n\u00eb jet\u00ebn e p\u00ebrditshme, duke kontribuar me urt\u00ebsi dhe largpam\u00ebsi, p\u00ebr ruajtjen e rinis\u00eb dhe mbrojtjen e familjes nga sprova t\u00eb shumta t\u00eb k\u00ebsaj kohe, q\u00eb si hije t\u00eb fshehura, p\u00ebrpiqen t\u00eb prishin jet\u00ebn dhe t\u00eb shuajn\u00eb shpres\u00ebn e udh\u00ebzimit.<\/p>\n<p>Po b\u00ebhet p\u00ebrher\u00eb e m\u00eb e domosdoshme q\u00eb t\u00eb shtohet bashk\u00ebpunimi yn\u00eb p\u00ebr t\u00eb q\u00ebndruar t\u00eb bashkuar p\u00ebrball\u00eb sfidave, me t\u00eb cilat rinia e jon\u00eb dhe familja n\u00eb t\u00ebr\u00ebsin\u00eb e saj, po p\u00ebrballet dit\u00eb pas dite, me faktor\u00eb t\u00eb prishjes s\u00eb harmonis\u00eb dhe dhunimit t\u00eb saj, si: ateizmi i fshehur n\u00eb neglizhenc\u00ebn ndaj fes\u00eb, mungesa e l\u00ebnd\u00ebs s\u00eb edukat\u00ebs fetare n\u00eb shkollat e vendit ton\u00eb, laicizmi ekstrem dhe ai selektiv, q\u00eb nxisin p\u00ebrher\u00eb e m\u00eb shum\u00eb tendenca t\u00eb urrejtjes fetare, injoranca, si sh\u00ebrb\u00ebtori m\u00eb besnik i s\u00eb keqes, krejt t\u00eb keqes n\u00eb shoq\u00ebri, devijimet nga natyra, me t\u00eb cil\u00ebn Zoti e ka krijuar njeriun dhe reklamimi i tyre me t\u00eb madhe, si vler\u00eb, liria e paekuilibruar dhe e papeshuar e fjal\u00ebs, mendimit dhe shprehjes, q\u00eb koh\u00ebt e fundit po b\u00ebhet objekt i rritjes s\u00eb islamofobis\u00eb dhe nxitjes s\u00eb shkeljes s\u00eb t\u00eb drejtave t\u00eb besimtar\u00ebve n\u00eb vendin ton\u00eb dhe p\u00ebrtej tij, mosvler\u00ebsimi i diversitetit fetar, kulturor e intelektual, si nj\u00eb alternativ\u00eb m\u00eb shum\u00eb p\u00ebr t\u2019u thelluar n\u00eb rrug\u00ebt e bashk\u00ebpunimit, jo nj\u00eb mallkim shtes\u00eb n\u00eb jet\u00eb, mosrespektimi i shenjt\u00ebrive t\u00eb tjetrit, q\u00eb nxit ekstremiz\u00ebm n\u00eb em\u00ebr t\u00eb fes\u00eb, tendenca prish\u00ebse t\u00eb harmonis\u00eb dhe bashk\u00ebpunimit qytetar etj.<\/p>\n<p>Takime, si ky i sotmi, duhen p\u00ebrsh\u00ebndetur dhe mb\u00ebshtetur edhe nga institucionet e ndryshme, me t\u00eb cilat bashkohemi n\u00eb rrug\u00ebtimin e ton\u00eb t\u00eb p\u00ebrbashk\u00ebt drejt edukimit, dijes, moralit e besimit solid, q\u00eb frym\u00ebzon nj\u00eb rini t\u00eb pjekur dhe dhuron nj\u00eb familje t\u00eb sh\u00ebndosh\u00eb e t\u00eb ekuilibruar, e denj\u00eb p\u00ebr t\u2019u p\u00ebrballur me \u00e7do sfid\u00eb e \u00e7do sprov\u00eb n\u00eb jet\u00eb.<\/p>\n<p>Fal\u00eb Zotit, Fjala e Tij, e zbritur n\u00eb Librat e shenjt\u00eb, mesazhet e profet\u00ebve tan\u00eb t\u00eb nderuar dhe urt\u00ebsia e dijetar\u00ebve t\u00eb pal\u00ebkundur, q\u00eb kemi n\u00eb duar si nj\u00eb amanet hyjnor, jan\u00eb nj\u00eb garanci m\u00eb shum\u00eb p\u00ebr t\u00eb ecur p\u00ebrpara me krenari legjitime dhe me zem\u00ebr t\u00eb hapur karshi kujtdo, q\u00eb ka nj\u00eb nijet t\u00eb mir\u00eb si ne, n\u00eb rrug\u00ebn e edukimit dhe mbrojtjes!<\/p>\n<p>Zoti e begatoft\u00eb rinin\u00eb e Shkodr\u00ebs dhe familjet e nderuara shkodrane, q\u00eb me besimin e tyre n\u00eb Nj\u00eb Zot, me dor\u00ebzimin e tyre n\u00eb Kur\u2019an dhe Inxhil, kan\u00eb ditur nd\u00ebr shekuj t\u00eb p\u00ebrballen me dinjitet me sprovat e koh\u00ebs, duke ruajtur mbi t\u00eb gjitha paqen sociale dhe harmonin\u00eb e shenjt\u00eb t\u00eb familjes ton\u00eb t\u00eb madhe t\u00eb p\u00ebrbashk\u00ebt, q\u00eb quhet SHKOD\u00cbR!<br \/>\nZoti ju bekoft\u00eb dhe ju dasht\u00eb!<\/p>\n<p class=\"auto-style3\" style=\"text-align: right;\"><strong>Imam Muhamed Sytari<br \/>\n<\/strong><em>Myfti i Zon\u00ebs Shkod\u00ebr<br \/>\n<\/em><br \/>\n<em>(Fjala p\u00ebrsh\u00ebndet\u00ebse n\u00eb konferenc\u00ebn e p\u00ebrbashk\u00ebt t\u00eb tre komuniteteve fetare<br \/>\nt\u00eb Shkodr\u00ebs, me tem\u00eb: \u201cFamilja, rinia dhe sprova e diversitetit\u201d)<br \/>\n<\/em>\u00a0<em><br \/>\nShkod\u00ebr, m\u00eb 13 maj 2015<\/em><\/p>\n<p class=\"auto-style3\" style=\"text-align: justify;\"><a href=\"https:\/\/myftinia-shkoder.org\/wp-content\/uploads\/2016\/04\/myftiu-i-shkodres.jpg\"><img loading=\"lazy\" decoding=\"async\" class=\"alignnone size-medium wp-image-178\" src=\"https:\/\/myftinia-shkoder.org\/wp-content\/uploads\/2016\/04\/myftiu-i-shkodres-300x225.jpg\" alt=\"Fjala e Myftiut n\u00eb konferenc\u00ebn nd\u00ebrfetare: \u201cFamilja, rinia dhe sfidat e modernitetit\u201d\" width=\"300\" height=\"225\" srcset=\"https:\/\/myftinia-shkoder.org\/wp-content\/uploads\/2016\/04\/myftiu-i-shkodres-300x225.jpg 300w, https:\/\/myftinia-shkoder.org\/wp-content\/uploads\/2016\/04\/myftiu-i-shkodres-678x509.jpg 678w, https:\/\/myftinia-shkoder.org\/wp-content\/uploads\/2016\/04\/myftiu-i-shkodres-326x245.jpg 326w, https:\/\/myftinia-shkoder.org\/wp-content\/uploads\/2016\/04\/myftiu-i-shkodres-80x60.jpg 80w, https:\/\/myftinia-shkoder.org\/wp-content\/uploads\/2016\/04\/myftiu-i-shkodres.jpg 960w\" sizes=\"auto, (max-width: 300px) 100vw, 300px\" \/><\/a><\/p>\n","protected":false},"excerpt":{"rendered":"<div class=\"mh-excerpt\"><p>T\u00eb nderuar p\u00ebrfaq\u00ebsues t\u00eb lart\u00eb t\u00eb komuniteteve fetare n\u00eb Shkod\u00ebr, T\u00eb nderuar autoritete lokale dhe vendore, T\u00eb nderuar imam\u00eb, klerik\u00eb, thirr\u00ebs islam\u00eb e sh\u00ebrbestar\u00eb n\u00eb rrug\u00ebn e besimit, T\u00eb nderuar t\u00eb pranish\u00ebm n\u00eb k\u00ebt\u00eb organizim <a class=\"mh-excerpt-more\" href=\"https:\/\/myftinia-shkoder.org\/?p=177\" title=\"Fjala e Myftiut n\u00eb konferenc\u00ebn nd\u00ebrfetare: \u201cFamilja, rinia dhe sfidat e modernitetit\u201d\">[&#8230;]<\/a><\/p>\n<\/div>","protected":false},"author":1,"featured_media":178,"comment_status":"closed","ping_status":"closed","sticky":false,"template":"","format":"standard","meta":{"footnotes":""},"categories":[3],"tags":[],"class_list":["post-177","post","type-post","status-publish","format-standard","has-post-thumbnail","hentry","category-nderfetare"],"_links":{"self":[{"href":"https:\/\/myftinia-shkoder.org\/index.php?rest_route=\/wp\/v2\/posts\/177","targetHints":{"allow":["GET"]}}],"collection":[{"href":"https:\/\/myftinia-shkoder.org\/index.php?rest_route=\/wp\/v2\/posts"}],"about":[{"href":"https:\/\/myftinia-shkoder.org\/index.php?rest_route=\/wp\/v2\/types\/post"}],"author":[{"embeddable":true,"href":"https:\/\/myftinia-shkoder.org\/index.php?rest_route=\/wp\/v2\/users\/1"}],"replies":[{"embeddable":true,"href":"https:\/\/myftinia-shkoder.org\/index.php?rest_route=%2Fwp%2Fv2%2Fcomments&post=177"}],"version-history":[{"count":1,"href":"https:\/\/myftinia-shkoder.org\/index.php?rest_route=\/wp\/v2\/posts\/177\/revisions"}],"predecessor-version":[{"id":179,"href":"https:\/\/myftinia-shkoder.org\/index.php?rest_route=\/wp\/v2\/posts\/177\/revisions\/179"}],"wp:featuredmedia":[{"embeddable":true,"href":"https:\/\/myftinia-shkoder.org\/index.php?rest_route=\/wp\/v2\/media\/178"}],"wp:attachment":[{"href":"https:\/\/myftinia-shkoder.org\/index.php?rest_route=%2Fwp%2Fv2%2Fmedia&parent=177"}],"wp:term":[{"taxonomy":"category","embeddable":true,"href":"https:\/\/myftinia-shkoder.org\/index.php?rest_route=%2Fwp%2Fv2%2Fcategories&post=177"},{"taxonomy":"post_tag","embeddable":true,"href":"https:\/\/myftinia-shkoder.org\/index.php?rest_route=%2Fwp%2Fv2%2Ftags&post=177"}],"curies":[{"name":"wp","href":"https:\/\/api.w.org\/{rel}","templated":true}]}}