{"id":17957,"date":"2025-05-12T15:00:32","date_gmt":"2025-05-12T15:00:32","guid":{"rendered":"https:\/\/myftinia-shkoder.org\/?p=17957"},"modified":"2025-05-12T17:26:30","modified_gmt":"2025-05-12T17:26:30","slug":"nxenese-nga-shkodra-fitojne-cmime-ne-konkursin-e-kuranit-nderkombetar","status":"publish","type":"post","link":"https:\/\/myftinia-shkoder.org\/?p=17957","title":{"rendered":"Nx\u00ebn\u00ebse nga Shkodra fitojn\u00eb \u00e7mime n\u00eb Konkursin Nd\u00ebrkomb\u00ebtar t\u00eb Kur&#8217;anit Fam\u00eblart\u00eb"},"content":{"rendered":"<p style=\"text-align: justify;\"><strong>Nx\u00ebn\u00ebse nga Shkodra fitojn\u00eb \u00e7mime n\u00eb Konkursin Nd\u00ebrkomb\u00ebtar t\u00eb Kur&#8217;anit Fam\u00eblart\u00eb<\/strong><\/p>\n<p style=\"text-align: justify;\">N\u00eb Prishtin\u00eb, dit\u00ebn e diel, m\u00eb 11 maj 2025 me nj\u00eb ceremoni p\u00ebrmbyll\u00ebse, p\u00ebrfunduan Garat Nd\u00ebrkomb\u00ebtare t\u00eb Kur&#8217;anit Fam\u00eblart\u00eb.<\/p>\n<p style=\"text-align: justify;\">Kjo ceremoni u p\u00ebrmbyll me ndarjen e \u00e7mimeve p\u00ebr t\u00eb gjitha kategorit\u00eb pjes\u00ebmarr\u00ebse.<\/p>\n<p style=\"text-align: justify;\">N\u00eb k\u00ebt\u00eb ngjarje, kryetari i Bashk\u00ebsis\u00eb Islame t\u00eb Kosov\u00ebs, Myftiu Naim ef. T\u00ebrnava, shprehu mir\u00ebnjohjen e thell\u00eb p\u00ebr bashk\u00ebpunimin me Ministrin\u00eb p\u00ebr \u00c7\u00ebshtje Fetare t\u00eb Arabis\u00eb Saudite, duke e vler\u00ebsuar lart \u00e7do aspekt t\u00eb organizimit t\u00eb k\u00ebsaj ngjarjeje.<\/p>\n<p style=\"text-align: justify;\">K\u00ebt\u00eb ceremoni solemne e nderoi me pjes\u00ebmarrjen e tij edhe imami i Qabes\u00eb, Shejkh Dr. Bender Belila, i cili iu drejtua t\u00eb pranishm\u00ebve me nj\u00eb fjalim p\u00ebrsh\u00ebndet\u00ebs.<\/p>\n<p style=\"text-align: justify;\">N\u00eb fund t\u00eb ceremonis\u00eb u ndan\u00eb \u00e7mimet p\u00ebr tri vendet e para n\u00eb pes\u00eb kategorit\u00eb pjes\u00ebmarr\u00ebse, p\u00ebr t\u00eb dy gjinit\u00eb.<\/p>\n<p style=\"text-align: justify;\">Shtat\u00eb nx\u00ebn\u00ebse t\u00eb mejtepeve fetare pran\u00eb xhamive t\u00eb Shkodr\u00ebs q\u00eb ishin n\u00ebn kujdesin e dy m\u00ebsuesve Emine Alushi (Nasufi) dhe Ardit Ulqinaku, disa prej t\u00eb cilave jan\u00eb edhe nx\u00ebn\u00ebse t\u00eb Medreses\u00eb \u201cHaxhi Sheh Shamia\u201d, dega e vajzave, dhe q\u00eb ishin pjes\u00eb e grupit finalist t\u00eb p\u00ebrzgjedhur nga Komuniteti Mysliman i Shqip\u00ebris\u00eb, fituan dy \u00e7mime n\u00eb kategorin\u00eb e leximit t\u00eb Kur\u2019anit Fam\u00eblart\u00eb.<\/p>\n<p style=\"text-align: justify;\">Halime Zaja u vler\u00ebsua me \u00e7mimin e dyt\u00eb, nd\u00ebrsa Merjem Ulqinaku me \u00e7mimin e tret\u00eb.<\/p>\n<p style=\"text-align: justify;\">Ceremonia e Konkursit e Kur\u2019anit Nd\u00ebrkomb\u00ebtar q\u00eb u zhvillua nga data 8-11 maj 2025 e u p\u00ebrmbyll me nj\u00eb recitim t\u00eb bukur t\u00eb ajeteve t\u00eb Kur\u2019anit Fam\u00eblart\u00eb nga Imami i Qabes\u00eb, Shejkh Dr. Bender Belila.<\/p>\n<div id='gallery-1' class='gallery galleryid-17957 gallery-columns-4 gallery-size-thumbnail'><figure class='gallery-item'>\n\t\t\t<div class='gallery-icon portrait'>\n\t\t\t\t<a href='https:\/\/myftinia-shkoder.org\/?attachment_id=17958'><img loading=\"lazy\" decoding=\"async\" width=\"150\" height=\"150\" src=\"https:\/\/myftinia-shkoder.org\/wp-content\/uploads\/2025\/05\/Nxenese-nga-Shkodra-fitojne-cmime-ne-Konkursin-e-Kuranit-Nderkombetar-1-150x150.jpg\" class=\"attachment-thumbnail size-thumbnail\" alt=\"\" aria-describedby=\"gallery-1-17958\" \/><\/a>\n\t\t\t<\/div>\n\t\t\t\t<figcaption class='wp-caption-text gallery-caption' id='gallery-1-17958'>\n\t\t\t\tNx\u00ebn\u00ebse nga Shkodra fitojn\u00eb \u00e7mime n\u00eb Konkursin e Kur\u2019anit Nd\u00ebrkomb\u00ebtar\n\t\t\t\t<\/figcaption><\/figure><figure class='gallery-item'>\n\t\t\t<div class='gallery-icon landscape'>\n\t\t\t\t<a href='https:\/\/myftinia-shkoder.org\/?attachment_id=17959'><img loading=\"lazy\" decoding=\"async\" width=\"150\" height=\"150\" src=\"https:\/\/myftinia-shkoder.org\/wp-content\/uploads\/2025\/05\/Nxenese-nga-Shkodra-fitojne-cmime-ne-Konkursin-e-Kuranit-Nderkombetar-2-150x150.jpg\" class=\"attachment-thumbnail size-thumbnail\" alt=\"\" aria-describedby=\"gallery-1-17959\" \/><\/a>\n\t\t\t<\/div>\n\t\t\t\t<figcaption class='wp-caption-text gallery-caption' id='gallery-1-17959'>\n\t\t\t\tNx\u00ebn\u00ebse nga Shkodra fitojn\u00eb \u00e7mime n\u00eb Konkursin e Kur\u2019anit Nd\u00ebrkomb\u00ebtar\n\t\t\t\t<\/figcaption><\/figure><figure class='gallery-item'>\n\t\t\t<div class='gallery-icon landscape'>\n\t\t\t\t<a href='https:\/\/myftinia-shkoder.org\/?attachment_id=17960'><img loading=\"lazy\" decoding=\"async\" width=\"150\" height=\"150\" src=\"https:\/\/myftinia-shkoder.org\/wp-content\/uploads\/2025\/05\/Nxenese-nga-Shkodra-fitojne-cmime-ne-Konkursin-e-Kuranit-Nderkombetar-3-150x150.jpg\" class=\"attachment-thumbnail size-thumbnail\" alt=\"\" aria-describedby=\"gallery-1-17960\" \/><\/a>\n\t\t\t<\/div>\n\t\t\t\t<figcaption class='wp-caption-text gallery-caption' id='gallery-1-17960'>\n\t\t\t\tNx\u00ebn\u00ebse nga Shkodra fitojn\u00eb \u00e7mime n\u00eb Konkursin e Kur\u2019anit Nd\u00ebrkomb\u00ebtar\n\t\t\t\t<\/figcaption><\/figure><figure class='gallery-item'>\n\t\t\t<div class='gallery-icon landscape'>\n\t\t\t\t<a href='https:\/\/myftinia-shkoder.org\/?attachment_id=17961'><img loading=\"lazy\" decoding=\"async\" width=\"150\" height=\"150\" src=\"https:\/\/myftinia-shkoder.org\/wp-content\/uploads\/2025\/05\/Nxenese-nga-Shkodra-fitojne-cmime-ne-Konkursin-e-Kuranit-Nderkombetar-4-150x150.jpg\" class=\"attachment-thumbnail size-thumbnail\" alt=\"\" aria-describedby=\"gallery-1-17961\" \/><\/a>\n\t\t\t<\/div>\n\t\t\t\t<figcaption class='wp-caption-text gallery-caption' id='gallery-1-17961'>\n\t\t\t\tNx\u00ebn\u00ebse nga Shkodra fitojn\u00eb \u00e7mime n\u00eb Konkursin e Kur\u2019anit Nd\u00ebrkomb\u00ebtar\n\t\t\t\t<\/figcaption><\/figure><figure class='gallery-item'>\n\t\t\t<div class='gallery-icon landscape'>\n\t\t\t\t<a href='https:\/\/myftinia-shkoder.org\/?attachment_id=17962'><img loading=\"lazy\" decoding=\"async\" width=\"150\" height=\"150\" src=\"https:\/\/myftinia-shkoder.org\/wp-content\/uploads\/2025\/05\/Nxenese-nga-Shkodra-fitojne-cmime-ne-Konkursin-e-Kuranit-Nderkombetar-5-150x150.jpg\" class=\"attachment-thumbnail size-thumbnail\" alt=\"\" aria-describedby=\"gallery-1-17962\" \/><\/a>\n\t\t\t<\/div>\n\t\t\t\t<figcaption class='wp-caption-text gallery-caption' id='gallery-1-17962'>\n\t\t\t\tNx\u00ebn\u00ebse nga Shkodra fitojn\u00eb \u00e7mime n\u00eb Konkursin e Kur\u2019anit Nd\u00ebrkomb\u00ebtar\n\t\t\t\t<\/figcaption><\/figure><figure class='gallery-item'>\n\t\t\t<div class='gallery-icon landscape'>\n\t\t\t\t<a href='https:\/\/myftinia-shkoder.org\/?attachment_id=17963'><img loading=\"lazy\" decoding=\"async\" width=\"150\" height=\"150\" src=\"https:\/\/myftinia-shkoder.org\/wp-content\/uploads\/2025\/05\/Nxenese-nga-Shkodra-fitojne-cmime-ne-Konkursin-e-Kuranit-Nderkombetar-6-150x150.jpg\" class=\"attachment-thumbnail size-thumbnail\" alt=\"\" aria-describedby=\"gallery-1-17963\" \/><\/a>\n\t\t\t<\/div>\n\t\t\t\t<figcaption class='wp-caption-text gallery-caption' id='gallery-1-17963'>\n\t\t\t\tNx\u00ebn\u00ebse nga Shkodra fitojn\u00eb \u00e7mime n\u00eb Konkursin e Kur\u2019anit Nd\u00ebrkomb\u00ebtar\n\t\t\t\t<\/figcaption><\/figure><figure class='gallery-item'>\n\t\t\t<div class='gallery-icon landscape'>\n\t\t\t\t<a href='https:\/\/myftinia-shkoder.org\/?attachment_id=17964'><img loading=\"lazy\" decoding=\"async\" width=\"150\" height=\"150\" src=\"https:\/\/myftinia-shkoder.org\/wp-content\/uploads\/2025\/05\/Nxenese-nga-Shkodra-fitojne-cmime-ne-Konkursin-e-Kuranit-Nderkombetar-7-150x150.jpg\" class=\"attachment-thumbnail size-thumbnail\" alt=\"\" aria-describedby=\"gallery-1-17964\" \/><\/a>\n\t\t\t<\/div>\n\t\t\t\t<figcaption class='wp-caption-text gallery-caption' id='gallery-1-17964'>\n\t\t\t\tNx\u00ebn\u00ebse nga Shkodra fitojn\u00eb \u00e7mime n\u00eb Konkursin e Kur\u2019anit Nd\u00ebrkomb\u00ebtar\n\t\t\t\t<\/figcaption><\/figure><figure class='gallery-item'>\n\t\t\t<div class='gallery-icon landscape'>\n\t\t\t\t<a href='https:\/\/myftinia-shkoder.org\/?attachment_id=17965'><img loading=\"lazy\" decoding=\"async\" width=\"150\" height=\"150\" src=\"https:\/\/myftinia-shkoder.org\/wp-content\/uploads\/2025\/05\/Nxenese-nga-Shkodra-fitojne-cmime-ne-Konkursin-e-Kuranit-Nderkombetar-8-150x150.jpg\" class=\"attachment-thumbnail size-thumbnail\" alt=\"\" aria-describedby=\"gallery-1-17965\" \/><\/a>\n\t\t\t<\/div>\n\t\t\t\t<figcaption class='wp-caption-text gallery-caption' id='gallery-1-17965'>\n\t\t\t\tNx\u00ebn\u00ebse nga Shkodra fitojn\u00eb \u00e7mime n\u00eb Konkursin e Kur\u2019anit Nd\u00ebrkomb\u00ebtar\n\t\t\t\t<\/figcaption><\/figure><figure class='gallery-item'>\n\t\t\t<div class='gallery-icon landscape'>\n\t\t\t\t<a href='https:\/\/myftinia-shkoder.org\/?attachment_id=17966'><img loading=\"lazy\" decoding=\"async\" width=\"150\" height=\"150\" src=\"https:\/\/myftinia-shkoder.org\/wp-content\/uploads\/2025\/05\/Nxenese-nga-Shkodra-fitojne-cmime-ne-Konkursin-e-Kuranit-Nderkombetar-9-150x150.jpg\" class=\"attachment-thumbnail size-thumbnail\" alt=\"\" aria-describedby=\"gallery-1-17966\" \/><\/a>\n\t\t\t<\/div>\n\t\t\t\t<figcaption class='wp-caption-text gallery-caption' id='gallery-1-17966'>\n\t\t\t\tNx\u00ebn\u00ebse nga Shkodra fitojn\u00eb \u00e7mime n\u00eb Konkursin e Kur\u2019anit Nd\u00ebrkomb\u00ebtar\n\t\t\t\t<\/figcaption><\/figure><figure class='gallery-item'>\n\t\t\t<div class='gallery-icon landscape'>\n\t\t\t\t<a href='https:\/\/myftinia-shkoder.org\/?attachment_id=17967'><img loading=\"lazy\" decoding=\"async\" width=\"150\" height=\"150\" src=\"https:\/\/myftinia-shkoder.org\/wp-content\/uploads\/2025\/05\/Nxenese-nga-Shkodra-fitojne-cmime-ne-Konkursin-e-Kuranit-Nderkombetar-10-150x150.jpg\" class=\"attachment-thumbnail size-thumbnail\" alt=\"\" aria-describedby=\"gallery-1-17967\" \/><\/a>\n\t\t\t<\/div>\n\t\t\t\t<figcaption class='wp-caption-text gallery-caption' id='gallery-1-17967'>\n\t\t\t\tNx\u00ebn\u00ebse nga Shkodra fitojn\u00eb \u00e7mime n\u00eb Konkursin e Kur\u2019anit Nd\u00ebrkomb\u00ebtar\n\t\t\t\t<\/figcaption><\/figure><figure class='gallery-item'>\n\t\t\t<div class='gallery-icon portrait'>\n\t\t\t\t<a href='https:\/\/myftinia-shkoder.org\/?attachment_id=17968'><img loading=\"lazy\" decoding=\"async\" width=\"150\" height=\"150\" src=\"https:\/\/myftinia-shkoder.org\/wp-content\/uploads\/2025\/05\/Nxenese-nga-Shkodra-fitojne-cmime-ne-Konkursin-e-Kuranit-Nderkombetar-11-150x150.jpg\" class=\"attachment-thumbnail size-thumbnail\" alt=\"\" aria-describedby=\"gallery-1-17968\" \/><\/a>\n\t\t\t<\/div>\n\t\t\t\t<figcaption class='wp-caption-text gallery-caption' id='gallery-1-17968'>\n\t\t\t\tNx\u00ebn\u00ebse nga Shkodra fitojn\u00eb \u00e7mime n\u00eb Konkursin e Kur\u2019anit Nd\u00ebrkomb\u00ebtar\n\t\t\t\t<\/figcaption><\/figure><figure class='gallery-item'>\n\t\t\t<div class='gallery-icon landscape'>\n\t\t\t\t<a href='https:\/\/myftinia-shkoder.org\/?attachment_id=17969'><img loading=\"lazy\" decoding=\"async\" width=\"150\" height=\"150\" src=\"https:\/\/myftinia-shkoder.org\/wp-content\/uploads\/2025\/05\/Nxenese-nga-Shkodra-fitojne-cmime-ne-Konkursin-e-Kuranit-Nderkombetar-12-150x150.jpg\" class=\"attachment-thumbnail size-thumbnail\" alt=\"\" aria-describedby=\"gallery-1-17969\" \/><\/a>\n\t\t\t<\/div>\n\t\t\t\t<figcaption class='wp-caption-text gallery-caption' id='gallery-1-17969'>\n\t\t\t\tNx\u00ebn\u00ebse nga Shkodra fitojn\u00eb \u00e7mime n\u00eb Konkursin e Kur\u2019anit Nd\u00ebrkomb\u00ebtar\n\t\t\t\t<\/figcaption><\/figure>\n\t\t<\/div>\n\n","protected":false},"excerpt":{"rendered":"<div class=\"mh-excerpt\"><p>Nx\u00ebn\u00ebse nga Shkodra fitojn\u00eb \u00e7mime n\u00eb Konkursin Nd\u00ebrkomb\u00ebtar t\u00eb Kur&#8217;anit Fam\u00eblart\u00eb N\u00eb Prishtin\u00eb, dit\u00ebn e diel, m\u00eb 11 maj 2025 me nj\u00eb ceremoni p\u00ebrmbyll\u00ebse, p\u00ebrfunduan Garat Nd\u00ebrkomb\u00ebtare t\u00eb Kur&#8217;anit Fam\u00eblart\u00eb. Kjo ceremoni u p\u00ebrmbyll me <a class=\"mh-excerpt-more\" href=\"https:\/\/myftinia-shkoder.org\/?p=17957\" title=\"Nx\u00ebn\u00ebse nga Shkodra fitojn\u00eb \u00e7mime n\u00eb Konkursin Nd\u00ebrkomb\u00ebtar t\u00eb Kur&#8217;anit Fam\u00eblart\u00eb\">[&#8230;]<\/a><\/p>\n<\/div>","protected":false},"author":1,"featured_media":17963,"comment_status":"closed","ping_status":"closed","sticky":false,"template":"","format":"standard","meta":{"footnotes":""},"categories":[1],"tags":[],"class_list":["post-17957","post","type-post","status-publish","format-standard","has-post-thumbnail","hentry","category-aktivitete"],"_links":{"self":[{"href":"https:\/\/myftinia-shkoder.org\/index.php?rest_route=\/wp\/v2\/posts\/17957","targetHints":{"allow":["GET"]}}],"collection":[{"href":"https:\/\/myftinia-shkoder.org\/index.php?rest_route=\/wp\/v2\/posts"}],"about":[{"href":"https:\/\/myftinia-shkoder.org\/index.php?rest_route=\/wp\/v2\/types\/post"}],"author":[{"embeddable":true,"href":"https:\/\/myftinia-shkoder.org\/index.php?rest_route=\/wp\/v2\/users\/1"}],"replies":[{"embeddable":true,"href":"https:\/\/myftinia-shkoder.org\/index.php?rest_route=%2Fwp%2Fv2%2Fcomments&post=17957"}],"version-history":[{"count":3,"href":"https:\/\/myftinia-shkoder.org\/index.php?rest_route=\/wp\/v2\/posts\/17957\/revisions"}],"predecessor-version":[{"id":17972,"href":"https:\/\/myftinia-shkoder.org\/index.php?rest_route=\/wp\/v2\/posts\/17957\/revisions\/17972"}],"wp:featuredmedia":[{"embeddable":true,"href":"https:\/\/myftinia-shkoder.org\/index.php?rest_route=\/wp\/v2\/media\/17963"}],"wp:attachment":[{"href":"https:\/\/myftinia-shkoder.org\/index.php?rest_route=%2Fwp%2Fv2%2Fmedia&parent=17957"}],"wp:term":[{"taxonomy":"category","embeddable":true,"href":"https:\/\/myftinia-shkoder.org\/index.php?rest_route=%2Fwp%2Fv2%2Fcategories&post=17957"},{"taxonomy":"post_tag","embeddable":true,"href":"https:\/\/myftinia-shkoder.org\/index.php?rest_route=%2Fwp%2Fv2%2Ftags&post=17957"}],"curies":[{"name":"wp","href":"https:\/\/api.w.org\/{rel}","templated":true}]}}