{"id":18024,"date":"2025-05-22T13:17:14","date_gmt":"2025-05-22T13:17:14","guid":{"rendered":"https:\/\/myftinia-shkoder.org\/?p=18024"},"modified":"2025-05-22T13:19:08","modified_gmt":"2025-05-22T13:19:08","slug":"drejt-perfundimit-qendra-kulturore-sociale-e-xhamise-se-fshatit-bardhaj","status":"publish","type":"post","link":"https:\/\/myftinia-shkoder.org\/?p=18024","title":{"rendered":"Drejt p\u00ebrfundimit Qendra Kulturore Sociale e xhamis\u00eb s\u00eb fshatit Bardhaj"},"content":{"rendered":"<p style=\"text-align: justify;\"><strong>Drejt p\u00ebrfundimit Qendra Kulturore Sociale e xhamis\u00eb s\u00eb fshatit Bardhaj<\/strong><\/p>\n<p style=\"text-align: justify;\">Paraditen se enjtes, m\u00eb 22 maj 2025, Myftiu i Shkodr\u00ebs, Imam Muhamed B. Sytari, i shoq\u00ebruar nga drejtori i Fondacionit \u201cMir\u00ebsia\u201d, z. Korab Kaja, zhvilluan nj\u00eb inspektim p\u00ebr t\u00eb par\u00eb nga af\u00ebr punimet q\u00eb po realizohen p\u00ebr p\u00ebrfundimin e Qendr\u00ebs t\u00eb re Kulturore Sociale t\u00eb xhamis\u00eb s\u00eb fshatit Bardhaj, Nj\u00ebsia Administrative Rrethina.<\/p>\n<p style=\"text-align: justify;\">Qendra e re kulturore e k\u00ebtij fshati pritet t\u00eb jap\u00eb nj\u00eb gjall\u00ebrim aktivitetit fetar, edukativ dhe arsimor t\u00eb k\u00ebtij fshati, banor\u00ebt e t\u00eb cilit jan\u00eb lidhur me xhamin\u00eb dhe ku rinia \u00ebsht\u00eb frekuentuese e rregullt e aktivitetit t\u00eb xhamis\u00eb.<\/p>\n<p style=\"text-align: justify;\">Prej vitesh Myftinia Shkod\u00ebr n\u00eb bashk\u00ebpunim me shoqata dhe fondacione t\u00eb ndryshme islame po b\u00ebn t\u00eb mundur ngritjen e qendrave kulturore dhe sociale pran\u00eb xhamive dhe n\u00eb vak\u00ebfet e ndryshme t\u00eb Shkodr\u00ebs.<\/p>\n<p style=\"text-align: justify;\">Myftinia Shkod\u00ebr shpreh fal\u00ebnderimet e saj p\u00ebr kontributin e madh q\u00eb Fondacioni \u201cMir\u00ebsia\u201d ka dh\u00ebn\u00eb dhe vazhdon t\u00eb jap\u00eb n\u00eb drejtim t\u00eb ngritjes dhe rehabilitimit t\u00eb infrastruktur\u00ebs fetare n\u00eb qytetin e Shkodr\u00ebs.<\/p>\n<div id='gallery-1' class='gallery galleryid-18024 gallery-columns-3 gallery-size-thumbnail'><figure class='gallery-item'>\n\t\t\t<div class='gallery-icon landscape'>\n\t\t\t\t<a href='https:\/\/myftinia-shkoder.org\/?attachment_id=18027'><img loading=\"lazy\" decoding=\"async\" width=\"150\" height=\"150\" src=\"https:\/\/myftinia-shkoder.org\/wp-content\/uploads\/2025\/05\/Drejt-perfundimit-Qendra-Kulturore-Sociale-e-xhamise-se-fshatit-Bardhaj-3-150x150.jpg\" class=\"attachment-thumbnail size-thumbnail\" alt=\"\" aria-describedby=\"gallery-1-18027\" \/><\/a>\n\t\t\t<\/div>\n\t\t\t\t<figcaption class='wp-caption-text gallery-caption' id='gallery-1-18027'>\n\t\t\t\tDrejt p\u00ebrfundimit Qendra Kulturore Sociale e xhamis\u00eb s\u00eb fshatit Bardhaj\n\t\t\t\t<\/figcaption><\/figure><figure class='gallery-item'>\n\t\t\t<div class='gallery-icon landscape'>\n\t\t\t\t<a href='https:\/\/myftinia-shkoder.org\/?attachment_id=18026'><img loading=\"lazy\" decoding=\"async\" width=\"150\" height=\"150\" src=\"https:\/\/myftinia-shkoder.org\/wp-content\/uploads\/2025\/05\/Drejt-perfundimit-Qendra-Kulturore-Sociale-e-xhamise-se-fshatit-Bardhaj-2-150x150.jpg\" class=\"attachment-thumbnail size-thumbnail\" alt=\"\" aria-describedby=\"gallery-1-18026\" \/><\/a>\n\t\t\t<\/div>\n\t\t\t\t<figcaption class='wp-caption-text gallery-caption' id='gallery-1-18026'>\n\t\t\t\tDrejt p\u00ebrfundimit Qendra Kulturore Sociale e xhamis\u00eb s\u00eb fshatit Bardhaj\n\t\t\t\t<\/figcaption><\/figure><figure class='gallery-item'>\n\t\t\t<div class='gallery-icon landscape'>\n\t\t\t\t<a href='https:\/\/myftinia-shkoder.org\/?attachment_id=18025'><img loading=\"lazy\" decoding=\"async\" width=\"150\" height=\"150\" src=\"https:\/\/myftinia-shkoder.org\/wp-content\/uploads\/2025\/05\/Drejt-perfundimit-Qendra-Kulturore-Sociale-e-xhamise-se-fshatit-Bardhaj-1-150x150.jpg\" class=\"attachment-thumbnail size-thumbnail\" alt=\"\" aria-describedby=\"gallery-1-18025\" \/><\/a>\n\t\t\t<\/div>\n\t\t\t\t<figcaption class='wp-caption-text gallery-caption' id='gallery-1-18025'>\n\t\t\t\tDrejt p\u00ebrfundimit Qendra Kulturore Sociale e xhamis\u00eb s\u00eb fshatit Bardhaj\n\t\t\t\t<\/figcaption><\/figure>\n\t\t<\/div>\n\n","protected":false},"excerpt":{"rendered":"<div class=\"mh-excerpt\"><p>Drejt p\u00ebrfundimit Qendra Kulturore Sociale e xhamis\u00eb s\u00eb fshatit Bardhaj Paraditen se enjtes, m\u00eb 22 maj 2025, Myftiu i Shkodr\u00ebs, Imam Muhamed B. Sytari, i shoq\u00ebruar nga drejtori i Fondacionit \u201cMir\u00ebsia\u201d, z. Korab Kaja, zhvilluan <a class=\"mh-excerpt-more\" href=\"https:\/\/myftinia-shkoder.org\/?p=18024\" title=\"Drejt p\u00ebrfundimit Qendra Kulturore Sociale e xhamis\u00eb s\u00eb fshatit Bardhaj\">[&#8230;]<\/a><\/p>\n<\/div>","protected":false},"author":1,"featured_media":18027,"comment_status":"closed","ping_status":"closed","sticky":false,"template":"","format":"standard","meta":{"footnotes":""},"categories":[4],"tags":[],"class_list":["post-18024","post","type-post","status-publish","format-standard","has-post-thumbnail","hentry","category-vakef"],"_links":{"self":[{"href":"https:\/\/myftinia-shkoder.org\/index.php?rest_route=\/wp\/v2\/posts\/18024","targetHints":{"allow":["GET"]}}],"collection":[{"href":"https:\/\/myftinia-shkoder.org\/index.php?rest_route=\/wp\/v2\/posts"}],"about":[{"href":"https:\/\/myftinia-shkoder.org\/index.php?rest_route=\/wp\/v2\/types\/post"}],"author":[{"embeddable":true,"href":"https:\/\/myftinia-shkoder.org\/index.php?rest_route=\/wp\/v2\/users\/1"}],"replies":[{"embeddable":true,"href":"https:\/\/myftinia-shkoder.org\/index.php?rest_route=%2Fwp%2Fv2%2Fcomments&post=18024"}],"version-history":[{"count":1,"href":"https:\/\/myftinia-shkoder.org\/index.php?rest_route=\/wp\/v2\/posts\/18024\/revisions"}],"predecessor-version":[{"id":18028,"href":"https:\/\/myftinia-shkoder.org\/index.php?rest_route=\/wp\/v2\/posts\/18024\/revisions\/18028"}],"wp:featuredmedia":[{"embeddable":true,"href":"https:\/\/myftinia-shkoder.org\/index.php?rest_route=\/wp\/v2\/media\/18027"}],"wp:attachment":[{"href":"https:\/\/myftinia-shkoder.org\/index.php?rest_route=%2Fwp%2Fv2%2Fmedia&parent=18024"}],"wp:term":[{"taxonomy":"category","embeddable":true,"href":"https:\/\/myftinia-shkoder.org\/index.php?rest_route=%2Fwp%2Fv2%2Fcategories&post=18024"},{"taxonomy":"post_tag","embeddable":true,"href":"https:\/\/myftinia-shkoder.org\/index.php?rest_route=%2Fwp%2Fv2%2Ftags&post=18024"}],"curies":[{"name":"wp","href":"https:\/\/api.w.org\/{rel}","templated":true}]}}