{"id":18040,"date":"2025-05-23T20:12:38","date_gmt":"2025-05-23T20:12:38","guid":{"rendered":"https:\/\/myftinia-shkoder.org\/?p=18040"},"modified":"2025-05-23T20:43:40","modified_gmt":"2025-05-23T20:43:40","slug":"imami-shqiptar-i-shtutgartit-kjo-fe-nuk-perhapet-me-dhune","status":"publish","type":"post","link":"https:\/\/myftinia-shkoder.org\/?p=18040","title":{"rendered":"Imami shqiptar i Shtutgartit: \u201cKjo f\u00e9 nuk p\u00ebrhapet me dhun\u00eb!\u201d"},"content":{"rendered":"<p style=\"text-align: justify;\"><strong>Imami shqiptar i Shtutgartit: \u201cKjo f<\/strong><strong>\u00e9<\/strong><strong> nuk p\u00ebrhapet me dhun\u00eb!\u201d<\/strong><\/p>\n<p style=\"text-align: justify;\">N\u00eb kuad\u00ebr t\u00eb aktiviteteve t\u00eb larmishme, q\u00eb Myftinia Shkod\u00ebr po realizon n\u00eb atmosfer\u00ebn e begat\u00eb t\u00eb 35 vjetorit t\u00eb rim\u00ebk\u00ebmbjes s\u00eb Thirrjes Islame n\u00eb qytetin e Shkodr\u00ebs, me ftes\u00eb t\u00eb Myftiut, Imam Muhamed B. Sytari, dit\u00ebn e xhuma, m\u00eb 23 maj 2025, i ftuar p\u00ebr t\u00eb mbajtur hytben e xhumas\u00eb para besimtar\u00ebve musliman\u00eb t\u00eb Shkodr\u00ebs, ishte i nderuari, H. Rexhep ef. Sulejmani, imami i Qendr\u00ebs Islame Shqiptare n\u00eb Shtutgart t\u00eb Gjermanis\u00eb.<\/p>\n<p style=\"text-align: justify;\">Gjat\u00eb hytbes s\u00eb tij, imami i nderuar u ndal te disa mesazhe me vler\u00eb p\u00ebr t\u00eb sotmen dhe t\u00eb ardhmen e shoq\u00ebris\u00eb islame, rinis\u00eb n\u00eb ve\u00e7anti. Nd\u00ebr t\u00eb tjera ai theksoi, se: \u201cKjo f\u00e9 nuk p\u00ebrhapet me dhun\u00eb! Sot kemi shum\u00eb Hasan\u00eb e Hysen\u00eb, Hatixhe e Fatime, por sa jemi musliman\u00eb t\u00eb sh\u00ebndosh\u00eb?\u201d \u2013 tha nd\u00ebr t\u00eb tjera ai.<\/p>\n<p style=\"text-align: justify;\">M\u00eb pas, vuri theksin te r\u00ebnd\u00ebsia q\u00eb ka besimi n\u00eb jet\u00ebn e individit, ku nd\u00ebr t\u00eb tjera theksoi: \u201cMe dob\u00ebsimin e imanit shfaqen fenomene negative t\u00eb d\u00ebmshme n\u00eb shoq\u00ebri\u201d. Poashtu ai vuri theksin te domosdoshm\u00ebria e t\u00eb qenurit t\u00eb matur n\u00eb f\u00e9, ku nd\u00ebr t\u00eb tjera tha: \u201cDuhet t\u00eb distancohemi nga nxitimi n\u00eb adhurim dhe duhet t\u00eb jemi t\u00eb q\u00ebndruesh\u00ebm e t\u00eb thjesht\u00eb n\u00eb jet\u00ebn e p\u00ebrditshme\u201d.<\/p>\n<p style=\"text-align: justify;\">Ai tha: \u201cNuk ka gj\u00eb m\u00eb t\u00eb mir\u00eb se sa p\u00ebrhapja e Islamit n\u00ebp\u00ebrmjet moralit t\u00eb d\u00ebshmuar, pra ta mbajm\u00eb moralin e Islamit dhe t\u00eb jemi t\u00eb pal\u00ebkundur n\u00eb k\u00ebt\u00eb drejtim duke u b\u00ebr\u00eb d\u00ebshmitar t\u00eb vlerave islame n\u00eb p\u00ebrditshm\u00ebrin\u00eb ton\u00eb, me vepra m\u00eb shum\u00eb se sa me fjal\u00eb\u201d.<\/p>\n<p style=\"text-align: justify;\">Mesazhet e hytbes s\u00eb k\u00ebsaj xhumaje u regjistruan edhe nga mediat lokale t\u00eb Shkodr\u00ebs, t\u00eb cilat i b\u00ebn\u00eb jehon\u00eb hytbes s\u00eb xhumas\u00eb t\u00eb mbajtur n\u00eb k\u00ebt\u00eb dit\u00eb t\u00eb begat\u00eb nga imami i Qendr\u00ebs Islame Shqiptare n\u00eb Shtutgart t\u00eb Gjermanis\u00eb, H. Rexhep Sulejmani.<\/p>\n<div id='gallery-1' class='gallery galleryid-18040 gallery-columns-4 gallery-size-thumbnail'><figure class='gallery-item'>\n\t\t\t<div class='gallery-icon landscape'>\n\t\t\t\t<a href='https:\/\/myftinia-shkoder.org\/?attachment_id=18047'><img loading=\"lazy\" decoding=\"async\" width=\"150\" height=\"150\" src=\"https:\/\/myftinia-shkoder.org\/wp-content\/uploads\/2025\/05\/Imami-shqiptar-i-Shtutgartit-Kjo-fe-nuk-perhapet-me-dhune-7-150x150.jpg\" class=\"attachment-thumbnail size-thumbnail\" alt=\"\" \/><\/a>\n\t\t\t<\/div><\/figure><figure class='gallery-item'>\n\t\t\t<div class='gallery-icon landscape'>\n\t\t\t\t<a href='https:\/\/myftinia-shkoder.org\/?attachment_id=18046'><img loading=\"lazy\" decoding=\"async\" width=\"150\" height=\"150\" src=\"https:\/\/myftinia-shkoder.org\/wp-content\/uploads\/2025\/05\/Imami-shqiptar-i-Shtutgartit-Kjo-fe-nuk-perhapet-me-dhune-6-150x150.jpg\" class=\"attachment-thumbnail size-thumbnail\" alt=\"\" aria-describedby=\"gallery-1-18046\" \/><\/a>\n\t\t\t<\/div>\n\t\t\t\t<figcaption class='wp-caption-text gallery-caption' id='gallery-1-18046'>\n\t\t\t\tImami shqiptar i Shtutgartit \u201cKjo f\u00e9 nuk p\u00ebrhapet me dhun\u00eb!\u201d\n\t\t\t\t<\/figcaption><\/figure><figure class='gallery-item'>\n\t\t\t<div class='gallery-icon landscape'>\n\t\t\t\t<a href='https:\/\/myftinia-shkoder.org\/?attachment_id=18045'><img loading=\"lazy\" decoding=\"async\" width=\"150\" height=\"150\" src=\"https:\/\/myftinia-shkoder.org\/wp-content\/uploads\/2025\/05\/Imami-shqiptar-i-Shtutgartit-Kjo-fe-nuk-perhapet-me-dhune-5-150x150.jpg\" class=\"attachment-thumbnail size-thumbnail\" alt=\"\" aria-describedby=\"gallery-1-18045\" \/><\/a>\n\t\t\t<\/div>\n\t\t\t\t<figcaption class='wp-caption-text gallery-caption' id='gallery-1-18045'>\n\t\t\t\tImami shqiptar i Shtutgartit \u201cKjo f\u00e9 nuk p\u00ebrhapet me dhun\u00eb!\u201d\n\t\t\t\t<\/figcaption><\/figure><figure class='gallery-item'>\n\t\t\t<div class='gallery-icon landscape'>\n\t\t\t\t<a href='https:\/\/myftinia-shkoder.org\/?attachment_id=18044'><img loading=\"lazy\" decoding=\"async\" width=\"150\" height=\"150\" src=\"https:\/\/myftinia-shkoder.org\/wp-content\/uploads\/2025\/05\/Imami-shqiptar-i-Shtutgartit-Kjo-fe-nuk-perhapet-me-dhune-4-150x150.jpg\" class=\"attachment-thumbnail size-thumbnail\" alt=\"\" aria-describedby=\"gallery-1-18044\" \/><\/a>\n\t\t\t<\/div>\n\t\t\t\t<figcaption class='wp-caption-text gallery-caption' id='gallery-1-18044'>\n\t\t\t\tImami shqiptar i Shtutgartit \u201cKjo f\u00e9 nuk p\u00ebrhapet me dhun\u00eb!\u201d\n\t\t\t\t<\/figcaption><\/figure><figure class='gallery-item'>\n\t\t\t<div class='gallery-icon landscape'>\n\t\t\t\t<a href='https:\/\/myftinia-shkoder.org\/?attachment_id=18043'><img loading=\"lazy\" decoding=\"async\" width=\"150\" height=\"150\" src=\"https:\/\/myftinia-shkoder.org\/wp-content\/uploads\/2025\/05\/Imami-shqiptar-i-Shtutgartit-Kjo-fe-nuk-perhapet-me-dhune-3-150x150.jpg\" class=\"attachment-thumbnail size-thumbnail\" alt=\"\" aria-describedby=\"gallery-1-18043\" \/><\/a>\n\t\t\t<\/div>\n\t\t\t\t<figcaption class='wp-caption-text gallery-caption' id='gallery-1-18043'>\n\t\t\t\tImami shqiptar i Shtutgartit \u201cKjo f\u00e9 nuk p\u00ebrhapet me dhun\u00eb!\u201d\n\t\t\t\t<\/figcaption><\/figure><figure class='gallery-item'>\n\t\t\t<div class='gallery-icon landscape'>\n\t\t\t\t<a href='https:\/\/myftinia-shkoder.org\/?attachment_id=18042'><img loading=\"lazy\" decoding=\"async\" width=\"150\" height=\"150\" src=\"https:\/\/myftinia-shkoder.org\/wp-content\/uploads\/2025\/05\/Imami-shqiptar-i-Shtutgartit-Kjo-fe-nuk-perhapet-me-dhune-2-150x150.jpg\" class=\"attachment-thumbnail size-thumbnail\" alt=\"\" aria-describedby=\"gallery-1-18042\" \/><\/a>\n\t\t\t<\/div>\n\t\t\t\t<figcaption class='wp-caption-text gallery-caption' id='gallery-1-18042'>\n\t\t\t\tImami shqiptar i Shtutgartit \u201cKjo f\u00e9 nuk p\u00ebrhapet me dhun\u00eb!\u201d\n\t\t\t\t<\/figcaption><\/figure><figure class='gallery-item'>\n\t\t\t<div class='gallery-icon landscape'>\n\t\t\t\t<a href='https:\/\/myftinia-shkoder.org\/?attachment_id=18041'><img loading=\"lazy\" decoding=\"async\" width=\"150\" height=\"150\" src=\"https:\/\/myftinia-shkoder.org\/wp-content\/uploads\/2025\/05\/Imami-shqiptar-i-Shtutgartit-Kjo-fe-nuk-perhapet-me-dhune-1-150x150.jpg\" class=\"attachment-thumbnail size-thumbnail\" alt=\"\" aria-describedby=\"gallery-1-18041\" \/><\/a>\n\t\t\t<\/div>\n\t\t\t\t<figcaption class='wp-caption-text gallery-caption' id='gallery-1-18041'>\n\t\t\t\tImami shqiptar i Shtutgartit \u201cKjo f\u00e9 nuk p\u00ebrhapet me dhun\u00eb!\u201d\n\t\t\t\t<\/figcaption><\/figure>\n\t\t<\/div>\n\n","protected":false},"excerpt":{"rendered":"<div class=\"mh-excerpt\"><p>Imami shqiptar i Shtutgartit: \u201cKjo f\u00e9 nuk p\u00ebrhapet me dhun\u00eb!\u201d N\u00eb kuad\u00ebr t\u00eb aktiviteteve t\u00eb larmishme, q\u00eb Myftinia Shkod\u00ebr po realizon n\u00eb atmosfer\u00ebn e begat\u00eb t\u00eb 35 vjetorit t\u00eb rim\u00ebk\u00ebmbjes s\u00eb Thirrjes Islame n\u00eb qytetin <a class=\"mh-excerpt-more\" href=\"https:\/\/myftinia-shkoder.org\/?p=18040\" title=\"Imami shqiptar i Shtutgartit: \u201cKjo f\u00e9 nuk p\u00ebrhapet me dhun\u00eb!\u201d\">[&#8230;]<\/a><\/p>\n<\/div>","protected":false},"author":1,"featured_media":18043,"comment_status":"closed","ping_status":"closed","sticky":false,"template":"","format":"standard","meta":{"footnotes":""},"categories":[5],"tags":[],"class_list":["post-18040","post","type-post","status-publish","format-standard","has-post-thumbnail","hentry","category-hytbe"],"_links":{"self":[{"href":"https:\/\/myftinia-shkoder.org\/index.php?rest_route=\/wp\/v2\/posts\/18040","targetHints":{"allow":["GET"]}}],"collection":[{"href":"https:\/\/myftinia-shkoder.org\/index.php?rest_route=\/wp\/v2\/posts"}],"about":[{"href":"https:\/\/myftinia-shkoder.org\/index.php?rest_route=\/wp\/v2\/types\/post"}],"author":[{"embeddable":true,"href":"https:\/\/myftinia-shkoder.org\/index.php?rest_route=\/wp\/v2\/users\/1"}],"replies":[{"embeddable":true,"href":"https:\/\/myftinia-shkoder.org\/index.php?rest_route=%2Fwp%2Fv2%2Fcomments&post=18040"}],"version-history":[{"count":3,"href":"https:\/\/myftinia-shkoder.org\/index.php?rest_route=\/wp\/v2\/posts\/18040\/revisions"}],"predecessor-version":[{"id":18050,"href":"https:\/\/myftinia-shkoder.org\/index.php?rest_route=\/wp\/v2\/posts\/18040\/revisions\/18050"}],"wp:featuredmedia":[{"embeddable":true,"href":"https:\/\/myftinia-shkoder.org\/index.php?rest_route=\/wp\/v2\/media\/18043"}],"wp:attachment":[{"href":"https:\/\/myftinia-shkoder.org\/index.php?rest_route=%2Fwp%2Fv2%2Fmedia&parent=18040"}],"wp:term":[{"taxonomy":"category","embeddable":true,"href":"https:\/\/myftinia-shkoder.org\/index.php?rest_route=%2Fwp%2Fv2%2Fcategories&post=18040"},{"taxonomy":"post_tag","embeddable":true,"href":"https:\/\/myftinia-shkoder.org\/index.php?rest_route=%2Fwp%2Fv2%2Ftags&post=18040"}],"curies":[{"name":"wp","href":"https:\/\/api.w.org\/{rel}","templated":true}]}}