{"id":1873,"date":"2017-02-05T21:33:28","date_gmt":"2017-02-05T21:33:28","guid":{"rendered":"http:\/\/myftinia-shkoder.org\/?p=1873"},"modified":"2017-02-08T07:31:38","modified_gmt":"2017-02-08T07:31:38","slug":"zvicer-myftiu-i-shkodres-ligjeroi-ne-20-vjetorin-e-xhamise-mergimi","status":"publish","type":"post","link":"https:\/\/myftinia-shkoder.org\/?p=1873","title":{"rendered":"Zvic\u00ebr, Myftiu i Shkodr\u00ebs ligj\u00ebroi n\u00eb 20 vjetorin e xhamis\u00eb \u201cM\u00ebrgimi\u201d"},"content":{"rendered":"<p>&nbsp;<\/p>\n<p style=\"text-align: justify;\">Dit\u00ebn e shtun\u00eb, m\u00eb 4 shkurt 2017, me ftes\u00eb nga Bashk\u00ebsia Islame Shqiptare \u201cM\u00ebrgimi\u201d, Myftiu i Shkodr\u00ebs, Imam Muhamed B. Sytari, mori pjes\u00eb n\u00eb ceremonin\u00eb jubilare t\u00eb 20 vjetorit t\u00eb xhamis\u00eb shqiptare n\u00eb Affoltern am Albis, Zvic\u00ebr.<\/p>\n<p style=\"text-align: justify;\">I ftuar special i k\u00ebtij aktiviteti, Myftiu ligj\u00ebroi mbi rolin e xhamis\u00eb n\u00eb nd\u00ebrtimin e personalitetit t\u00eb muslimanit dhe nd\u00ebrtimit t\u00eb urave t\u00eb komunikimit dhe harmonis\u00eb komunitare. N\u00eb ligj\u00ebrat\u00ebn e tij, Myftiu theksoi: \u201cP\u00ebrsh\u00ebndes me zem\u00ebr 20 vjetorin e xhamis\u00eb \u201cM\u00ebrgimi\u201d, k\u00ebtu n\u00eb Affoltern am Albis t\u00eb Zyrihut; nj\u00eb arritje e madhe, nj\u00eb d\u00ebshmi besimi, qytetarie e besnik\u00ebrie e shqiptar\u00ebve t\u00eb mir\u00eb t\u00eb k\u00ebsaj zone, q\u00eb keni ruajtur me past\u00ebrti e sinqeritet t\u00eb madh element\u00ebt m\u00eb t\u00eb r\u00ebnd\u00ebsish\u00ebm t\u00eb dinjitetit tuaj njer\u00ebzor; besimin e shenjt\u00eb, gjuh\u00ebn e dashur, traditat e vyera komb\u00ebtare, harmonin\u00eb e shtrenjt\u00eb komunitare n\u00eb k\u00ebt\u00eb vend t\u00eb dashur, q\u00eb ju ka hapur krah\u00ebt e zemr\u00ebs, duke ju mir\u00ebpritur ju dhe familjet tuaja, duke ju krijuar mund\u00ebsi p\u00ebr pun\u00eb, jetes\u00eb e fitim hallalli.<\/p>\n<p style=\"text-align: justify;\">N\u00eb nj\u00eb m\u00ebnyr\u00eb a tjet\u00ebr, emri i xhamis\u00eb tuaj me realitetin e largimit tuaj nga vendlindja e shtrenjt\u00eb, m\u00eb ngjajn\u00eb me emigrimin e par\u00eb t\u00eb musliman\u00ebve t\u00eb Mek\u00ebs, t\u00eb cil\u00ebt, Resulull-llahu (a.s) i udh\u00ebzoi t\u00eb shkonin n\u00eb nj\u00eb vend, p\u00ebr t\u00eb cilin tha: \u201cAty \u00ebsht\u00eb nj\u00eb mbret, tek i cili, nuk i b\u00ebhet padrejt\u00ebsi njeriu!\u201d<\/p>\n<p style=\"text-align: justify;\">All-llahu i Madh\u00ebruar ju dhasht\u00eb mbar\u00ebsi dhe suksese, ju dhe familjeve tuaja fisnike, p\u00ebr t\u00eb jetuar n\u00eb harmoni t\u00eb plot\u00eb me qytetar\u00ebt e k\u00ebtij vendi dhe k\u00ebsaj toke, p\u00ebr t\u00eb respektuar dhe p\u00ebr t\u2019u respektuar, si shqiptar\u00eb t\u00eb mir\u00eb, si musliman\u00eb t\u00eb mir\u00eb, si njer\u00ebz plot dinjitet dhe fisnik\u00ebri!\u201d<\/p>\n<p style=\"text-align: justify;\">Gjat\u00eb k\u00ebsaj vizite, Myftiu zhvilloi takime t\u00eb ngrohta v\u00ebllaz\u00ebrore me personalitete t\u00eb njohura t\u00eb Thirrjes Islame n\u00eb mesin e shqiptar\u00ebve t\u00eb Zvicr\u00ebs, por edhe m\u00eb gjer\u00eb, sikurse fal\u00ebnderoi imamin e nderuar, Festim ef. Miftari p\u00ebr sh\u00ebrbimet e tij dhe aktivitetin e dobish\u00ebm n\u00eb xhamin\u00eb \u201cM\u00ebrgimi\u201d.<\/p>\n<p style=\"text-align: justify;\">Nd\u00ebrkoh\u00eb, t\u00eb diel\u00ebn, m\u00eb 5 shkurt 2017, Myftiu mbajti nj\u00eb ligj\u00ebrat\u00eb edhe n\u00eb xhamin\u00eb e madhe t\u00eb shqiptar\u00ebve n\u00eb Zyrih, ku hodhi drit\u00eb mbi r\u00ebnd\u00ebsin\u00eb e t\u00eb qenit t\u00eb p\u00ebrgjegjsh\u00ebm n\u00eb jet\u00eb, sikurse nxiti forcimin e vlerave t\u00eb v\u00ebllaz\u00ebris\u00eb dhe harmonis\u00eb n\u00eb mesin e shqiptar\u00ebve q\u00eb jetojn\u00eb n\u00eb Zvic\u00ebr dhe d\u00ebshmimine tyre si njer\u00ebz t\u00eb qytet\u00ebruar, t\u00eb dobish\u00ebm p\u00ebr shoq\u00ebrin\u00eb dhe nd\u00ebrtues.<\/p>\n<p style=\"text-align: justify;\">Dit\u00ebn e mart\u00eb, m\u00eb 7 shkurt 2017, gazeta vendase \u201cAnzeiger\u201d, botoi nj\u00eb kronik\u00eb t\u00eb zgjeruar t\u00eb ceremonis\u00eb jubilare t\u00eb 20 vjetorit t\u00eb xhamis\u00eb shqiptare \u201cM\u00ebrgimi\u201d, n\u00eb Affoltern am Albis.<\/p>\n<div id='gallery-1' class='gallery galleryid-1873 gallery-columns-4 gallery-size-thumbnail'><figure class='gallery-item'>\n\t\t\t<div class='gallery-icon portrait'>\n\t\t\t\t<a href='https:\/\/myftinia-shkoder.org\/?attachment_id=1884'><img loading=\"lazy\" decoding=\"async\" width=\"150\" height=\"150\" src=\"https:\/\/myftinia-shkoder.org\/wp-content\/uploads\/2017\/02\/IMG_7972-150x150.jpg\" class=\"attachment-thumbnail size-thumbnail\" alt=\"\" \/><\/a>\n\t\t\t<\/div><\/figure><figure class='gallery-item'>\n\t\t\t<div class='gallery-icon landscape'>\n\t\t\t\t<a href='https:\/\/myftinia-shkoder.org\/?attachment_id=1883'><img loading=\"lazy\" decoding=\"async\" width=\"150\" height=\"150\" src=\"https:\/\/myftinia-shkoder.org\/wp-content\/uploads\/2017\/02\/IMG_7977-150x150.jpg\" class=\"attachment-thumbnail size-thumbnail\" alt=\"\" \/><\/a>\n\t\t\t<\/div><\/figure><figure class='gallery-item'>\n\t\t\t<div class='gallery-icon landscape'>\n\t\t\t\t<a href='https:\/\/myftinia-shkoder.org\/?attachment_id=1882'><img loading=\"lazy\" decoding=\"async\" width=\"150\" height=\"150\" src=\"https:\/\/myftinia-shkoder.org\/wp-content\/uploads\/2017\/02\/IMG_7978-150x150.jpg\" class=\"attachment-thumbnail size-thumbnail\" alt=\"\" \/><\/a>\n\t\t\t<\/div><\/figure><figure class='gallery-item'>\n\t\t\t<div class='gallery-icon landscape'>\n\t\t\t\t<a href='https:\/\/myftinia-shkoder.org\/?attachment_id=1881'><img loading=\"lazy\" decoding=\"async\" width=\"150\" height=\"150\" src=\"https:\/\/myftinia-shkoder.org\/wp-content\/uploads\/2017\/02\/IMG_7983-150x150.jpg\" class=\"attachment-thumbnail size-thumbnail\" alt=\"\" \/><\/a>\n\t\t\t<\/div><\/figure><figure class='gallery-item'>\n\t\t\t<div class='gallery-icon landscape'>\n\t\t\t\t<a href='https:\/\/myftinia-shkoder.org\/?attachment_id=1880'><img loading=\"lazy\" decoding=\"async\" width=\"150\" height=\"150\" src=\"https:\/\/myftinia-shkoder.org\/wp-content\/uploads\/2017\/02\/IMG_7987-150x150.jpg\" class=\"attachment-thumbnail size-thumbnail\" alt=\"\" \/><\/a>\n\t\t\t<\/div><\/figure><figure class='gallery-item'>\n\t\t\t<div class='gallery-icon landscape'>\n\t\t\t\t<a href='https:\/\/myftinia-shkoder.org\/?attachment_id=1879'><img loading=\"lazy\" decoding=\"async\" width=\"150\" height=\"150\" src=\"https:\/\/myftinia-shkoder.org\/wp-content\/uploads\/2017\/02\/IMG_7984-150x150.jpg\" class=\"attachment-thumbnail size-thumbnail\" alt=\"\" \/><\/a>\n\t\t\t<\/div><\/figure><figure class='gallery-item'>\n\t\t\t<div class='gallery-icon landscape'>\n\t\t\t\t<a href='https:\/\/myftinia-shkoder.org\/?attachment_id=1878'><img loading=\"lazy\" decoding=\"async\" width=\"150\" height=\"150\" src=\"https:\/\/myftinia-shkoder.org\/wp-content\/uploads\/2017\/02\/IMG_7974-150x150.jpg\" class=\"attachment-thumbnail size-thumbnail\" alt=\"\" \/><\/a>\n\t\t\t<\/div><\/figure><figure class='gallery-item'>\n\t\t\t<div class='gallery-icon landscape'>\n\t\t\t\t<a href='https:\/\/myftinia-shkoder.org\/?attachment_id=1877'><img loading=\"lazy\" decoding=\"async\" width=\"150\" height=\"150\" src=\"https:\/\/myftinia-shkoder.org\/wp-content\/uploads\/2017\/02\/IMG_7975-150x150.jpg\" class=\"attachment-thumbnail size-thumbnail\" alt=\"\" \/><\/a>\n\t\t\t<\/div><\/figure><figure class='gallery-item'>\n\t\t\t<div class='gallery-icon landscape'>\n\t\t\t\t<a href='https:\/\/myftinia-shkoder.org\/?attachment_id=1876'><img loading=\"lazy\" decoding=\"async\" width=\"150\" height=\"150\" src=\"https:\/\/myftinia-shkoder.org\/wp-content\/uploads\/2017\/02\/IMG_7979-150x150.jpg\" class=\"attachment-thumbnail size-thumbnail\" alt=\"\" \/><\/a>\n\t\t\t<\/div><\/figure><figure class='gallery-item'>\n\t\t\t<div class='gallery-icon landscape'>\n\t\t\t\t<a href='https:\/\/myftinia-shkoder.org\/?attachment_id=1875'><img loading=\"lazy\" decoding=\"async\" width=\"150\" height=\"150\" src=\"https:\/\/myftinia-shkoder.org\/wp-content\/uploads\/2017\/02\/IMG_7985-150x150.jpg\" class=\"attachment-thumbnail size-thumbnail\" alt=\"\" \/><\/a>\n\t\t\t<\/div><\/figure><figure class='gallery-item'>\n\t\t\t<div class='gallery-icon landscape'>\n\t\t\t\t<a href='https:\/\/myftinia-shkoder.org\/?attachment_id=1874'><img loading=\"lazy\" decoding=\"async\" width=\"150\" height=\"150\" src=\"https:\/\/myftinia-shkoder.org\/wp-content\/uploads\/2017\/02\/IMG_7986-150x150.jpg\" class=\"attachment-thumbnail size-thumbnail\" alt=\"\" \/><\/a>\n\t\t\t<\/div><\/figure><figure class='gallery-item'>\n\t\t\t<div class='gallery-icon landscape'>\n\t\t\t\t<a href='https:\/\/myftinia-shkoder.org\/?attachment_id=1890'><img loading=\"lazy\" decoding=\"async\" width=\"150\" height=\"150\" src=\"https:\/\/myftinia-shkoder.org\/wp-content\/uploads\/2017\/02\/zvicer-myftiu-shkurt2017-1-150x150.jpg\" class=\"attachment-thumbnail size-thumbnail\" alt=\"\" \/><\/a>\n\t\t\t<\/div><\/figure><figure class='gallery-item'>\n\t\t\t<div class='gallery-icon portrait'>\n\t\t\t\t<a href='https:\/\/myftinia-shkoder.org\/?attachment_id=1891'><img loading=\"lazy\" decoding=\"async\" width=\"150\" height=\"150\" src=\"https:\/\/myftinia-shkoder.org\/wp-content\/uploads\/2017\/02\/zvicer-myftiu-shkurt2017-2-150x150.jpg\" class=\"attachment-thumbnail size-thumbnail\" alt=\"\" \/><\/a>\n\t\t\t<\/div><\/figure><figure class='gallery-item'>\n\t\t\t<div class='gallery-icon landscape'>\n\t\t\t\t<a href='https:\/\/myftinia-shkoder.org\/?attachment_id=1888'><img loading=\"lazy\" decoding=\"async\" width=\"150\" height=\"150\" src=\"https:\/\/myftinia-shkoder.org\/wp-content\/uploads\/2017\/02\/zvicer-imam-muhamed-sytari-150x150.jpg\" class=\"attachment-thumbnail size-thumbnail\" alt=\"\" \/><\/a>\n\t\t\t<\/div><\/figure>\n\t\t<\/div>\n\n","protected":false},"excerpt":{"rendered":"<div class=\"mh-excerpt\"><p>&nbsp; Dit\u00ebn e shtun\u00eb, m\u00eb 4 shkurt 2017, me ftes\u00eb nga Bashk\u00ebsia Islame Shqiptare \u201cM\u00ebrgimi\u201d, Myftiu i Shkodr\u00ebs, Imam Muhamed B. Sytari, mori pjes\u00eb n\u00eb ceremonin\u00eb jubilare t\u00eb 20 vjetorit t\u00eb xhamis\u00eb shqiptare n\u00eb Affoltern <a class=\"mh-excerpt-more\" href=\"https:\/\/myftinia-shkoder.org\/?p=1873\" title=\"Zvic\u00ebr, Myftiu i Shkodr\u00ebs ligj\u00ebroi n\u00eb 20 vjetorin e xhamis\u00eb \u201cM\u00ebrgimi\u201d\">[&#8230;]<\/a><\/p>\n<\/div>","protected":false},"author":1,"featured_media":1888,"comment_status":"closed","ping_status":"closed","sticky":false,"template":"","format":"standard","meta":{"footnotes":""},"categories":[13],"tags":[],"class_list":["post-1873","post","type-post","status-publish","format-standard","has-post-thumbnail","hentry","category-aktualitet"],"_links":{"self":[{"href":"https:\/\/myftinia-shkoder.org\/index.php?rest_route=\/wp\/v2\/posts\/1873","targetHints":{"allow":["GET"]}}],"collection":[{"href":"https:\/\/myftinia-shkoder.org\/index.php?rest_route=\/wp\/v2\/posts"}],"about":[{"href":"https:\/\/myftinia-shkoder.org\/index.php?rest_route=\/wp\/v2\/types\/post"}],"author":[{"embeddable":true,"href":"https:\/\/myftinia-shkoder.org\/index.php?rest_route=\/wp\/v2\/users\/1"}],"replies":[{"embeddable":true,"href":"https:\/\/myftinia-shkoder.org\/index.php?rest_route=%2Fwp%2Fv2%2Fcomments&post=1873"}],"version-history":[{"count":4,"href":"https:\/\/myftinia-shkoder.org\/index.php?rest_route=\/wp\/v2\/posts\/1873\/revisions"}],"predecessor-version":[{"id":1892,"href":"https:\/\/myftinia-shkoder.org\/index.php?rest_route=\/wp\/v2\/posts\/1873\/revisions\/1892"}],"wp:featuredmedia":[{"embeddable":true,"href":"https:\/\/myftinia-shkoder.org\/index.php?rest_route=\/wp\/v2\/media\/1888"}],"wp:attachment":[{"href":"https:\/\/myftinia-shkoder.org\/index.php?rest_route=%2Fwp%2Fv2%2Fmedia&parent=1873"}],"wp:term":[{"taxonomy":"category","embeddable":true,"href":"https:\/\/myftinia-shkoder.org\/index.php?rest_route=%2Fwp%2Fv2%2Fcategories&post=1873"},{"taxonomy":"post_tag","embeddable":true,"href":"https:\/\/myftinia-shkoder.org\/index.php?rest_route=%2Fwp%2Fv2%2Ftags&post=1873"}],"curies":[{"name":"wp","href":"https:\/\/api.w.org\/{rel}","templated":true}]}}