{"id":19079,"date":"2025-08-27T17:54:44","date_gmt":"2025-08-27T17:54:44","guid":{"rendered":"https:\/\/myftinia-shkoder.org\/?p=19079"},"modified":"2025-08-27T17:54:44","modified_gmt":"2025-08-27T17:54:44","slug":"imam-didmar-faja-viziton-myftinine-shkoder","status":"publish","type":"post","link":"https:\/\/myftinia-shkoder.org\/?p=19079","title":{"rendered":"Imam Didmar Faja viziton Myftinin\u00eb Shkod\u00ebr"},"content":{"rendered":"<p style=\"text-align: justify;\"><strong>Imam Didmar Faja viziton Myftinin\u00eb Shkod\u00ebr<\/strong><\/p>\n<p style=\"text-align: justify;\">Dit\u00ebn e m\u00ebrkur\u00eb, m\u00eb 27 gusht 2025, Myftiu i Shkodr\u00ebs, Imam Muhamed B. Sytari priti n\u00eb nj\u00eb takim t\u00eb p\u00ebrzem\u00ebrt t\u00eb nderuarin Imam Didmar Faja, Kryetarin e K\u00ebshillit t\u00eb Imam\u00ebve t\u00eb Arizon\u00ebs, nj\u00ebkoh\u00ebsisht Kryetar i Komunitetit Mysliman Shqiptar t\u00eb Arizon\u00ebs dhe Imam e drejtues i United Islamic Center of Arizona, i cili ndodhet p\u00ebr nj\u00eb vizit\u00eb disa ditore n\u00eb vendlindje.<\/p>\n<p style=\"text-align: justify;\">Gjat\u00eb bashk\u00ebbisedimit v\u00ebllaz\u00ebror u ndan\u00eb mendime dhe ide t\u00eb ndryshme q\u00eb lidhen me jet\u00ebn fetare n\u00eb Shkod\u00ebr, p\u00ebr zhvillimin e aktivitetit t\u00eb Thirrjes Islame n\u00eb Shkod\u00ebr, si dhe rrug\u00ebt e shfryt\u00ebzimit t\u00eb rrjeteve sociale dhe medias p\u00ebr p\u00ebrhapjen e m\u00ebtejshme t\u00eb mesazheve dhe vlerave islame p\u00ebr mas\u00ebn.<\/p>\n<p style=\"text-align: justify;\">Gjat\u00eb k\u00ebtij takimi, Myftiu i Shkodr\u00ebs, lajm\u00ebroi t\u00eb nderuarin imam Ditmar Faja p\u00ebr aktivitetet e larmishme q\u00eb po zhvillon Myftinia Shkod\u00ebr gjat\u00eb k\u00ebtij viti jubilar, i cili \u00ebsht\u00eb i 35-i i rim\u00ebk\u00ebmbjes islame pas periudh\u00ebs s\u00eb err\u00ebt komuniste, q\u00eb e privoi Shkodr\u00ebn dhe mbar\u00eb Shqip\u00ebrin\u00eb p\u00ebr lirin\u00eb fetare.<\/p>\n<p style=\"text-align: justify;\">N\u00eb k\u00ebt\u00eb kontekst Myftiu i Shkodr\u00ebs e ftoi t\u00eb nderuarin Imam Didmar Faja, q\u00eb t\u00eb ket\u00eb nj\u00eb bashk\u00ebbisedim me nj\u00eb grup imam\u00ebsh si dhe t\u00eb mbaj\u00eb hytben e xhumas\u00eb n\u00eb xhamin\u00eb e Plumbit.<\/p>\n<p style=\"text-align: justify;\">Bashk\u00ebbisedimi i ngroht\u00eb dhe v\u00ebllaz\u00ebror vijoi rreth tematikave me interesa t\u00eb p\u00ebrbashk\u00ebta.<\/p>\n<div id='gallery-1' class='gallery galleryid-19079 gallery-columns-2 gallery-size-thumbnail'><figure class='gallery-item'>\n\t\t\t<div class='gallery-icon landscape'>\n\t\t\t\t<a href='https:\/\/myftinia-shkoder.org\/?attachment_id=19081'><img loading=\"lazy\" decoding=\"async\" width=\"150\" height=\"150\" src=\"https:\/\/myftinia-shkoder.org\/wp-content\/uploads\/2025\/08\/Imam-Didmar-Faja-viziton-Myftinine-Shkoder-1-150x150.jpg\" class=\"attachment-thumbnail size-thumbnail\" alt=\"\" aria-describedby=\"gallery-1-19081\" \/><\/a>\n\t\t\t<\/div>\n\t\t\t\t<figcaption class='wp-caption-text gallery-caption' id='gallery-1-19081'>\n\t\t\t\tImam Didmar Faja viziton Myftinin\u00eb Shkod\u00ebr\n\t\t\t\t<\/figcaption><\/figure><figure class='gallery-item'>\n\t\t\t<div class='gallery-icon landscape'>\n\t\t\t\t<a href='https:\/\/myftinia-shkoder.org\/?attachment_id=19080'><img loading=\"lazy\" decoding=\"async\" width=\"150\" height=\"150\" src=\"https:\/\/myftinia-shkoder.org\/wp-content\/uploads\/2025\/08\/Imam-Didmar-Faja-viziton-Myftinine-Shkoder-2-150x150.jpg\" class=\"attachment-thumbnail size-thumbnail\" alt=\"\" aria-describedby=\"gallery-1-19080\" \/><\/a>\n\t\t\t<\/div>\n\t\t\t\t<figcaption class='wp-caption-text gallery-caption' id='gallery-1-19080'>\n\t\t\t\tImam Didmar Faja viziton Myftinin\u00eb Shkod\u00ebr\n\t\t\t\t<\/figcaption><\/figure>\n\t\t<\/div>\n\n","protected":false},"excerpt":{"rendered":"<div class=\"mh-excerpt\"><p>Imam Didmar Faja viziton Myftinin\u00eb Shkod\u00ebr Dit\u00ebn e m\u00ebrkur\u00eb, m\u00eb 27 gusht 2025, Myftiu i Shkodr\u00ebs, Imam Muhamed B. Sytari priti n\u00eb nj\u00eb takim t\u00eb p\u00ebrzem\u00ebrt t\u00eb nderuarin Imam Didmar Faja, Kryetarin e K\u00ebshillit t\u00eb <a class=\"mh-excerpt-more\" href=\"https:\/\/myftinia-shkoder.org\/?p=19079\" title=\"Imam Didmar Faja viziton Myftinin\u00eb Shkod\u00ebr\">[&#8230;]<\/a><\/p>\n<\/div>","protected":false},"author":1,"featured_media":19081,"comment_status":"closed","ping_status":"closed","sticky":false,"template":"","format":"standard","meta":{"footnotes":""},"categories":[2],"tags":[],"class_list":["post-19079","post","type-post","status-publish","format-standard","has-post-thumbnail","hentry","category-vizitore"],"_links":{"self":[{"href":"https:\/\/myftinia-shkoder.org\/index.php?rest_route=\/wp\/v2\/posts\/19079","targetHints":{"allow":["GET"]}}],"collection":[{"href":"https:\/\/myftinia-shkoder.org\/index.php?rest_route=\/wp\/v2\/posts"}],"about":[{"href":"https:\/\/myftinia-shkoder.org\/index.php?rest_route=\/wp\/v2\/types\/post"}],"author":[{"embeddable":true,"href":"https:\/\/myftinia-shkoder.org\/index.php?rest_route=\/wp\/v2\/users\/1"}],"replies":[{"embeddable":true,"href":"https:\/\/myftinia-shkoder.org\/index.php?rest_route=%2Fwp%2Fv2%2Fcomments&post=19079"}],"version-history":[{"count":1,"href":"https:\/\/myftinia-shkoder.org\/index.php?rest_route=\/wp\/v2\/posts\/19079\/revisions"}],"predecessor-version":[{"id":19082,"href":"https:\/\/myftinia-shkoder.org\/index.php?rest_route=\/wp\/v2\/posts\/19079\/revisions\/19082"}],"wp:featuredmedia":[{"embeddable":true,"href":"https:\/\/myftinia-shkoder.org\/index.php?rest_route=\/wp\/v2\/media\/19081"}],"wp:attachment":[{"href":"https:\/\/myftinia-shkoder.org\/index.php?rest_route=%2Fwp%2Fv2%2Fmedia&parent=19079"}],"wp:term":[{"taxonomy":"category","embeddable":true,"href":"https:\/\/myftinia-shkoder.org\/index.php?rest_route=%2Fwp%2Fv2%2Fcategories&post=19079"},{"taxonomy":"post_tag","embeddable":true,"href":"https:\/\/myftinia-shkoder.org\/index.php?rest_route=%2Fwp%2Fv2%2Ftags&post=19079"}],"curies":[{"name":"wp","href":"https:\/\/api.w.org\/{rel}","templated":true}]}}