{"id":19155,"date":"2025-09-04T16:00:43","date_gmt":"2025-09-04T16:00:43","guid":{"rendered":"https:\/\/myftinia-shkoder.org\/?p=19155"},"modified":"2025-09-04T16:00:43","modified_gmt":"2025-09-04T16:00:43","slug":"takim-pune-me-imamet-e-zones-administrative-postribe","status":"publish","type":"post","link":"https:\/\/myftinia-shkoder.org\/?p=19155","title":{"rendered":"Takim pune me imam\u00ebt e Zon\u00ebs Administrative Postrib\u00eb"},"content":{"rendered":"<p style=\"text-align: justify;\"><strong>Takim pune me imam\u00ebt e Zon\u00ebs Administrative Postrib\u00eb<\/strong><\/p>\n<p style=\"text-align: justify;\">Paradit\u00ebn e s\u00eb enjtes, m\u00eb 4 shtator 2025, Myftiu i Shkodr\u00ebs, Imam Muhamed B. Sytari, zhvilloi nj\u00eb takim pune me imam\u00ebt e xhamive: Boks, Drago\u00e7, Mes-Myselim, Dom\u00ebn, Kalaja e Drishtit, Kullaj, Omaraj dhe Milan-Rrasek, me t\u00eb cil\u00ebt diskutoi rreth aktivitetit fetar n\u00eb zon\u00ebn e Postrib\u00ebs dhe zhvillimin e jet\u00ebs\u00a0fetare\u00a0n\u00eb\u00a0t\u00eb.<\/p>\n<p style=\"text-align: justify;\">Gjat\u00eb k\u00ebtij takimi u diskutua rreth frekuentimit t\u00eb xhamive dhe problematik\u00ebs s\u00eb ndalimit t\u00eb nx\u00ebn\u00ebsve t\u00eb shkollave p\u00ebr t\u00eb marr\u00eb pjes\u00eb n\u00eb faljen e namazit\u00a0t\u00eb\u00a0xhumas\u00eb.<\/p>\n<p style=\"text-align: justify;\">N\u00eb k\u00ebt\u00eb kontekst, Myftiu solli n\u00eb v\u00ebmendje t\u00eb imam\u00ebve t\u00eb nderuar iden\u00eb e ardhur n\u00eb Myftinin\u00eb e Shkodr\u00ebs p\u00ebr marrjen n\u00eb shfryt\u00ebzim t\u00eb nj\u00eb ambienti n\u00eb qend\u00ebr t\u00eb Ur\u00ebs s\u00eb Mesit, q\u00eb do t\u00eb sh\u00ebrbej\u00eb si vend faljeje p\u00ebr nx\u00ebn\u00ebsit dhe punonj\u00ebsit e administrat\u00ebs dhe jo vet\u00ebm, prej v\u00ebllez\u00ebrve q\u00eb e kan\u00eb t\u00eb pamundur prezantimin n\u00eb xhami p\u00ebr namazin e xhumas\u00eb n\u00eb\u00a0orarin\u00a0zyrtar.<\/p>\n<p style=\"text-align: justify;\">Poashtu u diskutua rreth punimeve q\u00eb po b\u00ebhen n\u00eb xhamin\u00eb e Drishtit, nevoj\u00ebn q\u00eb ka xhamia e Omarajve p\u00ebr nd\u00ebrtimin e minares\u00eb, nevojat e xhamis\u00eb s\u00eb Domnit, gjendjen aktuale t\u00eb xhamis\u00eb s\u00eb kalas\u00eb s\u00eb Drishtit, aktivitetet e xhamis\u00eb n\u00eb Mes-Myselim, problematik\u00ebn e faturave abuzive t\u00eb ujit n\u00eb xhamin\u00eb\u00a0e\u00a0Drago\u00e7it,\u00a0etj.<\/p>\n<p style=\"text-align: justify;\">U dhan\u00eb udh\u00ebzime p\u00ebr ruajtjen e frym\u00ebs s\u00eb v\u00ebllaz\u00ebris\u00eb islame, sikurse u mir\u00ebprit k\u00ebrkesa p\u00ebr qarkullimin e imam\u00ebve t\u00eb zon\u00ebs n\u00eb\u00a0xhamit\u00eb\u00a0e\u00a0saj.<\/p>\n<div id='gallery-1' class='gallery galleryid-19155 gallery-columns-4 gallery-size-thumbnail'><figure class='gallery-item'>\n\t\t\t<div class='gallery-icon landscape'>\n\t\t\t\t<a href='https:\/\/myftinia-shkoder.org\/?attachment_id=19159'><img loading=\"lazy\" decoding=\"async\" width=\"150\" height=\"150\" src=\"https:\/\/myftinia-shkoder.org\/wp-content\/uploads\/2025\/09\/Takim-pune-me-imamet-e-Zones-Administrative-Postribe-4-150x150.jpg\" class=\"attachment-thumbnail size-thumbnail\" alt=\"\" aria-describedby=\"gallery-1-19159\" \/><\/a>\n\t\t\t<\/div>\n\t\t\t\t<figcaption class='wp-caption-text gallery-caption' id='gallery-1-19159'>\n\t\t\t\tTakim pune me imam\u00ebt e Zon\u00ebs Administrative Postrib\u00eb\n\t\t\t\t<\/figcaption><\/figure><figure class='gallery-item'>\n\t\t\t<div class='gallery-icon landscape'>\n\t\t\t\t<a href='https:\/\/myftinia-shkoder.org\/?attachment_id=19158'><img loading=\"lazy\" decoding=\"async\" width=\"150\" height=\"150\" src=\"https:\/\/myftinia-shkoder.org\/wp-content\/uploads\/2025\/09\/Takim-pune-me-imamet-e-Zones-Administrative-Postribe-3-150x150.jpg\" class=\"attachment-thumbnail size-thumbnail\" alt=\"\" aria-describedby=\"gallery-1-19158\" \/><\/a>\n\t\t\t<\/div>\n\t\t\t\t<figcaption class='wp-caption-text gallery-caption' id='gallery-1-19158'>\n\t\t\t\tTakim pune me imam\u00ebt e Zon\u00ebs Administrative Postrib\u00eb\n\t\t\t\t<\/figcaption><\/figure><figure class='gallery-item'>\n\t\t\t<div class='gallery-icon landscape'>\n\t\t\t\t<a href='https:\/\/myftinia-shkoder.org\/?attachment_id=19157'><img loading=\"lazy\" decoding=\"async\" width=\"150\" height=\"150\" src=\"https:\/\/myftinia-shkoder.org\/wp-content\/uploads\/2025\/09\/Takim-pune-me-imamet-e-Zones-Administrative-Postribe-2-150x150.jpg\" class=\"attachment-thumbnail size-thumbnail\" alt=\"\" aria-describedby=\"gallery-1-19157\" \/><\/a>\n\t\t\t<\/div>\n\t\t\t\t<figcaption class='wp-caption-text gallery-caption' id='gallery-1-19157'>\n\t\t\t\tTakim pune me imam\u00ebt e Zon\u00ebs Administrative Postrib\u00eb\n\t\t\t\t<\/figcaption><\/figure><figure class='gallery-item'>\n\t\t\t<div class='gallery-icon landscape'>\n\t\t\t\t<a href='https:\/\/myftinia-shkoder.org\/?attachment_id=19156'><img loading=\"lazy\" decoding=\"async\" width=\"150\" height=\"150\" src=\"https:\/\/myftinia-shkoder.org\/wp-content\/uploads\/2025\/09\/Takim-pune-me-imamet-e-Zones-Administrative-Postribe-1-150x150.jpg\" class=\"attachment-thumbnail size-thumbnail\" alt=\"\" aria-describedby=\"gallery-1-19156\" \/><\/a>\n\t\t\t<\/div>\n\t\t\t\t<figcaption class='wp-caption-text gallery-caption' id='gallery-1-19156'>\n\t\t\t\tTakim pune me imam\u00ebt e Zon\u00ebs Administrative Postrib\u00eb\n\t\t\t\t<\/figcaption><\/figure>\n\t\t<\/div>\n\n","protected":false},"excerpt":{"rendered":"<div class=\"mh-excerpt\"><p>Takim pune me imam\u00ebt e Zon\u00ebs Administrative Postrib\u00eb Paradit\u00ebn e s\u00eb enjtes, m\u00eb 4 shtator 2025, Myftiu i Shkodr\u00ebs, Imam Muhamed B. Sytari, zhvilloi nj\u00eb takim pune me imam\u00ebt e xhamive: Boks, Drago\u00e7, Mes-Myselim, Dom\u00ebn, <a class=\"mh-excerpt-more\" href=\"https:\/\/myftinia-shkoder.org\/?p=19155\" title=\"Takim pune me imam\u00ebt e Zon\u00ebs Administrative Postrib\u00eb\">[&#8230;]<\/a><\/p>\n<\/div>","protected":false},"author":1,"featured_media":19158,"comment_status":"closed","ping_status":"closed","sticky":false,"template":"","format":"standard","meta":{"footnotes":""},"categories":[13],"tags":[],"class_list":["post-19155","post","type-post","status-publish","format-standard","has-post-thumbnail","hentry","category-aktualitet"],"_links":{"self":[{"href":"https:\/\/myftinia-shkoder.org\/index.php?rest_route=\/wp\/v2\/posts\/19155","targetHints":{"allow":["GET"]}}],"collection":[{"href":"https:\/\/myftinia-shkoder.org\/index.php?rest_route=\/wp\/v2\/posts"}],"about":[{"href":"https:\/\/myftinia-shkoder.org\/index.php?rest_route=\/wp\/v2\/types\/post"}],"author":[{"embeddable":true,"href":"https:\/\/myftinia-shkoder.org\/index.php?rest_route=\/wp\/v2\/users\/1"}],"replies":[{"embeddable":true,"href":"https:\/\/myftinia-shkoder.org\/index.php?rest_route=%2Fwp%2Fv2%2Fcomments&post=19155"}],"version-history":[{"count":1,"href":"https:\/\/myftinia-shkoder.org\/index.php?rest_route=\/wp\/v2\/posts\/19155\/revisions"}],"predecessor-version":[{"id":19160,"href":"https:\/\/myftinia-shkoder.org\/index.php?rest_route=\/wp\/v2\/posts\/19155\/revisions\/19160"}],"wp:featuredmedia":[{"embeddable":true,"href":"https:\/\/myftinia-shkoder.org\/index.php?rest_route=\/wp\/v2\/media\/19158"}],"wp:attachment":[{"href":"https:\/\/myftinia-shkoder.org\/index.php?rest_route=%2Fwp%2Fv2%2Fmedia&parent=19155"}],"wp:term":[{"taxonomy":"category","embeddable":true,"href":"https:\/\/myftinia-shkoder.org\/index.php?rest_route=%2Fwp%2Fv2%2Fcategories&post=19155"},{"taxonomy":"post_tag","embeddable":true,"href":"https:\/\/myftinia-shkoder.org\/index.php?rest_route=%2Fwp%2Fv2%2Ftags&post=19155"}],"curies":[{"name":"wp","href":"https:\/\/api.w.org\/{rel}","templated":true}]}}