{"id":19340,"date":"2025-10-04T13:03:12","date_gmt":"2025-10-04T13:03:12","guid":{"rendered":"https:\/\/myftinia-shkoder.org\/?p=19340"},"modified":"2025-10-04T13:03:12","modified_gmt":"2025-10-04T13:03:12","slug":"vakefi-i-fushe-celes-deshmi-e-bekimit-te-grabitjes-se-prones-legjitime","status":"publish","type":"post","link":"https:\/\/myftinia-shkoder.org\/?p=19340","title":{"rendered":"Vak\u00ebfi i Fush\u00eb \u00c7el\u00ebs, d\u00ebshmi e bekimit t\u00eb grabitjes s\u00eb pron\u00ebs legjitime!"},"content":{"rendered":"<p style=\"text-align: justify;\"><strong>Vak\u00ebfi i Fush\u00eb \u00c7el\u00ebs, d\u00ebshmi e bekimit t\u00eb grabitjes s\u00eb pron\u00ebs legjitime!<\/strong><\/p>\n<p style=\"text-align: justify;\">N\u00eb vazhd\u00ebn e informimit t\u00eb mas\u00ebs s\u00eb gjer\u00eb p\u00ebr zullumin e madh q\u00eb po b\u00ebhet tek vak\u00ebfi i Fush\u00eb \u00c7el\u00ebs, i cili \u00ebsht\u00eb grabitur n\u00eb m\u00ebnyr\u00eb flagrante dhe haku i Myftinis\u00eb Shkod\u00ebr, q\u00eb k\u00ebrkohet prej m\u00eb shum\u00eb se 30 vitesh, jo vet\u00ebm q\u00eb nuk \u00ebsht\u00eb kthyer, por i \u00ebsht\u00eb dh\u00ebn\u00eb padrejt\u00ebsisht dikujt tjet\u00ebr, mbi baz\u00ebn e letrave t\u00eb falsifikuara dhe t\u00eb padrejta!<\/p>\n<p style=\"text-align: justify;\">K\u00ebto dit\u00eb kan\u00eb nisur punimet p\u00ebr ngritjen e nj\u00eb objekti t\u00eb \u00e7uditsh\u00ebm n\u00eb zem\u00ebr t\u00eb Shkodr\u00ebs, n\u00eb nj\u00eb pron\u00eb t\u00eb njohur nga mbar\u00eb Shkodra si vak\u00ebfi i Fush\u00ebs s\u00eb \u00c7el\u00eb Zylyftarit, por q\u00eb paradoksalisht, i \u00ebsht\u00eb certifikuar padrejt\u00ebsisht jo t\u00eb zotit legjitim; Myftinis\u00eb Shkod\u00ebr\/Komunitetit Mysliman t\u00eb Shqip\u00ebris\u00eb.<\/p>\n<p style=\"text-align: justify;\">P\u00ebr k\u00ebt\u00eb \u00e7\u00ebshtje, Myftinia Shkod\u00ebr e ka ngritur z\u00ebrin n\u00eb vazhdim\u00ebsi, sikurse ka punuar sistematikisht me gjyqe e shkresa pa fund, p\u00ebr arritjen e t\u00eb drejt\u00ebs legjitime!<\/p>\n<p style=\"text-align: justify;\">B\u00ebjm\u00eb me dije se vak\u00ebfi i Fush\u00eb \u00c7el\u00ebs \u00ebsht\u00eb pjes\u00eb legjitime e hart\u00ebs s\u00eb gjer\u00eb t\u00eb vak\u00ebfeve t\u00eb Shkodr\u00ebs, p\u00ebr t\u00eb cil\u00ebn datojn\u00eb harta dhe dokumente t\u00eb shumta, t\u00eb cilat jan\u00eb paraqitur n\u00eb gjykata e institucione, ku besohet t\u00eb fitohet e drejta, por q\u00eb n\u00eb k\u00ebt\u00eb rast, e drejta e vak\u00ebfit \u00ebsht\u00eb tjet\u00ebrsuar dhe zhvatur barbarisht e n\u00eb m\u00ebnyr\u00eb primitive!<\/p>\n<p style=\"text-align: justify;\">Fatkeq\u00ebsia e madhe q\u00eb kaploi kombin shqiptar me periudh\u00ebn e err\u00ebt t\u00eb sistemit komunist b\u00ebri q\u00eb shkat\u00ebrrimi i xhamive dhe tjet\u00ebrsimi i pronave t\u00eb Komunitetit Mysliman t\u00eb Shqip\u00ebris\u00eb t\u00eb sjell\u00eb realitete t\u00eb pad\u00ebshiruara, me t\u00eb cilat vazhdojm\u00eb t\u00eb p\u00ebrballemi akoma edhe sot, edhe pse kan\u00eb kaluar 35 vite nga dita kur perdja e err\u00ebt e komunizmit u duk se kishte r\u00ebn\u00eb n\u00eb k\u00ebt\u00eb vend!?<\/p>\n<p style=\"text-align: justify;\">Dit\u00ebn e xhuma, m\u00eb 3 tetor 2025, n\u00ebp\u00ebrmjet ligj\u00ebrat\u00ebs s\u00eb p\u00ebrjavshme n\u00eb xhamin\u00eb e Parruc\u00ebs, Myftiu i Shkodr\u00ebs, Imam Muhamed B. Sytari vazhdoi t\u00eb t\u00ebrhiqte v\u00ebmendjen p\u00ebr abuzimin flagrant q\u00eb \u00ebsht\u00eb b\u00ebr\u00eb me vak\u00ebfet e Myftinis\u00eb Shkod\u00ebr n\u00eb p\u00ebrgjith\u00ebsi.<\/p>\n<p style=\"text-align: justify;\">Myftiu theksoi se: \u201cT\u00eb xhuman\u00eb e kaluar u ndal\u00ebm te fesadi i madh, me t\u00eb cilin p\u00ebrballemi te xhamia e madhe (Fush\u00eb \u00c7el\u00eb). N\u00eb fakt nuk \u00ebsht\u00eb vet\u00ebm xhamia \u201cEbu Bek\u00ebr\u201d, por shum\u00eb e shum\u00eb vak\u00ebfe t\u00eb Myftinis\u00eb ton\u00eb, e shum\u00eb e shum\u00eb prej xhamive t\u00eb Shkodr\u00ebs p\u00ebrballen n\u00eb k\u00ebto 35 vite me nj\u00eb fesad t\u00eb papranuesh\u00ebm!<\/p>\n<p style=\"text-align: justify;\">\u00cbsht\u00eb e \u00e7uditshme, sepse ne mendonim dhe besonim, t\u00eb hutuar, se\u00a0 me r\u00ebnien e perdes s\u00eb komunizmit ky vend do t\u00eb shp\u00ebtonte!<\/p>\n<p style=\"text-align: justify;\">Kaluan 35 vite dhe fesadi i pronave ngeli si nj\u00eb gozhd\u00eb e ndryshkur n\u00eb trupin e k\u00ebtij vendi, q\u00eb e duam dhe e kemi t\u00eb shtrenjt\u00eb!<\/p>\n<p style=\"text-align: justify;\">Kaluan 35 vite dhe n\u00eb vend q\u00eb sot t\u00eb ishim rehat n\u00eb xhamit\u00eb tona, t\u00eb certifikuara, t\u00eb kopsitura si\u00e7 duhet, vazhdojm\u00eb dhe e ngrejm\u00eb z\u00ebrin, shqet\u00ebsohemi e trazohemi dhe trazojm\u00eb edhe t\u00eb tjer\u00ebt, p\u00ebr nj\u00eb fesad shum\u00eb e shum\u00eb t\u00eb madh, me t\u00eb cilin ne p\u00ebrballemi dit\u00eb-nat\u00eb, dhe q\u00eb \u00e7udit\u00ebrisht dhe paradoksalisht nuk ka zgjidhje, e q\u00eb n\u00eb fakt zgjidhjen e ka shum\u00eb t\u00eb leht\u00eb, mir\u00ebpo pse nuk e gjen zgjidhjen, q\u00eb e ka shum\u00eb t\u00eb leht\u00eb?!<\/p>\n<p style=\"text-align: justify;\">Po flasim p\u00ebr nj\u00eb vjedhje dhe nj\u00eb grabitje flagrante t\u00eb vak\u00ebfit n\u00eb Fush\u00eb \u00c7el\u00eb; un\u00eb e kam me tok\u00ebn ton\u00eb q\u00eb padrejt\u00ebsisht nuk na \u00ebsht\u00eb kthyer, e kam me nj\u00eb tok\u00eb q\u00eb \u00ebsht\u00eb haku i musliman\u00ebve dhe hakun e musliman\u00ebve nuk b\u00ebn dhe nuk lejohet, as me fe e as me moral komb\u00ebtar, as me njer\u00ebzill\u00ebk dhe as me gj\u00eb tjet\u00ebr, q\u00eb ta g\u00ebzoj\u00eb i pamunduari; kjo nuk shkon,\u00a0 nuk pranohet dhe nuk tolerohet!\u201d \u2013 u shpreh Myftiu Sytari gjat\u00eb k\u00ebsaj ligj\u00ebrate.<\/p>\n<p style=\"text-align: justify;\">Myftinia Shkod\u00ebr vazhdon p\u00ebrballjen e saj legjitime me fenomenin e grabitjes s\u00eb tjet\u00ebrsimit t\u00eb vak\u00ebfeve, deri n\u00eb zgjidhjen e plot\u00eb t\u00eb k\u00ebtij problemi fam\u00ebkeq.<\/p>\n<p style=\"text-align: justify;\">Myftinia Shkod\u00ebr do t\u00eb vazhdoj\u00eb t\u00eb ndjek\u00eb t\u00eb gjitha rrug\u00ebt legjitime p\u00ebr mbrojtjen e hakut t\u00eb saj dhe mos tolerimin e k\u00ebtij krimi barbar me pron\u00ebn e shenjt\u00eb!<\/p>\n<p>Ligj\u00ebrat\u00ebn e plot\u00eb t\u00eb mbajtur nga Myftiu i Shkodr\u00ebs e gjeni n\u00eb linkun e m\u00ebposht\u00ebm:<\/p>\n<p><iframe loading=\"lazy\" title=\"Asnj\u00eb toleranc\u00eb p\u00ebr grabit\u00ebsit e vak\u00ebfeve!\" width=\"500\" height=\"281\" src=\"https:\/\/www.youtube.com\/embed\/qcHQlsj7mvM?start=255&#038;feature=oembed\" frameborder=\"0\" allow=\"accelerometer; autoplay; clipboard-write; encrypted-media; gyroscope; picture-in-picture; web-share\" referrerpolicy=\"strict-origin-when-cross-origin\" allowfullscreen><\/iframe><\/p>\n","protected":false},"excerpt":{"rendered":"<div class=\"mh-excerpt\"><p>Vak\u00ebfi i Fush\u00eb \u00c7el\u00ebs, d\u00ebshmi e bekimit t\u00eb grabitjes s\u00eb pron\u00ebs legjitime! N\u00eb vazhd\u00ebn e informimit t\u00eb mas\u00ebs s\u00eb gjer\u00eb p\u00ebr zullumin e madh q\u00eb po b\u00ebhet tek vak\u00ebfi i Fush\u00eb \u00c7el\u00ebs, i cili \u00ebsht\u00eb <a class=\"mh-excerpt-more\" href=\"https:\/\/myftinia-shkoder.org\/?p=19340\" title=\"Vak\u00ebfi i Fush\u00eb \u00c7el\u00ebs, d\u00ebshmi e bekimit t\u00eb grabitjes s\u00eb pron\u00ebs legjitime!\">[&#8230;]<\/a><\/p>\n<\/div>","protected":false},"author":1,"featured_media":19341,"comment_status":"closed","ping_status":"closed","sticky":false,"template":"","format":"standard","meta":{"footnotes":""},"categories":[4],"tags":[],"class_list":["post-19340","post","type-post","status-publish","format-standard","has-post-thumbnail","hentry","category-vakef"],"_links":{"self":[{"href":"https:\/\/myftinia-shkoder.org\/index.php?rest_route=\/wp\/v2\/posts\/19340","targetHints":{"allow":["GET"]}}],"collection":[{"href":"https:\/\/myftinia-shkoder.org\/index.php?rest_route=\/wp\/v2\/posts"}],"about":[{"href":"https:\/\/myftinia-shkoder.org\/index.php?rest_route=\/wp\/v2\/types\/post"}],"author":[{"embeddable":true,"href":"https:\/\/myftinia-shkoder.org\/index.php?rest_route=\/wp\/v2\/users\/1"}],"replies":[{"embeddable":true,"href":"https:\/\/myftinia-shkoder.org\/index.php?rest_route=%2Fwp%2Fv2%2Fcomments&post=19340"}],"version-history":[{"count":1,"href":"https:\/\/myftinia-shkoder.org\/index.php?rest_route=\/wp\/v2\/posts\/19340\/revisions"}],"predecessor-version":[{"id":19342,"href":"https:\/\/myftinia-shkoder.org\/index.php?rest_route=\/wp\/v2\/posts\/19340\/revisions\/19342"}],"wp:featuredmedia":[{"embeddable":true,"href":"https:\/\/myftinia-shkoder.org\/index.php?rest_route=\/wp\/v2\/media\/19341"}],"wp:attachment":[{"href":"https:\/\/myftinia-shkoder.org\/index.php?rest_route=%2Fwp%2Fv2%2Fmedia&parent=19340"}],"wp:term":[{"taxonomy":"category","embeddable":true,"href":"https:\/\/myftinia-shkoder.org\/index.php?rest_route=%2Fwp%2Fv2%2Fcategories&post=19340"},{"taxonomy":"post_tag","embeddable":true,"href":"https:\/\/myftinia-shkoder.org\/index.php?rest_route=%2Fwp%2Fv2%2Ftags&post=19340"}],"curies":[{"name":"wp","href":"https:\/\/api.w.org\/{rel}","templated":true}]}}