{"id":19411,"date":"2025-10-14T09:02:08","date_gmt":"2025-10-14T09:02:08","guid":{"rendered":"https:\/\/myftinia-shkoder.org\/?p=19411"},"modified":"2025-10-14T09:02:08","modified_gmt":"2025-10-14T09:02:08","slug":"reagim-mbi-pronen-vakef-ne-shkoder-dhe-ndertimin-e-paligjshem-mbi-te","status":"publish","type":"post","link":"https:\/\/myftinia-shkoder.org\/?p=19411","title":{"rendered":"Reagim mbi pron\u00ebn vak\u00ebf n\u00eb Shkod\u00ebr dhe nd\u00ebrtimin e paligjsh\u00ebm mbi t\u00eb"},"content":{"rendered":"<p style=\"text-align: justify;\"><strong>Reagim mbi pron\u00ebn vak\u00ebf n\u00eb Shkod\u00ebr dhe nd\u00ebrtimin e paligjsh\u00ebm mbi t\u00eb<\/strong><\/p>\n<p style=\"text-align: justify;\">Komuniteti Mysliman i Shqip\u00ebris\u00eb shpreh indinjat\u00ebn dhe shqet\u00ebsimin e thell\u00eb p\u00ebr faktin se, pavar\u00ebsisht vendimeve t\u00eb form\u00ebs s\u00eb prer\u00eb t\u00eb gjykatave shqiptare, mbi nj\u00eb pron\u00eb vak\u00ebf n\u00eb qytetin e Shkodr\u00ebs ka nisur nd\u00ebrtimi i kull\u00ebs \u201cRozafa Tower\u201d.<\/p>\n<p style=\"text-align: justify;\">Ky veprim p\u00ebrb\u00ebn nj\u00eb shkelje t\u00eb hapur t\u00eb ligjit, nj\u00eb cenim t\u00eb t\u00eb drejt\u00ebs s\u00eb pron\u00ebsis\u00eb dhe nj\u00eb akt mosrespektimi ndaj institucioneve fetare dhe trash\u00ebgimis\u00eb vak\u00ebf.<\/p>\n<p style=\"text-align: justify;\">Prej m\u00eb shum\u00eb se tre dekadash, kjo pron\u00eb ka qen\u00eb objekt i nj\u00eb kalvari t\u00eb gjat\u00eb gjyq\u00ebsor dhe administrativ. N\u00eb vitin 1996, me vendimin nr. 1586 t\u00eb Komisionit t\u00eb Kthimit dhe Kompensimit t\u00eb Pronave Shkod\u00ebr, prona \u00ebsht\u00eb njohur n\u00eb favor t\u00eb KMSH, me t\u00eb drejt\u00eb parablerjeje t\u00eb objektit t\u00eb nd\u00ebrtuar mbi pron\u00ebn vak\u00ebf. N\u00eb vijim, Gjykata Kushtetuese n\u00eb vitin 1999 dhe Gjykata e Lart\u00eb me vendimin nr. 00.2014.3003(316), dat\u00eb 24.04.2014, konfirmuan p\u00ebrfundimisht t\u00eb drejt\u00ebn e pron\u00ebsis\u00eb mbi k\u00ebt\u00eb truall n\u00eb favor t\u00eb pronar\u00ebve legjitim\u00eb: Komunitetit Mysliman t\u00eb Shqip\u00ebris\u00eb, Kish\u00ebs Orthodhokse dhe familjes La\u00e7ej.<\/p>\n<p style=\"text-align: justify;\">Megjithat\u00eb, pavar\u00ebsisht k\u00ebtyre vendimeve, institucionet shtet\u00ebrore, p\u00ebrfshir\u00eb Ministrin\u00eb e Financave, Ministrin\u00eb e Kultur\u00ebs, Ekonomis\u00eb dhe Inovacionit, Zyr\u00ebn e P\u00ebrmbarimit Shkod\u00ebr dhe Agjencin\u00eb Shtet\u00ebrore t\u00eb Kadastr\u00ebs Dega Shkod\u00ebr, nuk kan\u00eb zbatuar detyrimet e tyre ligjore, duke lejuar nd\u00ebrhyrje t\u00eb paligjshme mbi pron\u00ebn dhe duke i hapur rrug\u00ebn nd\u00ebrtimit n\u00eb kund\u00ebrshtim me \u00e7do akt gjyq\u00ebsor.<\/p>\n<p style=\"text-align: justify;\">Komuniteti Mysliman i Shqip\u00ebris\u00eb thekson se moszbatimi i vendimeve gjyq\u00ebsore t\u00eb form\u00ebs s\u00eb prer\u00eb p\u00ebrb\u00ebn shkelje t\u00eb r\u00ebnd\u00eb ligjore dhe vep\u00ebr penale, q\u00eb minon parimet themelore t\u00eb shtetit t\u00eb s\u00eb drejt\u00ebs dhe d\u00ebmton besimin e qytetar\u00ebve tek institucionet.<\/p>\n<p style=\"text-align: justify;\">N\u00eb k\u00ebt\u00eb situat\u00eb, Komuniteti Mysliman i Shqip\u00ebris\u00eb k\u00ebrkon nd\u00ebrhyrjen e menj\u00ebhershme t\u00eb institucioneve shtet\u00ebrore p\u00ebr zbatimin e plot\u00eb t\u00eb vendimeve gjyq\u00ebsore q\u00eb njohin pron\u00ebsin\u00eb e ligjshme, nd\u00ebrprerjen e \u00e7do veprimi nd\u00ebrtimor mbi pron\u00ebn vak\u00ebf dhe hetimin e p\u00ebrgjegj\u00ebsive t\u00eb zyrtar\u00ebve q\u00eb kan\u00eb shp\u00ebrdoruar detyr\u00ebn.<\/p>\n<p style=\"text-align: justify;\">Sigurojm\u00eb t\u00eb gjith\u00eb besimtar\u00ebt se Komuniteti Mysliman mbetet i vendosur t\u00eb vijoj\u00eb me t\u00eb gjitha mjetet ligjore mbrojtjen e pron\u00ebs vak\u00ebf.<\/p>\n<p style=\"text-align: justify;\">N\u00ebse kjo e drejt\u00eb vijon t\u00eb cenohet, KMSH do ta ndjek\u00eb \u00e7\u00ebshtjen deri n\u00eb Gjykat\u00ebn Evropiane t\u00eb t\u00eb Drejtave t\u00eb Njeriut n\u00eb Strasburg, p\u00ebr t\u00eb k\u00ebrkuar zbatimin e vendimeve gjyq\u00ebsore dhe d\u00ebmshp\u00ebrblimin p\u00ebr shkeljet e p\u00ebrs\u00ebritura.<\/p>\n<p style=\"text-align: justify;\">(www.kmsh.al)<\/p>\n<div id='gallery-1' class='gallery galleryid-19411 gallery-columns-2 gallery-size-large'><figure class='gallery-item'>\n\t\t\t<div class='gallery-icon landscape'>\n\t\t\t\t<a href='https:\/\/myftinia-shkoder.org\/?attachment_id=19414'><img loading=\"lazy\" decoding=\"async\" width=\"1024\" height=\"627\" src=\"https:\/\/myftinia-shkoder.org\/wp-content\/uploads\/2025\/10\/Reagim-mbi-pronen-vakef-ne-Shkoder-dhe-ndertimin-e-paligjshem-mbi-te-1024x627.png\" class=\"attachment-large size-large\" alt=\"\" srcset=\"https:\/\/myftinia-shkoder.org\/wp-content\/uploads\/2025\/10\/Reagim-mbi-pronen-vakef-ne-Shkoder-dhe-ndertimin-e-paligjshem-mbi-te-1024x627.png 1024w, https:\/\/myftinia-shkoder.org\/wp-content\/uploads\/2025\/10\/Reagim-mbi-pronen-vakef-ne-Shkoder-dhe-ndertimin-e-paligjshem-mbi-te-300x184.png 300w, https:\/\/myftinia-shkoder.org\/wp-content\/uploads\/2025\/10\/Reagim-mbi-pronen-vakef-ne-Shkoder-dhe-ndertimin-e-paligjshem-mbi-te-768x471.png 768w, https:\/\/myftinia-shkoder.org\/wp-content\/uploads\/2025\/10\/Reagim-mbi-pronen-vakef-ne-Shkoder-dhe-ndertimin-e-paligjshem-mbi-te.png 1278w\" sizes=\"auto, (max-width: 1024px) 100vw, 1024px\" \/><\/a>\n\t\t\t<\/div><\/figure><figure class='gallery-item'>\n\t\t\t<div class='gallery-icon portrait'>\n\t\t\t\t<a href='https:\/\/myftinia-shkoder.org\/?attachment_id=19413'><img loading=\"lazy\" decoding=\"async\" width=\"819\" height=\"1024\" src=\"https:\/\/myftinia-shkoder.org\/wp-content\/uploads\/2025\/10\/Reagim-mbi-pronen-vakef-ne-Shkoder-dhe-ndertimin-e-paligjshem-mbi-te-819x1024.jpg\" class=\"attachment-large size-large\" alt=\"\" aria-describedby=\"gallery-1-19413\" srcset=\"https:\/\/myftinia-shkoder.org\/wp-content\/uploads\/2025\/10\/Reagim-mbi-pronen-vakef-ne-Shkoder-dhe-ndertimin-e-paligjshem-mbi-te-819x1024.jpg 819w, https:\/\/myftinia-shkoder.org\/wp-content\/uploads\/2025\/10\/Reagim-mbi-pronen-vakef-ne-Shkoder-dhe-ndertimin-e-paligjshem-mbi-te-240x300.jpg 240w, https:\/\/myftinia-shkoder.org\/wp-content\/uploads\/2025\/10\/Reagim-mbi-pronen-vakef-ne-Shkoder-dhe-ndertimin-e-paligjshem-mbi-te-768x960.jpg 768w, https:\/\/myftinia-shkoder.org\/wp-content\/uploads\/2025\/10\/Reagim-mbi-pronen-vakef-ne-Shkoder-dhe-ndertimin-e-paligjshem-mbi-te.jpg 1229w\" sizes=\"auto, (max-width: 819px) 100vw, 819px\" \/><\/a>\n\t\t\t<\/div>\n\t\t\t\t<figcaption class='wp-caption-text gallery-caption' id='gallery-1-19413'>\n\t\t\t\tReagim mbi pron\u00ebn vak\u00ebf n\u00eb Shkod\u00ebr dhe nd\u00ebrtimin e paligjsh\u00ebm mbi t\u00eb\n\t\t\t\t<\/figcaption><\/figure>\n\t\t<\/div>\n\n","protected":false},"excerpt":{"rendered":"<div class=\"mh-excerpt\"><p>Reagim mbi pron\u00ebn vak\u00ebf n\u00eb Shkod\u00ebr dhe nd\u00ebrtimin e paligjsh\u00ebm mbi t\u00eb Komuniteti Mysliman i Shqip\u00ebris\u00eb shpreh indinjat\u00ebn dhe shqet\u00ebsimin e thell\u00eb p\u00ebr faktin se, pavar\u00ebsisht vendimeve t\u00eb form\u00ebs s\u00eb prer\u00eb t\u00eb gjykatave shqiptare, mbi <a class=\"mh-excerpt-more\" href=\"https:\/\/myftinia-shkoder.org\/?p=19411\" title=\"Reagim mbi pron\u00ebn vak\u00ebf n\u00eb Shkod\u00ebr dhe nd\u00ebrtimin e paligjsh\u00ebm mbi t\u00eb\">[&#8230;]<\/a><\/p>\n<\/div>","protected":false},"author":1,"featured_media":19415,"comment_status":"closed","ping_status":"closed","sticky":false,"template":"","format":"standard","meta":{"footnotes":""},"categories":[13,4],"tags":[],"class_list":["post-19411","post","type-post","status-publish","format-standard","has-post-thumbnail","hentry","category-aktualitet","category-vakef"],"_links":{"self":[{"href":"https:\/\/myftinia-shkoder.org\/index.php?rest_route=\/wp\/v2\/posts\/19411","targetHints":{"allow":["GET"]}}],"collection":[{"href":"https:\/\/myftinia-shkoder.org\/index.php?rest_route=\/wp\/v2\/posts"}],"about":[{"href":"https:\/\/myftinia-shkoder.org\/index.php?rest_route=\/wp\/v2\/types\/post"}],"author":[{"embeddable":true,"href":"https:\/\/myftinia-shkoder.org\/index.php?rest_route=\/wp\/v2\/users\/1"}],"replies":[{"embeddable":true,"href":"https:\/\/myftinia-shkoder.org\/index.php?rest_route=%2Fwp%2Fv2%2Fcomments&post=19411"}],"version-history":[{"count":2,"href":"https:\/\/myftinia-shkoder.org\/index.php?rest_route=\/wp\/v2\/posts\/19411\/revisions"}],"predecessor-version":[{"id":19416,"href":"https:\/\/myftinia-shkoder.org\/index.php?rest_route=\/wp\/v2\/posts\/19411\/revisions\/19416"}],"wp:featuredmedia":[{"embeddable":true,"href":"https:\/\/myftinia-shkoder.org\/index.php?rest_route=\/wp\/v2\/media\/19415"}],"wp:attachment":[{"href":"https:\/\/myftinia-shkoder.org\/index.php?rest_route=%2Fwp%2Fv2%2Fmedia&parent=19411"}],"wp:term":[{"taxonomy":"category","embeddable":true,"href":"https:\/\/myftinia-shkoder.org\/index.php?rest_route=%2Fwp%2Fv2%2Fcategories&post=19411"},{"taxonomy":"post_tag","embeddable":true,"href":"https:\/\/myftinia-shkoder.org\/index.php?rest_route=%2Fwp%2Fv2%2Ftags&post=19411"}],"curies":[{"name":"wp","href":"https:\/\/api.w.org\/{rel}","templated":true}]}}