{"id":19743,"date":"2025-12-06T16:37:17","date_gmt":"2025-12-06T16:37:17","guid":{"rendered":"https:\/\/myftinia-shkoder.org\/?p=19743"},"modified":"2025-12-06T17:13:57","modified_gmt":"2025-12-06T17:13:57","slug":"vizite-e-delegacionit-te-xhamise-drita-luzern-te-zvicres-ne-myftinine-shkoder","status":"publish","type":"post","link":"https:\/\/myftinia-shkoder.org\/?p=19743","title":{"rendered":"Vizit\u00eb e delegacionit t\u00eb xhamis\u00eb \u201cDrita\u201d, Luzern t\u00eb Zvicr\u00ebs n\u00eb Myftinin\u00eb Shkod\u00ebr"},"content":{"rendered":"<p style=\"text-align: justify;\"><strong>Vizit\u00eb e delegacionit t\u00eb xhamis\u00eb \u201cDrita\u201d, Luzern t\u00eb Zvicr\u00ebs n\u00eb Myftinin\u00eb Shkod\u00ebr<\/strong><\/p>\n<p style=\"text-align: justify;\">N\u00eb kuad\u00ebr t\u00eb nj\u00eb vizite kat\u00ebr ditore n\u00eb Shqip\u00ebri, nj\u00eb delegacion nga xhamia \u201cDrita\u201d, kantoni Luzern n\u00eb Zvic\u00ebr n\u00ebn drejtimin e kryetarit t\u00eb saj, z. Fadil Asani, zhvilloi t\u00eb shtun\u00ebn, m\u00eb 6 dhjetor 2025, nj\u00eb vizit\u00eb n\u00eb Myftinin\u00eb Shkod\u00ebr.<\/p>\n<p style=\"text-align: justify;\">Delegacioni u prit nga teologu Arben Halluni, i cili pasi i fal\u00ebnderoi p\u00ebr vizit\u00ebn dhe mikpritjen e nd\u00ebrsjell\u00eb, prezantoi nj\u00eb tablo t\u00eb gjer\u00eb mbi jet\u00ebn fetare n\u00eb Shkod\u00ebr si dhe p\u00ebr t\u00eb gjitha aktivitetet kulturore, arsimore, etj n\u00eb institucionin e Myftinis\u00eb Shkod\u00ebr.<\/p>\n<p style=\"text-align: justify;\">Teologu Halluni vler\u00ebsoi dhe \u00e7moi gjithashtu pun\u00ebn dhe misionin islam q\u00eb kryejn\u00eb qendrat dhe xhamit\u00eb shqiptare n\u00eb Zvic\u00ebr, nd\u00ebr to edhe xhamia \u201cDrita\u201d, p\u00ebr rolin e tyre n\u00eb ruajtjen e identitetit dhe edukimit fetar t\u00eb komunitetit.<\/p>\n<p style=\"text-align: justify;\">Gjat\u00eb takimit u diskutua mbi aktivitetet e Myftinis\u00eb Shkod\u00ebr, rolin e saj n\u00eb komunitet, r\u00ebnd\u00ebsin\u00eb e ruajtjes s\u00eb trash\u00ebgimis\u00eb islame dhe historin\u00eb e pasur fetare t\u00eb qytetit.<\/p>\n<p style=\"text-align: justify;\">Nd\u00ebrsa z. Asani shprehu vler\u00ebsim t\u00eb ve\u00e7ant\u00eb p\u00ebr pun\u00ebn e Myftinis\u00eb Shkod\u00ebr dhe p\u00ebr kontributin e saj n\u00eb p\u00ebrhapjen e vlerave shpirt\u00ebrore dhe kulturore.<\/p>\n<p style=\"text-align: justify;\">N\u00eb shenj\u00eb respekti dhe miq\u00ebsie, p\u00ebrfaq\u00ebsuesit e t\u00eb dy institucioneve shk\u00ebmbyen dhurata simbolike, duke n\u00ebnvizuar d\u00ebshir\u00ebn p\u00ebr forcimin dhe thellimin e bashk\u00ebpunimit n\u00eb t\u00eb ardhmen.<\/p>\n<p style=\"text-align: justify;\">Pas takimit, delegacioni i xhamis\u00eb \u201cDrita\u201d i shoq\u00ebruar nga imami i xhamis\u00eb Barbullush, H. Ervis Molla, vizitoi disa nga xhamit\u00eb m\u00eb t\u00eb r\u00ebnd\u00ebsishme t\u00eb Shkodr\u00ebs, p\u00ebrfshir\u00eb xhamin\u00eb e Parruc\u00ebs, xhamin\u00eb \u201cEbu Beker\u201d, xhamin\u00eb e Plumbit, etj, ku u njoh\u00ebn nga af\u00ebr me historin\u00eb, arkitektur\u00ebn dhe trash\u00ebgimin\u00eb islame q\u00eb karakterizon qytetin e Shkodr\u00ebs.<\/p>\n<div id='gallery-1' class='gallery galleryid-19743 gallery-columns-4 gallery-size-thumbnail'><figure class='gallery-item'>\n\t\t\t<div class='gallery-icon landscape'>\n\t\t\t\t<a href='https:\/\/myftinia-shkoder.org\/?attachment_id=19750'><img loading=\"lazy\" decoding=\"async\" width=\"150\" height=\"150\" src=\"https:\/\/myftinia-shkoder.org\/wp-content\/uploads\/2025\/12\/Vizite-e-delegacionit-te-xhamise-Drita-Luzern-te-Zvicres-ne-Myftinine-Shkoder-8-150x150.jpg\" class=\"attachment-thumbnail size-thumbnail\" alt=\"\" aria-describedby=\"gallery-1-19750\" \/><\/a>\n\t\t\t<\/div>\n\t\t\t\t<figcaption class='wp-caption-text gallery-caption' id='gallery-1-19750'>\n\t\t\t\tVizit\u00eb e delegacionit t\u00eb xhamis\u00eb \u201cDrita\u201d, Luzern t\u00eb Zvicr\u00ebs n\u00eb Myftinin\u00eb Shkod\u00ebr\n\t\t\t\t<\/figcaption><\/figure><figure class='gallery-item'>\n\t\t\t<div class='gallery-icon portrait'>\n\t\t\t\t<a href='https:\/\/myftinia-shkoder.org\/?attachment_id=19749'><img loading=\"lazy\" decoding=\"async\" width=\"150\" height=\"150\" src=\"https:\/\/myftinia-shkoder.org\/wp-content\/uploads\/2025\/12\/Vizite-e-delegacionit-te-xhamise-Drita-Luzern-te-Zvicres-ne-Myftinine-Shkoder-7-150x150.jpg\" class=\"attachment-thumbnail size-thumbnail\" alt=\"\" aria-describedby=\"gallery-1-19749\" \/><\/a>\n\t\t\t<\/div>\n\t\t\t\t<figcaption class='wp-caption-text gallery-caption' id='gallery-1-19749'>\n\t\t\t\tVizit\u00eb e delegacionit t\u00eb xhamis\u00eb \u201cDrita\u201d, Luzern t\u00eb Zvicr\u00ebs n\u00eb Myftinin\u00eb Shkod\u00ebr\n\t\t\t\t<\/figcaption><\/figure><figure class='gallery-item'>\n\t\t\t<div class='gallery-icon portrait'>\n\t\t\t\t<a href='https:\/\/myftinia-shkoder.org\/?attachment_id=19754'><img loading=\"lazy\" decoding=\"async\" width=\"150\" height=\"150\" src=\"https:\/\/myftinia-shkoder.org\/wp-content\/uploads\/2025\/12\/Vizite-e-delegacionit-te-xhamise-Drita-Luzern-te-Zvicres-ne-Myftinine-Shkoder-9-150x150.jpeg\" class=\"attachment-thumbnail size-thumbnail\" alt=\"\" \/><\/a>\n\t\t\t<\/div><\/figure><figure class='gallery-item'>\n\t\t\t<div class='gallery-icon landscape'>\n\t\t\t\t<a href='https:\/\/myftinia-shkoder.org\/?attachment_id=19748'><img loading=\"lazy\" decoding=\"async\" width=\"150\" height=\"150\" src=\"https:\/\/myftinia-shkoder.org\/wp-content\/uploads\/2025\/12\/Vizite-e-delegacionit-te-xhamise-Drita-Luzern-te-Zvicres-ne-Myftinine-Shkoder-6-150x150.jpg\" class=\"attachment-thumbnail size-thumbnail\" alt=\"\" aria-describedby=\"gallery-1-19748\" \/><\/a>\n\t\t\t<\/div>\n\t\t\t\t<figcaption class='wp-caption-text gallery-caption' id='gallery-1-19748'>\n\t\t\t\tVizit\u00eb e delegacionit t\u00eb xhamis\u00eb \u201cDrita\u201d, Luzern t\u00eb Zvicr\u00ebs n\u00eb Myftinin\u00eb Shkod\u00ebr\n\t\t\t\t<\/figcaption><\/figure><figure class='gallery-item'>\n\t\t\t<div class='gallery-icon landscape'>\n\t\t\t\t<a href='https:\/\/myftinia-shkoder.org\/?attachment_id=19747'><img loading=\"lazy\" decoding=\"async\" width=\"150\" height=\"150\" src=\"https:\/\/myftinia-shkoder.org\/wp-content\/uploads\/2025\/12\/Vizite-e-delegacionit-te-xhamise-Drita-Luzern-te-Zvicres-ne-Myftinine-Shkoder-5-150x150.jpg\" class=\"attachment-thumbnail size-thumbnail\" alt=\"\" aria-describedby=\"gallery-1-19747\" \/><\/a>\n\t\t\t<\/div>\n\t\t\t\t<figcaption class='wp-caption-text gallery-caption' id='gallery-1-19747'>\n\t\t\t\tVizit\u00eb e delegacionit t\u00eb xhamis\u00eb \u201cDrita\u201d, Luzern t\u00eb Zvicr\u00ebs n\u00eb Myftinin\u00eb Shkod\u00ebr\n\t\t\t\t<\/figcaption><\/figure><figure class='gallery-item'>\n\t\t\t<div class='gallery-icon landscape'>\n\t\t\t\t<a href='https:\/\/myftinia-shkoder.org\/?attachment_id=19746'><img loading=\"lazy\" decoding=\"async\" width=\"150\" height=\"150\" src=\"https:\/\/myftinia-shkoder.org\/wp-content\/uploads\/2025\/12\/Vizite-e-delegacionit-te-xhamise-Drita-Luzern-te-Zvicres-ne-Myftinine-Shkoder-4-150x150.jpg\" class=\"attachment-thumbnail size-thumbnail\" alt=\"\" aria-describedby=\"gallery-1-19746\" \/><\/a>\n\t\t\t<\/div>\n\t\t\t\t<figcaption class='wp-caption-text gallery-caption' id='gallery-1-19746'>\n\t\t\t\tVizit\u00eb e delegacionit t\u00eb xhamis\u00eb \u201cDrita\u201d, Luzern t\u00eb Zvicr\u00ebs n\u00eb Myftinin\u00eb Shkod\u00ebr\n\t\t\t\t<\/figcaption><\/figure><figure class='gallery-item'>\n\t\t\t<div class='gallery-icon landscape'>\n\t\t\t\t<a href='https:\/\/myftinia-shkoder.org\/?attachment_id=19744'><img loading=\"lazy\" decoding=\"async\" width=\"150\" height=\"150\" src=\"https:\/\/myftinia-shkoder.org\/wp-content\/uploads\/2025\/12\/Vizite-e-delegacionit-te-xhamise-Drita-Luzern-te-Zvicres-ne-Myftinine-Shkoder-2-150x150.jpg\" class=\"attachment-thumbnail size-thumbnail\" alt=\"\" aria-describedby=\"gallery-1-19744\" \/><\/a>\n\t\t\t<\/div>\n\t\t\t\t<figcaption class='wp-caption-text gallery-caption' id='gallery-1-19744'>\n\t\t\t\tVizit\u00eb e delegacionit t\u00eb xhamis\u00eb \u201cDrita\u201d, Luzern t\u00eb Zvicr\u00ebs n\u00eb Myftinin\u00eb Shkod\u00ebr\n\t\t\t\t<\/figcaption><\/figure><figure class='gallery-item'>\n\t\t\t<div class='gallery-icon landscape'>\n\t\t\t\t<a href='https:\/\/myftinia-shkoder.org\/?attachment_id=19751'><img loading=\"lazy\" decoding=\"async\" width=\"150\" height=\"150\" src=\"https:\/\/myftinia-shkoder.org\/wp-content\/uploads\/2025\/12\/Vizite-e-delegacionit-te-xhamise-Drita-Luzern-te-Zvicres-ne-Myftinine-Shkoder-1-150x150.jpg\" class=\"attachment-thumbnail size-thumbnail\" alt=\"\" aria-describedby=\"gallery-1-19751\" \/><\/a>\n\t\t\t<\/div>\n\t\t\t\t<figcaption class='wp-caption-text gallery-caption' id='gallery-1-19751'>\n\t\t\t\tVizit\u00eb e delegacionit t\u00eb xhamis\u00eb \u201cDrita\u201d, Luzern t\u00eb Zvicr\u00ebs n\u00eb Myftinin\u00eb Shkod\u00ebr\n\t\t\t\t<\/figcaption><\/figure>\n\t\t<\/div>\n\n","protected":false},"excerpt":{"rendered":"<div class=\"mh-excerpt\"><p>Vizit\u00eb e delegacionit t\u00eb xhamis\u00eb \u201cDrita\u201d, Luzern t\u00eb Zvicr\u00ebs n\u00eb Myftinin\u00eb Shkod\u00ebr N\u00eb kuad\u00ebr t\u00eb nj\u00eb vizite kat\u00ebr ditore n\u00eb Shqip\u00ebri, nj\u00eb delegacion nga xhamia \u201cDrita\u201d, kantoni Luzern n\u00eb Zvic\u00ebr n\u00ebn drejtimin e kryetarit t\u00eb <a class=\"mh-excerpt-more\" href=\"https:\/\/myftinia-shkoder.org\/?p=19743\" title=\"Vizit\u00eb e delegacionit t\u00eb xhamis\u00eb \u201cDrita\u201d, Luzern t\u00eb Zvicr\u00ebs n\u00eb Myftinin\u00eb Shkod\u00ebr\">[&#8230;]<\/a><\/p>\n<\/div>","protected":false},"author":1,"featured_media":19748,"comment_status":"closed","ping_status":"closed","sticky":false,"template":"","format":"standard","meta":{"footnotes":""},"categories":[2],"tags":[],"class_list":["post-19743","post","type-post","status-publish","format-standard","has-post-thumbnail","hentry","category-vizitore"],"_links":{"self":[{"href":"https:\/\/myftinia-shkoder.org\/index.php?rest_route=\/wp\/v2\/posts\/19743","targetHints":{"allow":["GET"]}}],"collection":[{"href":"https:\/\/myftinia-shkoder.org\/index.php?rest_route=\/wp\/v2\/posts"}],"about":[{"href":"https:\/\/myftinia-shkoder.org\/index.php?rest_route=\/wp\/v2\/types\/post"}],"author":[{"embeddable":true,"href":"https:\/\/myftinia-shkoder.org\/index.php?rest_route=\/wp\/v2\/users\/1"}],"replies":[{"embeddable":true,"href":"https:\/\/myftinia-shkoder.org\/index.php?rest_route=%2Fwp%2Fv2%2Fcomments&post=19743"}],"version-history":[{"count":3,"href":"https:\/\/myftinia-shkoder.org\/index.php?rest_route=\/wp\/v2\/posts\/19743\/revisions"}],"predecessor-version":[{"id":19755,"href":"https:\/\/myftinia-shkoder.org\/index.php?rest_route=\/wp\/v2\/posts\/19743\/revisions\/19755"}],"wp:featuredmedia":[{"embeddable":true,"href":"https:\/\/myftinia-shkoder.org\/index.php?rest_route=\/wp\/v2\/media\/19748"}],"wp:attachment":[{"href":"https:\/\/myftinia-shkoder.org\/index.php?rest_route=%2Fwp%2Fv2%2Fmedia&parent=19743"}],"wp:term":[{"taxonomy":"category","embeddable":true,"href":"https:\/\/myftinia-shkoder.org\/index.php?rest_route=%2Fwp%2Fv2%2Fcategories&post=19743"},{"taxonomy":"post_tag","embeddable":true,"href":"https:\/\/myftinia-shkoder.org\/index.php?rest_route=%2Fwp%2Fv2%2Ftags&post=19743"}],"curies":[{"name":"wp","href":"https:\/\/api.w.org\/{rel}","templated":true}]}}