{"id":19756,"date":"2025-12-07T08:49:46","date_gmt":"2025-12-07T08:49:46","guid":{"rendered":"https:\/\/myftinia-shkoder.org\/?p=19756"},"modified":"2025-12-09T10:35:37","modified_gmt":"2025-12-09T10:35:37","slug":"myftiu-i-shkodres-i-ftuar-i-b-i-sh-ebu-hanife-ne-grenchen-te-zvicres","status":"publish","type":"post","link":"https:\/\/myftinia-shkoder.org\/?p=19756","title":{"rendered":"Myftiu i Shkodr\u00ebs, i ftuar i B.I.Sh. &#8220;Ebu Hanife&#8221;, n\u00eb Grenchen t\u00eb Zvicr\u00ebs"},"content":{"rendered":"<p style=\"text-align: justify;\"><strong>Myftiu i Shkodr\u00ebs, i ftuar i B.I.Sh. &#8220;Ebu Hanife&#8221;, n\u00eb Grenchen t\u00eb Zvicr\u00ebs<\/strong><\/p>\n<p style=\"text-align: justify;\">Me ftes\u00eb t\u00eb Kryetarit t\u00eb Bashk\u00ebsis\u00eb Islame Shqiptare &#8220;Ebu Hanife&#8221;, n\u00eb Grenchen t\u00eb Zvicr\u00ebs, H. Sunaj Osmani, Myftiu i Shkodr\u00ebs, Imam Muhamed B. Sytari, mori pjes\u00eb n\u00eb nj\u00eb cik\u00ebl aktivitetesh t\u00eb organizuara gjat\u00eb periudh\u00ebs 4-7\/12\/2025 n\u00eb xhamin\u00eb &#8220;Ebu Hanife&#8221;.<\/p>\n<p style=\"text-align: justify;\">Gjat\u00eb k\u00ebsaj vizite n\u00eb Zvic\u00ebr, Myftiu i Shkodr\u00ebs, pati mund\u00ebsi t\u00eb takohet me miq e dashamir\u00eb t\u00eb aktivitetit islam n\u00eb diaspor\u00eb, imam\u00eb e veprimtar\u00eb t\u00eb zellsh\u00ebm, me t\u00eb cil\u00ebt ndau mendime, ide e p\u00ebrvoja t\u00eb nd\u00ebrsjellta.<\/p>\n<p style=\"text-align: justify;\">N\u00eb program t\u00eb vizit\u00ebs s\u00eb Myftiut t\u00eb Shkodr\u00ebs n\u00eb Grenchen ishin edhe tryeza t\u00eb ndryshme me grupe t\u00eb rinjsh, veprimtar\u00ebsh dhe drejtuesish t\u00eb Bashk\u00ebsis\u00eb Islame Shqiptare \u201cEbu Hanife\u201d.<\/p>\n<p style=\"text-align: justify;\">Ligj\u00ebrata e dit\u00ebs s\u00eb xhuma, m\u00eb 5 dhjetor 2025, ishte shfaqja e dokumentarit \u201cTriumfi i zanit t\u00eb minareve\u201d, me \u00e7rast Myftiu foli edhe rreth liris\u00eb s\u00eb besimit dhe vlerave t\u00eb shfryt\u00ebzimit t\u00eb koh\u00ebs n\u00eb sh\u00ebrbim t\u00eb thirrjes islame dhe edukimit t\u00eb brezit t\u00eb ri me m\u00ebsimet, udh\u00ebzimin\u00a0 dhe tabanin e baballar\u00ebve.<\/p>\n<p style=\"text-align: justify;\">Poashtu, Myftiu Sytari ligj\u00ebroi n\u00eb tribun\u00ebn fetare t\u00eb dit\u00ebs s\u00eb shtune, m\u00eb 6 dhjetor 2025, ku iu drejtua t\u00eb pranishm\u00ebve t\u00eb shumt\u00eb n\u00eb xhamin\u00eb \u201cEbu Hanife\u201d rreth nj\u00eb tem\u00eb q\u00eb nd\u00ebrlidh p\u00ebrkushtimin e muslimanit p\u00ebr t\u2019u d\u00ebshmuar si individ i sh\u00ebndosh dhe nd\u00ebrtues i vlerave n\u00eb shoq\u00ebri, mbrojt\u00ebs i traditave m\u00eb t\u00eb mira komb\u00ebtare, harmonis\u00eb n\u00eb mesin e besimtar\u00ebve dhe njer\u00ebzve mbar\u00eb pa dallim, ruajtjen dhe promovimin e paqes sociale, kultivimin e dijes, zhvillimit dhe arritjeve n\u00eb jet\u00eb, mbrojtjen e familjes tradicionale, p\u00ebrkushtimin p\u00ebr t\u00eb d\u00ebshmuar n\u00eb \u00e7do moment t\u00eb jet\u00ebs shpirtin e madh t\u00eb trash\u00ebgimis\u00eb islame me vepra dhe me k\u00ebdo prej krijesave t\u00eb Zotit.<\/p>\n<p style=\"text-align: justify;\">Gjat\u00eb q\u00ebndrimit t\u00eb tij disa ditor\u00eb n\u00eb mikpritjen e BISH \u201cEbu Hanife\u201d n\u00eb Grenchen pati mund\u00ebsi t\u00eb shoh edhe m\u00ebnyr\u00ebn e organizimit t\u00eb k\u00ebsaj bashk\u00ebsie islame, aktivitetin e larmish\u00ebm, tubimet, aktivitetet dhe frym\u00ebn e harmonis\u00eb q\u00eb dominon n\u00eb mesin e besimtar\u00ebve musliman\u00eb shqiptar\u00eb, por jo vet\u00ebm, n\u00eb k\u00ebt\u00eb vend.<\/p>\n<p style=\"text-align: justify;\">K\u00ebtu gjeni edhe linkun e ligj\u00ebrat\u00ebs s\u00eb dit\u00ebs s\u00eb xhuma:<\/p>\n<p><iframe loading=\"lazy\" title=\"Ligj\u00ebrata e xhumas\u00eb, mbajtur n\u00eb xhamin\u00eb &quot;Ebu Hanife&quot;, n\u00eb Grenchen t\u00eb Zvicr\u00ebs!\" width=\"500\" height=\"281\" src=\"https:\/\/www.youtube.com\/embed\/fCWeZyH8Pug?feature=oembed\" frameborder=\"0\" allow=\"accelerometer; autoplay; clipboard-write; encrypted-media; gyroscope; picture-in-picture; web-share\" referrerpolicy=\"strict-origin-when-cross-origin\" allowfullscreen><\/iframe><\/p>\n<div id='gallery-1' class='gallery galleryid-19756 gallery-columns-5 gallery-size-thumbnail'><figure class='gallery-item'>\n\t\t\t<div class='gallery-icon portrait'>\n\t\t\t\t<a href='https:\/\/myftinia-shkoder.org\/?attachment_id=19767'><img loading=\"lazy\" decoding=\"async\" width=\"150\" height=\"150\" src=\"https:\/\/myftinia-shkoder.org\/wp-content\/uploads\/2025\/12\/Myftiu-i-Shkodres-i-ftuar-i-B.I.Sh_.-Ebu-Hanife-ne-Grenchen-te-Zvicres-11-150x150.jpeg\" class=\"attachment-thumbnail size-thumbnail\" alt=\"\" aria-describedby=\"gallery-1-19767\" \/><\/a>\n\t\t\t<\/div>\n\t\t\t\t<figcaption class='wp-caption-text gallery-caption' id='gallery-1-19767'>\n\t\t\t\tMyftiu i Shkodr\u00ebs, i ftuar i B.I.Sh. Ebu Hanife, n\u00eb Grenchen t\u00eb Zvicr\u00ebs\n\t\t\t\t<\/figcaption><\/figure><figure class='gallery-item'>\n\t\t\t<div class='gallery-icon landscape'>\n\t\t\t\t<a href='https:\/\/myftinia-shkoder.org\/?attachment_id=19758'><img loading=\"lazy\" decoding=\"async\" width=\"150\" height=\"150\" src=\"https:\/\/myftinia-shkoder.org\/wp-content\/uploads\/2025\/12\/Myftiu-i-Shkodres-i-ftuar-i-B.I.Sh_.-Ebu-Hanife-ne-Grenchen-te-Zvicres-2-150x150.jpeg\" class=\"attachment-thumbnail size-thumbnail\" alt=\"\" aria-describedby=\"gallery-1-19758\" \/><\/a>\n\t\t\t<\/div>\n\t\t\t\t<figcaption class='wp-caption-text gallery-caption' id='gallery-1-19758'>\n\t\t\t\tMyftiu i Shkodr\u00ebs, i ftuar i B.I.Sh. Ebu Hanife, n\u00eb Grenchen t\u00eb Zvicr\u00ebs\n\t\t\t\t<\/figcaption><\/figure><figure class='gallery-item'>\n\t\t\t<div class='gallery-icon landscape'>\n\t\t\t\t<a href='https:\/\/myftinia-shkoder.org\/?attachment_id=19759'><img loading=\"lazy\" decoding=\"async\" width=\"150\" height=\"150\" src=\"https:\/\/myftinia-shkoder.org\/wp-content\/uploads\/2025\/12\/Myftiu-i-Shkodres-i-ftuar-i-B.I.Sh_.-Ebu-Hanife-ne-Grenchen-te-Zvicres-3-150x150.jpeg\" class=\"attachment-thumbnail size-thumbnail\" alt=\"\" aria-describedby=\"gallery-1-19759\" \/><\/a>\n\t\t\t<\/div>\n\t\t\t\t<figcaption class='wp-caption-text gallery-caption' id='gallery-1-19759'>\n\t\t\t\tMyftiu i Shkodr\u00ebs, i ftuar i B.I.Sh. Ebu Hanife, n\u00eb Grenchen t\u00eb Zvicr\u00ebs\n\t\t\t\t<\/figcaption><\/figure><figure class='gallery-item'>\n\t\t\t<div class='gallery-icon portrait'>\n\t\t\t\t<a href='https:\/\/myftinia-shkoder.org\/?attachment_id=19760'><img loading=\"lazy\" decoding=\"async\" width=\"150\" height=\"150\" src=\"https:\/\/myftinia-shkoder.org\/wp-content\/uploads\/2025\/12\/Myftiu-i-Shkodres-i-ftuar-i-B.I.Sh_.-Ebu-Hanife-ne-Grenchen-te-Zvicres-4-150x150.jpeg\" class=\"attachment-thumbnail size-thumbnail\" alt=\"\" aria-describedby=\"gallery-1-19760\" \/><\/a>\n\t\t\t<\/div>\n\t\t\t\t<figcaption class='wp-caption-text gallery-caption' id='gallery-1-19760'>\n\t\t\t\tMyftiu i Shkodr\u00ebs, i ftuar i B.I.Sh. Ebu Hanife, n\u00eb Grenchen t\u00eb Zvicr\u00ebs\n\t\t\t\t<\/figcaption><\/figure><figure class='gallery-item'>\n\t\t\t<div class='gallery-icon portrait'>\n\t\t\t\t<a href='https:\/\/myftinia-shkoder.org\/?attachment_id=19761'><img loading=\"lazy\" decoding=\"async\" width=\"150\" height=\"150\" src=\"https:\/\/myftinia-shkoder.org\/wp-content\/uploads\/2025\/12\/Myftiu-i-Shkodres-i-ftuar-i-B.I.Sh_.-Ebu-Hanife-ne-Grenchen-te-Zvicres-5-150x150.jpeg\" class=\"attachment-thumbnail size-thumbnail\" alt=\"\" aria-describedby=\"gallery-1-19761\" \/><\/a>\n\t\t\t<\/div>\n\t\t\t\t<figcaption class='wp-caption-text gallery-caption' id='gallery-1-19761'>\n\t\t\t\tMyftiu i Shkodr\u00ebs, i ftuar i B.I.Sh. Ebu Hanife, n\u00eb Grenchen t\u00eb Zvicr\u00ebs\n\t\t\t\t<\/figcaption><\/figure><figure class='gallery-item'>\n\t\t\t<div class='gallery-icon landscape'>\n\t\t\t\t<a href='https:\/\/myftinia-shkoder.org\/?attachment_id=19762'><img loading=\"lazy\" decoding=\"async\" width=\"150\" height=\"150\" src=\"https:\/\/myftinia-shkoder.org\/wp-content\/uploads\/2025\/12\/Myftiu-i-Shkodres-i-ftuar-i-B.I.Sh_.-Ebu-Hanife-ne-Grenchen-te-Zvicres-6-150x150.jpeg\" class=\"attachment-thumbnail size-thumbnail\" alt=\"\" aria-describedby=\"gallery-1-19762\" \/><\/a>\n\t\t\t<\/div>\n\t\t\t\t<figcaption class='wp-caption-text gallery-caption' id='gallery-1-19762'>\n\t\t\t\tMyftiu i Shkodr\u00ebs, i ftuar i B.I.Sh. Ebu Hanife, n\u00eb Grenchen t\u00eb Zvicr\u00ebs\n\t\t\t\t<\/figcaption><\/figure><figure class='gallery-item'>\n\t\t\t<div class='gallery-icon landscape'>\n\t\t\t\t<a href='https:\/\/myftinia-shkoder.org\/?attachment_id=19763'><img loading=\"lazy\" decoding=\"async\" width=\"150\" height=\"150\" src=\"https:\/\/myftinia-shkoder.org\/wp-content\/uploads\/2025\/12\/Myftiu-i-Shkodres-i-ftuar-i-B.I.Sh_.-Ebu-Hanife-ne-Grenchen-te-Zvicres-7-150x150.jpeg\" class=\"attachment-thumbnail size-thumbnail\" alt=\"\" aria-describedby=\"gallery-1-19763\" \/><\/a>\n\t\t\t<\/div>\n\t\t\t\t<figcaption class='wp-caption-text gallery-caption' id='gallery-1-19763'>\n\t\t\t\tMyftiu i Shkodr\u00ebs, i ftuar i B.I.Sh. Ebu Hanife, n\u00eb Grenchen t\u00eb Zvicr\u00ebs\n\t\t\t\t<\/figcaption><\/figure><figure class='gallery-item'>\n\t\t\t<div class='gallery-icon landscape'>\n\t\t\t\t<a href='https:\/\/myftinia-shkoder.org\/?attachment_id=19764'><img loading=\"lazy\" decoding=\"async\" width=\"150\" height=\"150\" src=\"https:\/\/myftinia-shkoder.org\/wp-content\/uploads\/2025\/12\/Myftiu-i-Shkodres-i-ftuar-i-B.I.Sh_.-Ebu-Hanife-ne-Grenchen-te-Zvicres-8-150x150.jpeg\" class=\"attachment-thumbnail size-thumbnail\" alt=\"\" aria-describedby=\"gallery-1-19764\" \/><\/a>\n\t\t\t<\/div>\n\t\t\t\t<figcaption class='wp-caption-text gallery-caption' id='gallery-1-19764'>\n\t\t\t\tMyftiu i Shkodr\u00ebs, i ftuar i B.I.Sh. Ebu Hanife, n\u00eb Grenchen t\u00eb Zvicr\u00ebs\n\t\t\t\t<\/figcaption><\/figure><figure class='gallery-item'>\n\t\t\t<div class='gallery-icon landscape'>\n\t\t\t\t<a href='https:\/\/myftinia-shkoder.org\/?attachment_id=19765'><img loading=\"lazy\" decoding=\"async\" width=\"150\" height=\"150\" src=\"https:\/\/myftinia-shkoder.org\/wp-content\/uploads\/2025\/12\/Myftiu-i-Shkodres-i-ftuar-i-B.I.Sh_.-Ebu-Hanife-ne-Grenchen-te-Zvicres-9-150x150.jpeg\" class=\"attachment-thumbnail size-thumbnail\" alt=\"\" aria-describedby=\"gallery-1-19765\" \/><\/a>\n\t\t\t<\/div>\n\t\t\t\t<figcaption class='wp-caption-text gallery-caption' id='gallery-1-19765'>\n\t\t\t\tMyftiu i Shkodr\u00ebs, i ftuar i B.I.Sh. Ebu Hanife, n\u00eb Grenchen t\u00eb Zvicr\u00ebs\n\t\t\t\t<\/figcaption><\/figure><figure class='gallery-item'>\n\t\t\t<div class='gallery-icon landscape'>\n\t\t\t\t<a href='https:\/\/myftinia-shkoder.org\/?attachment_id=19766'><img loading=\"lazy\" decoding=\"async\" width=\"150\" height=\"150\" src=\"https:\/\/myftinia-shkoder.org\/wp-content\/uploads\/2025\/12\/Myftiu-i-Shkodres-i-ftuar-i-B.I.Sh_.-Ebu-Hanife-ne-Grenchen-te-Zvicres-10-150x150.jpeg\" class=\"attachment-thumbnail size-thumbnail\" alt=\"\" aria-describedby=\"gallery-1-19766\" srcset=\"https:\/\/myftinia-shkoder.org\/wp-content\/uploads\/2025\/12\/Myftiu-i-Shkodres-i-ftuar-i-B.I.Sh_.-Ebu-Hanife-ne-Grenchen-te-Zvicres-10-150x150.jpeg 150w, https:\/\/myftinia-shkoder.org\/wp-content\/uploads\/2025\/12\/Myftiu-i-Shkodres-i-ftuar-i-B.I.Sh_.-Ebu-Hanife-ne-Grenchen-te-Zvicres-10-300x300.jpeg 300w, https:\/\/myftinia-shkoder.org\/wp-content\/uploads\/2025\/12\/Myftiu-i-Shkodres-i-ftuar-i-B.I.Sh_.-Ebu-Hanife-ne-Grenchen-te-Zvicres-10-1024x1024.jpeg 1024w, https:\/\/myftinia-shkoder.org\/wp-content\/uploads\/2025\/12\/Myftiu-i-Shkodres-i-ftuar-i-B.I.Sh_.-Ebu-Hanife-ne-Grenchen-te-Zvicres-10-768x768.jpeg 768w, https:\/\/myftinia-shkoder.org\/wp-content\/uploads\/2025\/12\/Myftiu-i-Shkodres-i-ftuar-i-B.I.Sh_.-Ebu-Hanife-ne-Grenchen-te-Zvicres-10.jpeg 1080w\" sizes=\"auto, (max-width: 150px) 100vw, 150px\" \/><\/a>\n\t\t\t<\/div>\n\t\t\t\t<figcaption class='wp-caption-text gallery-caption' id='gallery-1-19766'>\n\t\t\t\tMyftiu i Shkodr\u00ebs, i ftuar i B.I.Sh. Ebu Hanife, n\u00eb Grenchen t\u00eb Zvicr\u00ebs\n\t\t\t\t<\/figcaption><\/figure><figure class='gallery-item'>\n\t\t\t<div class='gallery-icon landscape'>\n\t\t\t\t<a href='https:\/\/myftinia-shkoder.org\/?attachment_id=19768'><img loading=\"lazy\" decoding=\"async\" width=\"150\" height=\"150\" src=\"https:\/\/myftinia-shkoder.org\/wp-content\/uploads\/2025\/12\/Myftiu-i-Shkodres-i-ftuar-i-B.I.Sh_.-Ebu-Hanife-ne-Grenchen-te-Zvicres-12-150x150.jpeg\" class=\"attachment-thumbnail size-thumbnail\" alt=\"\" aria-describedby=\"gallery-1-19768\" \/><\/a>\n\t\t\t<\/div>\n\t\t\t\t<figcaption class='wp-caption-text gallery-caption' id='gallery-1-19768'>\n\t\t\t\tMyftiu i Shkodr\u00ebs, i ftuar i B.I.Sh. Ebu Hanife, n\u00eb Grenchen t\u00eb Zvicr\u00ebs\n\t\t\t\t<\/figcaption><\/figure><figure class='gallery-item'>\n\t\t\t<div class='gallery-icon portrait'>\n\t\t\t\t<a href='https:\/\/myftinia-shkoder.org\/?attachment_id=19757'><img loading=\"lazy\" decoding=\"async\" width=\"150\" height=\"150\" src=\"https:\/\/myftinia-shkoder.org\/wp-content\/uploads\/2025\/12\/Myftiu-i-Shkodres-i-ftuar-i-B.I.Sh_.-Ebu-Hanife-ne-Grenchen-te-Zvicres-1-150x150.jpeg\" class=\"attachment-thumbnail size-thumbnail\" alt=\"\" aria-describedby=\"gallery-1-19757\" \/><\/a>\n\t\t\t<\/div>\n\t\t\t\t<figcaption class='wp-caption-text gallery-caption' id='gallery-1-19757'>\n\t\t\t\tMyftiu i Shkodr\u00ebs, i ftuar i B.I.Sh. Ebu Hanife, n\u00eb Grenchen t\u00eb Zvicr\u00ebs\n\t\t\t\t<\/figcaption><\/figure><figure class='gallery-item'>\n\t\t\t<div class='gallery-icon landscape'>\n\t\t\t\t<a href='https:\/\/myftinia-shkoder.org\/?attachment_id=19769'><img loading=\"lazy\" decoding=\"async\" width=\"150\" height=\"150\" src=\"https:\/\/myftinia-shkoder.org\/wp-content\/uploads\/2025\/12\/Myftiu-i-Shkodres-i-ftuar-i-B.I.Sh_.-Ebu-Hanife-ne-Grenchen-te-Zvicres-13-150x150.jpeg\" class=\"attachment-thumbnail size-thumbnail\" alt=\"\" aria-describedby=\"gallery-1-19769\" \/><\/a>\n\t\t\t<\/div>\n\t\t\t\t<figcaption class='wp-caption-text gallery-caption' id='gallery-1-19769'>\n\t\t\t\tMyftiu i Shkodr\u00ebs, i ftuar i B.I.Sh. Ebu Hanife, n\u00eb Grenchen t\u00eb Zvicr\u00ebs\n\t\t\t\t<\/figcaption><\/figure><figure class='gallery-item'>\n\t\t\t<div class='gallery-icon portrait'>\n\t\t\t\t<a href='https:\/\/myftinia-shkoder.org\/?attachment_id=19770'><img loading=\"lazy\" decoding=\"async\" width=\"150\" height=\"150\" src=\"https:\/\/myftinia-shkoder.org\/wp-content\/uploads\/2025\/12\/Myftiu-i-Shkodres-i-ftuar-i-B.I.Sh_.-Ebu-Hanife-ne-Grenchen-te-Zvicres-14-150x150.jpeg\" class=\"attachment-thumbnail size-thumbnail\" alt=\"\" aria-describedby=\"gallery-1-19770\" \/><\/a>\n\t\t\t<\/div>\n\t\t\t\t<figcaption class='wp-caption-text gallery-caption' id='gallery-1-19770'>\n\t\t\t\tMyftiu i Shkodr\u00ebs, i ftuar i B.I.Sh. Ebu Hanife, n\u00eb Grenchen t\u00eb Zvicr\u00ebs\n\t\t\t\t<\/figcaption><\/figure><figure class='gallery-item'>\n\t\t\t<div class='gallery-icon portrait'>\n\t\t\t\t<a href='https:\/\/myftinia-shkoder.org\/?attachment_id=19771'><img loading=\"lazy\" decoding=\"async\" width=\"150\" height=\"150\" src=\"https:\/\/myftinia-shkoder.org\/wp-content\/uploads\/2025\/12\/Myftiu-i-Shkodres-i-ftuar-i-B.I.Sh_.-Ebu-Hanife-ne-Grenchen-te-Zvicres-15-150x150.jpeg\" class=\"attachment-thumbnail size-thumbnail\" alt=\"\" aria-describedby=\"gallery-1-19771\" \/><\/a>\n\t\t\t<\/div>\n\t\t\t\t<figcaption class='wp-caption-text gallery-caption' id='gallery-1-19771'>\n\t\t\t\tMyftiu i Shkodr\u00ebs, i ftuar i B.I.Sh. Ebu Hanife, n\u00eb Grenchen t\u00eb Zvicr\u00ebs\n\t\t\t\t<\/figcaption><\/figure><figure class='gallery-item'>\n\t\t\t<div class='gallery-icon portrait'>\n\t\t\t\t<a href='https:\/\/myftinia-shkoder.org\/?attachment_id=19772'><img loading=\"lazy\" decoding=\"async\" width=\"150\" height=\"150\" src=\"https:\/\/myftinia-shkoder.org\/wp-content\/uploads\/2025\/12\/Myftiu-i-Shkodres-i-ftuar-i-B.I.Sh_.-Ebu-Hanife-ne-Grenchen-te-Zvicres-16-150x150.jpeg\" class=\"attachment-thumbnail size-thumbnail\" alt=\"\" aria-describedby=\"gallery-1-19772\" \/><\/a>\n\t\t\t<\/div>\n\t\t\t\t<figcaption class='wp-caption-text gallery-caption' id='gallery-1-19772'>\n\t\t\t\tMyftiu i Shkodr\u00ebs, i ftuar i B.I.Sh. Ebu Hanife, n\u00eb Grenchen t\u00eb Zvicr\u00ebs\n\t\t\t\t<\/figcaption><\/figure><figure class='gallery-item'>\n\t\t\t<div class='gallery-icon portrait'>\n\t\t\t\t<a href='https:\/\/myftinia-shkoder.org\/?attachment_id=19773'><img loading=\"lazy\" decoding=\"async\" width=\"150\" height=\"150\" src=\"https:\/\/myftinia-shkoder.org\/wp-content\/uploads\/2025\/12\/Myftiu-i-Shkodres-i-ftuar-i-B.I.Sh_.-Ebu-Hanife-ne-Grenchen-te-Zvicres-17-150x150.jpeg\" class=\"attachment-thumbnail size-thumbnail\" alt=\"\" aria-describedby=\"gallery-1-19773\" \/><\/a>\n\t\t\t<\/div>\n\t\t\t\t<figcaption class='wp-caption-text gallery-caption' id='gallery-1-19773'>\n\t\t\t\tMyftiu i Shkodr\u00ebs, i ftuar i B.I.Sh. Ebu Hanife, n\u00eb Grenchen t\u00eb Zvicr\u00ebs\n\t\t\t\t<\/figcaption><\/figure><figure class='gallery-item'>\n\t\t\t<div class='gallery-icon portrait'>\n\t\t\t\t<a href='https:\/\/myftinia-shkoder.org\/?attachment_id=19774'><img loading=\"lazy\" decoding=\"async\" width=\"150\" height=\"150\" src=\"https:\/\/myftinia-shkoder.org\/wp-content\/uploads\/2025\/12\/Myftiu-i-Shkodres-i-ftuar-i-B.I.Sh_.-Ebu-Hanife-ne-Grenchen-te-Zvicres-18-150x150.jpeg\" class=\"attachment-thumbnail size-thumbnail\" alt=\"\" aria-describedby=\"gallery-1-19774\" \/><\/a>\n\t\t\t<\/div>\n\t\t\t\t<figcaption class='wp-caption-text gallery-caption' id='gallery-1-19774'>\n\t\t\t\tMyftiu i Shkodr\u00ebs, i ftuar i B.I.Sh. Ebu Hanife, n\u00eb Grenchen t\u00eb Zvicr\u00ebs\n\t\t\t\t<\/figcaption><\/figure><figure class='gallery-item'>\n\t\t\t<div class='gallery-icon portrait'>\n\t\t\t\t<a href='https:\/\/myftinia-shkoder.org\/?attachment_id=19775'><img loading=\"lazy\" decoding=\"async\" width=\"150\" height=\"150\" src=\"https:\/\/myftinia-shkoder.org\/wp-content\/uploads\/2025\/12\/Myftiu-i-Shkodres-i-ftuar-i-B.I.Sh_.-Ebu-Hanife-ne-Grenchen-te-Zvicres-19-150x150.jpeg\" class=\"attachment-thumbnail size-thumbnail\" alt=\"\" aria-describedby=\"gallery-1-19775\" \/><\/a>\n\t\t\t<\/div>\n\t\t\t\t<figcaption class='wp-caption-text gallery-caption' id='gallery-1-19775'>\n\t\t\t\tMyftiu i Shkodr\u00ebs, i ftuar i B.I.Sh. Ebu Hanife, n\u00eb Grenchen t\u00eb Zvicr\u00ebs\n\t\t\t\t<\/figcaption><\/figure><figure class='gallery-item'>\n\t\t\t<div class='gallery-icon portrait'>\n\t\t\t\t<a href='https:\/\/myftinia-shkoder.org\/?attachment_id=19776'><img loading=\"lazy\" decoding=\"async\" width=\"150\" height=\"150\" src=\"https:\/\/myftinia-shkoder.org\/wp-content\/uploads\/2025\/12\/Myftiu-i-Shkodres-i-ftuar-i-B.I.Sh_.-Ebu-Hanife-ne-Grenchen-te-Zvicres-20-150x150.jpeg\" class=\"attachment-thumbnail size-thumbnail\" alt=\"\" aria-describedby=\"gallery-1-19776\" \/><\/a>\n\t\t\t<\/div>\n\t\t\t\t<figcaption class='wp-caption-text gallery-caption' id='gallery-1-19776'>\n\t\t\t\tMyftiu i Shkodr\u00ebs, i ftuar i B.I.Sh. Ebu Hanife, n\u00eb Grenchen t\u00eb Zvicr\u00ebs\n\t\t\t\t<\/figcaption><\/figure><figure class='gallery-item'>\n\t\t\t<div class='gallery-icon landscape'>\n\t\t\t\t<a href='https:\/\/myftinia-shkoder.org\/?attachment_id=19777'><img loading=\"lazy\" decoding=\"async\" width=\"150\" height=\"150\" src=\"https:\/\/myftinia-shkoder.org\/wp-content\/uploads\/2025\/12\/Myftiu-i-Shkodres-i-ftuar-i-B.I.Sh_.-Ebu-Hanife-ne-Grenchen-te-Zvicres-21-150x150.jpeg\" class=\"attachment-thumbnail size-thumbnail\" alt=\"\" aria-describedby=\"gallery-1-19777\" \/><\/a>\n\t\t\t<\/div>\n\t\t\t\t<figcaption class='wp-caption-text gallery-caption' id='gallery-1-19777'>\n\t\t\t\tMyftiu i Shkodr\u00ebs, i ftuar i B.I.Sh. Ebu Hanife, n\u00eb Grenchen t\u00eb Zvicr\u00ebs\n\t\t\t\t<\/figcaption><\/figure><figure class='gallery-item'>\n\t\t\t<div class='gallery-icon landscape'>\n\t\t\t\t<a href='https:\/\/myftinia-shkoder.org\/?attachment_id=19778'><img loading=\"lazy\" decoding=\"async\" width=\"150\" height=\"150\" src=\"https:\/\/myftinia-shkoder.org\/wp-content\/uploads\/2025\/12\/Myftiu-i-Shkodres-i-ftuar-i-B.I.Sh_.-Ebu-Hanife-ne-Grenchen-te-Zvicres-22-150x150.jpeg\" class=\"attachment-thumbnail size-thumbnail\" alt=\"\" aria-describedby=\"gallery-1-19778\" \/><\/a>\n\t\t\t<\/div>\n\t\t\t\t<figcaption class='wp-caption-text gallery-caption' id='gallery-1-19778'>\n\t\t\t\tMyftiu i Shkodr\u00ebs, i ftuar i B.I.Sh. Ebu Hanife, n\u00eb Grenchen t\u00eb Zvicr\u00ebs\n\t\t\t\t<\/figcaption><\/figure><figure class='gallery-item'>\n\t\t\t<div class='gallery-icon landscape'>\n\t\t\t\t<a href='https:\/\/myftinia-shkoder.org\/?attachment_id=19779'><img loading=\"lazy\" decoding=\"async\" width=\"150\" height=\"150\" src=\"https:\/\/myftinia-shkoder.org\/wp-content\/uploads\/2025\/12\/Myftiu-i-Shkodres-i-ftuar-i-B.I.Sh_.-Ebu-Hanife-ne-Grenchen-te-Zvicres-23-150x150.jpeg\" class=\"attachment-thumbnail size-thumbnail\" alt=\"\" aria-describedby=\"gallery-1-19779\" \/><\/a>\n\t\t\t<\/div>\n\t\t\t\t<figcaption class='wp-caption-text gallery-caption' id='gallery-1-19779'>\n\t\t\t\tMyftiu i Shkodr\u00ebs, i ftuar i B.I.Sh. Ebu Hanife, n\u00eb Grenchen t\u00eb Zvicr\u00ebs\n\t\t\t\t<\/figcaption><\/figure>\n\t\t<\/div>\n\n","protected":false},"excerpt":{"rendered":"<div class=\"mh-excerpt\"><p>Myftiu i Shkodr\u00ebs, i ftuar i B.I.Sh. &#8220;Ebu Hanife&#8221;, n\u00eb Grenchen t\u00eb Zvicr\u00ebs Me ftes\u00eb t\u00eb Kryetarit t\u00eb Bashk\u00ebsis\u00eb Islame Shqiptare &#8220;Ebu Hanife&#8221;, n\u00eb Grenchen t\u00eb Zvicr\u00ebs, H. Sunaj Osmani, Myftiu i Shkodr\u00ebs, Imam Muhamed <a class=\"mh-excerpt-more\" href=\"https:\/\/myftinia-shkoder.org\/?p=19756\" title=\"Myftiu i Shkodr\u00ebs, i ftuar i B.I.Sh. &#8220;Ebu Hanife&#8221;, n\u00eb Grenchen t\u00eb Zvicr\u00ebs\">[&#8230;]<\/a><\/p>\n<\/div>","protected":false},"author":1,"featured_media":19778,"comment_status":"closed","ping_status":"closed","sticky":false,"template":"","format":"standard","meta":{"footnotes":""},"categories":[13],"tags":[],"class_list":["post-19756","post","type-post","status-publish","format-standard","has-post-thumbnail","hentry","category-aktualitet"],"_links":{"self":[{"href":"https:\/\/myftinia-shkoder.org\/index.php?rest_route=\/wp\/v2\/posts\/19756","targetHints":{"allow":["GET"]}}],"collection":[{"href":"https:\/\/myftinia-shkoder.org\/index.php?rest_route=\/wp\/v2\/posts"}],"about":[{"href":"https:\/\/myftinia-shkoder.org\/index.php?rest_route=\/wp\/v2\/types\/post"}],"author":[{"embeddable":true,"href":"https:\/\/myftinia-shkoder.org\/index.php?rest_route=\/wp\/v2\/users\/1"}],"replies":[{"embeddable":true,"href":"https:\/\/myftinia-shkoder.org\/index.php?rest_route=%2Fwp%2Fv2%2Fcomments&post=19756"}],"version-history":[{"count":1,"href":"https:\/\/myftinia-shkoder.org\/index.php?rest_route=\/wp\/v2\/posts\/19756\/revisions"}],"predecessor-version":[{"id":19780,"href":"https:\/\/myftinia-shkoder.org\/index.php?rest_route=\/wp\/v2\/posts\/19756\/revisions\/19780"}],"wp:featuredmedia":[{"embeddable":true,"href":"https:\/\/myftinia-shkoder.org\/index.php?rest_route=\/wp\/v2\/media\/19778"}],"wp:attachment":[{"href":"https:\/\/myftinia-shkoder.org\/index.php?rest_route=%2Fwp%2Fv2%2Fmedia&parent=19756"}],"wp:term":[{"taxonomy":"category","embeddable":true,"href":"https:\/\/myftinia-shkoder.org\/index.php?rest_route=%2Fwp%2Fv2%2Fcategories&post=19756"},{"taxonomy":"post_tag","embeddable":true,"href":"https:\/\/myftinia-shkoder.org\/index.php?rest_route=%2Fwp%2Fv2%2Ftags&post=19756"}],"curies":[{"name":"wp","href":"https:\/\/api.w.org\/{rel}","templated":true}]}}