{"id":19794,"date":"2025-12-09T19:49:15","date_gmt":"2025-12-09T19:49:15","guid":{"rendered":"https:\/\/myftinia-shkoder.org\/?p=19794"},"modified":"2025-12-09T19:49:15","modified_gmt":"2025-12-09T19:49:15","slug":"myftiu-i-shkodres-priti-kryetarin-e-b-i-asr-e-v-ingolstadt-h-mirsad-dervishi","status":"publish","type":"post","link":"https:\/\/myftinia-shkoder.org\/?p=19794","title":{"rendered":"Myftiu i Shkodr\u00ebs priti Kryetarin e B.I. \u201cASR\u201d e.V. Ingolstadt, H. Mirsad Dervishi"},"content":{"rendered":"<p style=\"text-align: justify;\"><strong>Myftiu i Shkodr\u00ebs priti Kryetarin e B.I. \u201cASR\u201d e.V. Ingolstadt, H. Mirsad Dervishi<\/strong><\/p>\n<p style=\"text-align: justify;\">Dit\u00ebn e mart\u00eb, m\u00eb 9 dhjetor 2025, Myftiu i Shkodr\u00ebs, Imam Muhamed B. Sytari priti n\u00eb nj\u00eb takim t\u00eb p\u00ebrzem\u00ebrt Kryetarin e Bashk\u00ebsis\u00eb Islame \u201cASR\u201d e.V. Ingolstadt, H. Mirsad Dervishi.<\/p>\n<p style=\"text-align: justify;\">Gjat\u00eb takimit t\u00eb p\u00ebrzem\u00ebrt, Myftiu i uroi mir\u00ebseardhjen n\u00eb qytetin e Shkodr\u00ebs mikut t\u00eb vjet\u00ebr, H. Mirsad Dervishi me t\u00eb cilin pati nj\u00eb bashk\u00ebbisedim t\u00eb ngroht\u00eb dhe v\u00ebllaz\u00ebror.<\/p>\n<p style=\"text-align: justify;\">Nga ana e tij, Kryetari i B.I. \u201cASR\u201d e.V., H. Mirsad Dervishi shprehu k\u00ebnaq\u00ebsin\u00eb e madhe t\u00eb k\u00ebsaj vizite n\u00eb qytetin e Shkodr\u00ebs, ku theksoi se Shkodra mbetet nj\u00eb pik\u00eb referimi p\u00ebr t\u00eb gjith\u00eb musliman\u00ebt shqiptar\u00eb, nj\u00eb kryeqend\u00ebr e zhvillimeve t\u00eb m\u00ebdha islame dhe mbi t\u00eb gjitha nj\u00eb pik\u00ebnisje e madhe e rim\u00ebk\u00ebmbjes fetare n\u00eb Shqip\u00ebri.<\/p>\n<p style=\"text-align: justify;\">Me rastin e k\u00ebsaj vizite n\u00eb Shkod\u00ebr, H. Mirsad Dervishi n\u00eb shoq\u00ebrin\u00eb e Myftiut t\u00eb Shkodr\u00ebs zhvilloi nj\u00eb takim edhe n\u00eb xhamin\u00eb e Plumbit, ku bashk\u00ebrisht fal\u00ebn edhe namazin e akshamit.<\/p>\n<p style=\"text-align: justify;\">Gjat\u00eb q\u00ebndrimit n\u00eb kompleksin m\u00eb t\u00eb ri islam t\u00eb qytetit t\u00eb Shkodr\u00ebs miku i shtrenjt\u00eb nga Ingolstadt vler\u00ebsoi pun\u00ebn e madhe q\u00eb \u00ebsht\u00eb b\u00ebr\u00eb p\u00ebr rim\u00ebk\u00ebmbjen e xhamis\u00eb s\u00eb Plumbit dhe kthimin e k\u00ebtij objekti t\u00eb shtrenjt\u00eb n\u00eb nj\u00eb vend t\u00ebrheq\u00ebs p\u00ebr k\u00ebdo q\u00eb viziton Shkodr\u00ebn dhe Shqip\u00ebrin\u00eb.<\/p>\n<p style=\"text-align: justify;\">P\u00ebr nder t\u00eb k\u00ebsaj vizite, Myftiu shtroi nj\u00eb drek\u00eb fal\u00ebnderimi dhe mikpritjeje gjat\u00eb s\u00eb cil\u00ebs u diskutua p\u00ebr tema me interes t\u00eb p\u00ebrbashk\u00ebt.<\/p>\n<div id='gallery-1' class='gallery galleryid-19794 gallery-columns-5 gallery-size-thumbnail'><figure class='gallery-item'>\n\t\t\t<div class='gallery-icon landscape'>\n\t\t\t\t<a href='https:\/\/myftinia-shkoder.org\/?attachment_id=19796'><img loading=\"lazy\" decoding=\"async\" width=\"150\" height=\"150\" src=\"https:\/\/myftinia-shkoder.org\/wp-content\/uploads\/2025\/12\/Myftiu-i-Shkodres-priti-Kryetarin-e-B.I.-ASR-e.V.-Ingolstadt-H.-Mirsad-Dervishi-2-150x150.jpeg\" class=\"attachment-thumbnail size-thumbnail\" alt=\"\" aria-describedby=\"gallery-1-19796\" \/><\/a>\n\t\t\t<\/div>\n\t\t\t\t<figcaption class='wp-caption-text gallery-caption' id='gallery-1-19796'>\n\t\t\t\tMyftiu i Shkodr\u00ebs priti Kryetarin e B.I. \u201cASR\u201d e.V. Ingolstadt, H. Mirsad Dervishi\n\t\t\t\t<\/figcaption><\/figure><figure class='gallery-item'>\n\t\t\t<div class='gallery-icon portrait'>\n\t\t\t\t<a href='https:\/\/myftinia-shkoder.org\/?attachment_id=19799'><img loading=\"lazy\" decoding=\"async\" width=\"150\" height=\"150\" src=\"https:\/\/myftinia-shkoder.org\/wp-content\/uploads\/2025\/12\/Myftiu-i-Shkodres-priti-Kryetarin-e-B.I.-ASR-e.V.-Ingolstadt-H.-Mirsad-Dervishi-5-150x150.jpeg\" class=\"attachment-thumbnail size-thumbnail\" alt=\"\" aria-describedby=\"gallery-1-19799\" \/><\/a>\n\t\t\t<\/div>\n\t\t\t\t<figcaption class='wp-caption-text gallery-caption' id='gallery-1-19799'>\n\t\t\t\tMyftiu i Shkodr\u00ebs priti Kryetarin e B.I. \u201cASR\u201d e.V. Ingolstadt, H. Mirsad Dervishi\n\t\t\t\t<\/figcaption><\/figure><figure class='gallery-item'>\n\t\t\t<div class='gallery-icon landscape'>\n\t\t\t\t<a href='https:\/\/myftinia-shkoder.org\/?attachment_id=19798'><img loading=\"lazy\" decoding=\"async\" width=\"150\" height=\"150\" src=\"https:\/\/myftinia-shkoder.org\/wp-content\/uploads\/2025\/12\/Myftiu-i-Shkodres-priti-Kryetarin-e-B.I.-ASR-e.V.-Ingolstadt-H.-Mirsad-Dervishi-4-150x150.jpeg\" class=\"attachment-thumbnail size-thumbnail\" alt=\"\" aria-describedby=\"gallery-1-19798\" \/><\/a>\n\t\t\t<\/div>\n\t\t\t\t<figcaption class='wp-caption-text gallery-caption' id='gallery-1-19798'>\n\t\t\t\tMyftiu i Shkodr\u00ebs priti Kryetarin e B.I. \u201cASR\u201d e.V. Ingolstadt, H. Mirsad Dervishi\n\t\t\t\t<\/figcaption><\/figure><figure class='gallery-item'>\n\t\t\t<div class='gallery-icon portrait'>\n\t\t\t\t<a href='https:\/\/myftinia-shkoder.org\/?attachment_id=19797'><img loading=\"lazy\" decoding=\"async\" width=\"150\" height=\"150\" src=\"https:\/\/myftinia-shkoder.org\/wp-content\/uploads\/2025\/12\/Myftiu-i-Shkodres-priti-Kryetarin-e-B.I.-ASR-e.V.-Ingolstadt-H.-Mirsad-Dervishi-3-150x150.jpeg\" class=\"attachment-thumbnail size-thumbnail\" alt=\"\" aria-describedby=\"gallery-1-19797\" \/><\/a>\n\t\t\t<\/div>\n\t\t\t\t<figcaption class='wp-caption-text gallery-caption' id='gallery-1-19797'>\n\t\t\t\tMyftiu i Shkodr\u00ebs priti Kryetarin e B.I. \u201cASR\u201d e.V. Ingolstadt, H. Mirsad Dervishi\n\t\t\t\t<\/figcaption><\/figure><figure class='gallery-item'>\n\t\t\t<div class='gallery-icon landscape'>\n\t\t\t\t<a href='https:\/\/myftinia-shkoder.org\/?attachment_id=19795'><img loading=\"lazy\" decoding=\"async\" width=\"150\" height=\"150\" src=\"https:\/\/myftinia-shkoder.org\/wp-content\/uploads\/2025\/12\/Myftiu-i-Shkodres-priti-Kryetarin-e-B.I.-ASR-e.V.-Ingolstadt-H.-Mirsad-Dervishi-1-150x150.jpeg\" class=\"attachment-thumbnail size-thumbnail\" alt=\"\" aria-describedby=\"gallery-1-19795\" \/><\/a>\n\t\t\t<\/div>\n\t\t\t\t<figcaption class='wp-caption-text gallery-caption' id='gallery-1-19795'>\n\t\t\t\tMyftiu i Shkodr\u00ebs priti Kryetarin e B.I. \u201cASR\u201d e.V. Ingolstadt, H. Mirsad Dervishi\n\t\t\t\t<\/figcaption><\/figure>\n\t\t<\/div>\n\n","protected":false},"excerpt":{"rendered":"<div class=\"mh-excerpt\"><p>Myftiu i Shkodr\u00ebs priti Kryetarin e B.I. \u201cASR\u201d e.V. Ingolstadt, H. Mirsad Dervishi Dit\u00ebn e mart\u00eb, m\u00eb 9 dhjetor 2025, Myftiu i Shkodr\u00ebs, Imam Muhamed B. Sytari priti n\u00eb nj\u00eb takim t\u00eb p\u00ebrzem\u00ebrt Kryetarin e <a class=\"mh-excerpt-more\" href=\"https:\/\/myftinia-shkoder.org\/?p=19794\" title=\"Myftiu i Shkodr\u00ebs priti Kryetarin e B.I. \u201cASR\u201d e.V. Ingolstadt, H. Mirsad Dervishi\">[&#8230;]<\/a><\/p>\n<\/div>","protected":false},"author":1,"featured_media":19796,"comment_status":"closed","ping_status":"closed","sticky":false,"template":"","format":"standard","meta":{"footnotes":""},"categories":[2],"tags":[],"class_list":["post-19794","post","type-post","status-publish","format-standard","has-post-thumbnail","hentry","category-vizitore"],"_links":{"self":[{"href":"https:\/\/myftinia-shkoder.org\/index.php?rest_route=\/wp\/v2\/posts\/19794","targetHints":{"allow":["GET"]}}],"collection":[{"href":"https:\/\/myftinia-shkoder.org\/index.php?rest_route=\/wp\/v2\/posts"}],"about":[{"href":"https:\/\/myftinia-shkoder.org\/index.php?rest_route=\/wp\/v2\/types\/post"}],"author":[{"embeddable":true,"href":"https:\/\/myftinia-shkoder.org\/index.php?rest_route=\/wp\/v2\/users\/1"}],"replies":[{"embeddable":true,"href":"https:\/\/myftinia-shkoder.org\/index.php?rest_route=%2Fwp%2Fv2%2Fcomments&post=19794"}],"version-history":[{"count":1,"href":"https:\/\/myftinia-shkoder.org\/index.php?rest_route=\/wp\/v2\/posts\/19794\/revisions"}],"predecessor-version":[{"id":19800,"href":"https:\/\/myftinia-shkoder.org\/index.php?rest_route=\/wp\/v2\/posts\/19794\/revisions\/19800"}],"wp:featuredmedia":[{"embeddable":true,"href":"https:\/\/myftinia-shkoder.org\/index.php?rest_route=\/wp\/v2\/media\/19796"}],"wp:attachment":[{"href":"https:\/\/myftinia-shkoder.org\/index.php?rest_route=%2Fwp%2Fv2%2Fmedia&parent=19794"}],"wp:term":[{"taxonomy":"category","embeddable":true,"href":"https:\/\/myftinia-shkoder.org\/index.php?rest_route=%2Fwp%2Fv2%2Fcategories&post=19794"},{"taxonomy":"post_tag","embeddable":true,"href":"https:\/\/myftinia-shkoder.org\/index.php?rest_route=%2Fwp%2Fv2%2Ftags&post=19794"}],"curies":[{"name":"wp","href":"https:\/\/api.w.org\/{rel}","templated":true}]}}