{"id":19809,"date":"2025-12-10T13:20:12","date_gmt":"2025-12-10T13:20:12","guid":{"rendered":"https:\/\/myftinia-shkoder.org\/?p=19809"},"modified":"2025-12-10T13:24:21","modified_gmt":"2025-12-10T13:24:21","slug":"u-zhvillua-mbledhja-e-radhes-e-imameve-te-myftinise-shkoder","status":"publish","type":"post","link":"https:\/\/myftinia-shkoder.org\/?p=19809","title":{"rendered":"U zhvillua mbledhja e radh\u00ebs e imam\u00ebve t\u00eb Myftinis\u00eb\u00a0Shkod\u00ebr"},"content":{"rendered":"<p style=\"text-align: justify;\"><strong>U zhvillua mbledhja e radh\u00ebs e imam\u00ebve t\u00eb Myftinis\u00eb\u00a0Shkod\u00ebr<\/strong><\/p>\n<p style=\"text-align: justify;\">Paraditen e s\u00eb m\u00ebrkur\u00ebs, m\u00eb 10 dhjetor 2025, u zhvillua mbledhja e radh\u00ebs e imam\u00ebve t\u00eb Myftinis\u00eb\u00a0Shkod\u00ebr.<\/p>\n<p style=\"text-align: justify;\">Thelbi i k\u00ebtij takimi ishte diskutimi mbi disa \u00e7\u00ebshtje me r\u00ebnd\u00ebsi p\u00ebr sh\u00ebrbimet dhe angazhimet plot p\u00ebrkushtim t\u00eb imam\u00ebve t\u00eb Myftinis\u00eb Shkod\u00ebr.<\/p>\n<p style=\"text-align: justify;\">Nj\u00eb v\u00ebmendje e posa\u00e7me iu kushtua qarkores s\u00eb Komunitetit Mysliman t\u00eb Shqip\u00ebris\u00eb p\u00ebr disiplinimin e ceremonive t\u00eb kuror\u00ebzimit, ku sipas udh\u00ebzimeve paraprake u vu theksi te r\u00ebnd\u00ebsia q\u00eb ka ky sh\u00ebrbim p\u00ebr \u00e7iftet e reja, si dhe u vler\u00ebsua roli i imamit n\u00eb nd\u00ebrgjegj\u00ebsimin e besimtar\u00ebve dhe mas\u00ebs s\u00eb gjer\u00eb p\u00ebr vler\u00ebn dhe r\u00ebnd\u00ebsin\u00eb e k\u00ebsaj tematike q\u00eb lidhet me familjen dhe pozit\u00ebn e saj n\u00eb fen\u00eb islame.<\/p>\n<p style=\"text-align: justify;\">U diskutua edhe p\u00ebr nj\u00eb s\u00ebr\u00eb \u00e7\u00ebshtjesh me interes p\u00ebr komunitetin, si dhe u dhan\u00eb udh\u00ebzimet e duhura p\u00ebr mbar\u00ebvajtjen e pun\u00ebs n\u00eb vazhdim.<\/p>\n<div id='gallery-1' class='gallery galleryid-19809 gallery-columns-4 gallery-size-thumbnail'><figure class='gallery-item'>\n\t\t\t<div class='gallery-icon landscape'>\n\t\t\t\t<a href='https:\/\/myftinia-shkoder.org\/?attachment_id=19816'><img loading=\"lazy\" decoding=\"async\" width=\"150\" height=\"150\" src=\"https:\/\/myftinia-shkoder.org\/wp-content\/uploads\/2025\/12\/U-zhvillua-mbledhja-e-radhes-e-imameve-te-Myftinise-Shkoder-7-150x150.jpg\" class=\"attachment-thumbnail size-thumbnail\" alt=\"\" aria-describedby=\"gallery-1-19816\" \/><\/a>\n\t\t\t<\/div>\n\t\t\t\t<figcaption class='wp-caption-text gallery-caption' id='gallery-1-19816'>\n\t\t\t\tU zhvillua mbledhja e radh\u00ebs e imam\u00ebve t\u00eb Myftinis\u00eb\u00a0Shkod\u00ebr\n\t\t\t\t<\/figcaption><\/figure><figure class='gallery-item'>\n\t\t\t<div class='gallery-icon landscape'>\n\t\t\t\t<a href='https:\/\/myftinia-shkoder.org\/?attachment_id=19815'><img loading=\"lazy\" decoding=\"async\" width=\"150\" height=\"150\" src=\"https:\/\/myftinia-shkoder.org\/wp-content\/uploads\/2025\/12\/U-zhvillua-mbledhja-e-radhes-e-imameve-te-Myftinise-Shkoder-6-150x150.jpg\" class=\"attachment-thumbnail size-thumbnail\" alt=\"\" aria-describedby=\"gallery-1-19815\" \/><\/a>\n\t\t\t<\/div>\n\t\t\t\t<figcaption class='wp-caption-text gallery-caption' id='gallery-1-19815'>\n\t\t\t\tU zhvillua mbledhja e radh\u00ebs e imam\u00ebve t\u00eb Myftinis\u00eb\u00a0Shkod\u00ebr\n\t\t\t\t<\/figcaption><\/figure><figure class='gallery-item'>\n\t\t\t<div class='gallery-icon landscape'>\n\t\t\t\t<a href='https:\/\/myftinia-shkoder.org\/?attachment_id=19814'><img loading=\"lazy\" decoding=\"async\" width=\"150\" height=\"150\" src=\"https:\/\/myftinia-shkoder.org\/wp-content\/uploads\/2025\/12\/U-zhvillua-mbledhja-e-radhes-e-imameve-te-Myftinise-Shkoder-5-150x150.jpg\" class=\"attachment-thumbnail size-thumbnail\" alt=\"\" aria-describedby=\"gallery-1-19814\" \/><\/a>\n\t\t\t<\/div>\n\t\t\t\t<figcaption class='wp-caption-text gallery-caption' id='gallery-1-19814'>\n\t\t\t\tU zhvillua mbledhja e radh\u00ebs e imam\u00ebve t\u00eb Myftinis\u00eb\u00a0Shkod\u00ebr\n\t\t\t\t<\/figcaption><\/figure><figure class='gallery-item'>\n\t\t\t<div class='gallery-icon landscape'>\n\t\t\t\t<a href='https:\/\/myftinia-shkoder.org\/?attachment_id=19813'><img loading=\"lazy\" decoding=\"async\" width=\"150\" height=\"150\" src=\"https:\/\/myftinia-shkoder.org\/wp-content\/uploads\/2025\/12\/U-zhvillua-mbledhja-e-radhes-e-imameve-te-Myftinise-Shkoder-4-150x150.jpg\" class=\"attachment-thumbnail size-thumbnail\" alt=\"\" aria-describedby=\"gallery-1-19813\" \/><\/a>\n\t\t\t<\/div>\n\t\t\t\t<figcaption class='wp-caption-text gallery-caption' id='gallery-1-19813'>\n\t\t\t\tU zhvillua mbledhja e radh\u00ebs e imam\u00ebve t\u00eb Myftinis\u00eb\u00a0Shkod\u00ebr\n\t\t\t\t<\/figcaption><\/figure><figure class='gallery-item'>\n\t\t\t<div class='gallery-icon landscape'>\n\t\t\t\t<a href='https:\/\/myftinia-shkoder.org\/?attachment_id=19812'><img loading=\"lazy\" decoding=\"async\" width=\"150\" height=\"150\" src=\"https:\/\/myftinia-shkoder.org\/wp-content\/uploads\/2025\/12\/U-zhvillua-mbledhja-e-radhes-e-imameve-te-Myftinise-Shkoder-3-150x150.jpg\" class=\"attachment-thumbnail size-thumbnail\" alt=\"\" aria-describedby=\"gallery-1-19812\" \/><\/a>\n\t\t\t<\/div>\n\t\t\t\t<figcaption class='wp-caption-text gallery-caption' id='gallery-1-19812'>\n\t\t\t\tU zhvillua mbledhja e radh\u00ebs e imam\u00ebve t\u00eb Myftinis\u00eb\u00a0Shkod\u00ebr\n\t\t\t\t<\/figcaption><\/figure><figure class='gallery-item'>\n\t\t\t<div class='gallery-icon landscape'>\n\t\t\t\t<a href='https:\/\/myftinia-shkoder.org\/?attachment_id=19811'><img loading=\"lazy\" decoding=\"async\" width=\"150\" height=\"150\" src=\"https:\/\/myftinia-shkoder.org\/wp-content\/uploads\/2025\/12\/U-zhvillua-mbledhja-e-radhes-e-imameve-te-Myftinise-Shkoder-2-150x150.jpg\" class=\"attachment-thumbnail size-thumbnail\" alt=\"\" aria-describedby=\"gallery-1-19811\" \/><\/a>\n\t\t\t<\/div>\n\t\t\t\t<figcaption class='wp-caption-text gallery-caption' id='gallery-1-19811'>\n\t\t\t\tU zhvillua mbledhja e radh\u00ebs e imam\u00ebve t\u00eb Myftinis\u00eb\u00a0Shkod\u00ebr\n\t\t\t\t<\/figcaption><\/figure><figure class='gallery-item'>\n\t\t\t<div class='gallery-icon landscape'>\n\t\t\t\t<a href='https:\/\/myftinia-shkoder.org\/?attachment_id=19810'><img loading=\"lazy\" decoding=\"async\" width=\"150\" height=\"150\" src=\"https:\/\/myftinia-shkoder.org\/wp-content\/uploads\/2025\/12\/U-zhvillua-mbledhja-e-radhes-e-imameve-te-Myftinise-Shkoder-1-150x150.jpg\" class=\"attachment-thumbnail size-thumbnail\" alt=\"\" aria-describedby=\"gallery-1-19810\" \/><\/a>\n\t\t\t<\/div>\n\t\t\t\t<figcaption class='wp-caption-text gallery-caption' id='gallery-1-19810'>\n\t\t\t\tU zhvillua mbledhja e radh\u00ebs e imam\u00ebve t\u00eb Myftinis\u00eb\u00a0Shkod\u00ebr\n\t\t\t\t<\/figcaption><\/figure>\n\t\t<\/div>\n\n","protected":false},"excerpt":{"rendered":"<div class=\"mh-excerpt\"><p>U zhvillua mbledhja e radh\u00ebs e imam\u00ebve t\u00eb Myftinis\u00eb\u00a0Shkod\u00ebr Paraditen e s\u00eb m\u00ebrkur\u00ebs, m\u00eb 10 dhjetor 2025, u zhvillua mbledhja e radh\u00ebs e imam\u00ebve t\u00eb Myftinis\u00eb\u00a0Shkod\u00ebr. Thelbi i k\u00ebtij takimi ishte diskutimi mbi disa \u00e7\u00ebshtje <a class=\"mh-excerpt-more\" href=\"https:\/\/myftinia-shkoder.org\/?p=19809\" title=\"U zhvillua mbledhja e radh\u00ebs e imam\u00ebve t\u00eb Myftinis\u00eb\u00a0Shkod\u00ebr\">[&#8230;]<\/a><\/p>\n<\/div>","protected":false},"author":1,"featured_media":19815,"comment_status":"closed","ping_status":"closed","sticky":false,"template":"","format":"standard","meta":{"footnotes":""},"categories":[13],"tags":[],"class_list":["post-19809","post","type-post","status-publish","format-standard","has-post-thumbnail","hentry","category-aktualitet"],"_links":{"self":[{"href":"https:\/\/myftinia-shkoder.org\/index.php?rest_route=\/wp\/v2\/posts\/19809","targetHints":{"allow":["GET"]}}],"collection":[{"href":"https:\/\/myftinia-shkoder.org\/index.php?rest_route=\/wp\/v2\/posts"}],"about":[{"href":"https:\/\/myftinia-shkoder.org\/index.php?rest_route=\/wp\/v2\/types\/post"}],"author":[{"embeddable":true,"href":"https:\/\/myftinia-shkoder.org\/index.php?rest_route=\/wp\/v2\/users\/1"}],"replies":[{"embeddable":true,"href":"https:\/\/myftinia-shkoder.org\/index.php?rest_route=%2Fwp%2Fv2%2Fcomments&post=19809"}],"version-history":[{"count":1,"href":"https:\/\/myftinia-shkoder.org\/index.php?rest_route=\/wp\/v2\/posts\/19809\/revisions"}],"predecessor-version":[{"id":19817,"href":"https:\/\/myftinia-shkoder.org\/index.php?rest_route=\/wp\/v2\/posts\/19809\/revisions\/19817"}],"wp:featuredmedia":[{"embeddable":true,"href":"https:\/\/myftinia-shkoder.org\/index.php?rest_route=\/wp\/v2\/media\/19815"}],"wp:attachment":[{"href":"https:\/\/myftinia-shkoder.org\/index.php?rest_route=%2Fwp%2Fv2%2Fmedia&parent=19809"}],"wp:term":[{"taxonomy":"category","embeddable":true,"href":"https:\/\/myftinia-shkoder.org\/index.php?rest_route=%2Fwp%2Fv2%2Fcategories&post=19809"},{"taxonomy":"post_tag","embeddable":true,"href":"https:\/\/myftinia-shkoder.org\/index.php?rest_route=%2Fwp%2Fv2%2Ftags&post=19809"}],"curies":[{"name":"wp","href":"https:\/\/api.w.org\/{rel}","templated":true}]}}