{"id":20089,"date":"2026-01-13T11:22:44","date_gmt":"2026-01-13T11:22:44","guid":{"rendered":"https:\/\/myftinia-shkoder.org\/?p=20089"},"modified":"2026-01-13T11:22:44","modified_gmt":"2026-01-13T11:22:44","slug":"myftiu-i-shkodres-vizitoi-bashkesine-islame-shqiptare-ne-danimarke","status":"publish","type":"post","link":"https:\/\/myftinia-shkoder.org\/?p=20089","title":{"rendered":"Myftiu i Shkodr\u00ebs vizitoi Bashk\u00ebsin\u00eb Islame Shqiptare n\u00eb Danimark\u00eb"},"content":{"rendered":"<p style=\"text-align: justify;\"><strong>Myftiu i Shkodr\u00ebs vizitoi Bashk\u00ebsin\u00eb Islame Shqiptare n\u00eb Danimark\u00eb<\/strong><\/p>\n<p style=\"text-align: justify;\">Me ftes\u00eb zyrtare t\u00eb Bashk\u00ebsis\u00eb Islame Shqiptare n\u00eb Danimark\u00eb, Myftiu i Shkodr\u00ebs, Imam Muhamed B. Sytari, mori pjes\u00eb n\u00eb disa prej aktiviteteve t\u00eb saj t\u00eb larmishme p\u00ebrgjat\u00eb periudh\u00ebs 8-11 janar 2026.<\/p>\n<p style=\"text-align: justify;\">Gjat\u00eb k\u00ebsaj vizite t\u00eb par\u00eb n\u00eb Kopenhag\u00eb, Myftiu Sytari u takua me Kryetarin e Bashk\u00ebsis\u00eb Islame Shqiptare n\u00eb Danimark\u00eb, H. Basri Kurtishi, prej t\u00eb cilit m\u00ebsoi p\u00ebr historikun e organizmit t\u00eb musliman\u00ebve shqiptar\u00eb n\u00eb Danimark\u00eb dhe aktivitetin e xhamis\u00eb n\u00eb vendet skandinave.<\/p>\n<p style=\"text-align: justify;\">Dit\u00ebn e xhuma, m\u00eb 9 janar 2026, Myftiu i Shkodr\u00ebs mbajti hytben e xhumas\u00eb n\u00eb xhamin\u00eb e shqiptar\u00ebve n\u00eb Kopenhag\u00eb, ku iu drejtua t\u00eb pranishm\u00ebve me disa mesazhe q\u00eb lidhen me edukimin e brezit t\u00eb ri me vlerat e udh\u00ebzimit dhe dinjitetin e t\u00eb d\u00ebshmuarit si m\u00ebk\u00ebmb\u00ebs i Allahut n\u00eb tok\u00eb.<\/p>\n<p style=\"text-align: justify;\">Nd\u00ebrkoh\u00eb, dit\u00ebn e shtun\u00eb, m\u00eb 10 janar 2026, Myftiu Sytari ligj\u00ebroi n\u00eb ceremonin\u00eb e p\u00ebrfundimit t\u00eb Hatmes s\u00eb Kur&#8217;anit nga nj\u00eb grup i madh student\u00ebsh shqiptar\u00eb t\u00eb k\u00ebsaj xhamie, ku dha mesazhet e tij, t\u00eb shoq\u00ebruara me fal\u00ebnderimet dhe mir\u00ebnjohjen e thell\u00eb p\u00ebr Kryetarin e Bashk\u00ebsis\u00eb Islame Shqiptare n\u00eb Danimark\u00eb, H. Basri Kurtishi, fal\u00eb p\u00ebrkushtimit t\u00eb cilit, d\u00ebshmohet kjo arritje e madhe.<\/p>\n<p style=\"text-align: justify;\">Gjat\u00eb q\u00ebndrimit n\u00eb Danimark\u00eb, Myftiu i Shkodr\u00ebs u takua edhe me gazetarin e njohur t\u00eb Radio &#8220;Projekt 21&#8221; n\u00eb Kopenhag\u00ebn, z. Luigj Shkodrani, t\u00eb cilin e fal\u00ebnderoi p\u00ebr bashk\u00ebpunimet e kahershme dhe pranin\u00eb e tij n\u00eb xhamin\u00eb shqiptare n\u00eb Kopenhag\u00eb, edhe si nj\u00eb d\u00ebshmi e harmonis\u00eb komb\u00ebtare dhe bashk\u00ebpunimit me vler\u00eb n\u00eb mesin e shqiptar\u00ebve n\u00eb bot\u00eb.<\/p>\n<p style=\"text-align: justify;\">Myftiu vizitoi edhe Xhamin\u00eb Qendrore Shqiptare n\u00eb Kopenhag\u00ebn, ku u mir\u00ebprit nga imami i nderuar, H. Ruzhdi Asipi, k\u00ebshilli dhe besimtar\u00ebt, me t\u00eb cil\u00ebt zhvilloi nj\u00eb bashk\u00ebbisedim v\u00ebllaz\u00ebror.<\/p>\n<p style=\"text-align: justify;\">Myftiu Sytari vizitoi edhe xhamin\u00eb e madhe t\u00eb Malmoes n\u00eb Suedi, q\u00eb udh\u00ebhiqet nga imami i nderuar shqiptar, H. Roland Vishkurti.<\/p>\n<p style=\"text-align: justify;\">N\u00eb p\u00ebrfundim t\u00eb k\u00ebsaj vizite t\u00eb paharruar, Myftiu Imam Muhamed B. Sytari, shprehu mir\u00ebnjohjen dhe fal\u00ebnderimet e tij p\u00ebr ftes\u00ebn bujare t\u00eb Bashk\u00ebsis\u00eb Islame Shqiptare n\u00eb Kopenhag\u00eb dhe u lut p\u00ebr suksese t\u00eb vazhdueshme n\u00eb rrug\u00ebn e p\u00ebrhapjes s\u00eb udh\u00ebzimit islam me urt\u00ebsi e largpam\u00ebsi.<\/p>\n<div id='gallery-1' class='gallery galleryid-20089 gallery-columns-5 gallery-size-thumbnail'><figure class='gallery-item'>\n\t\t\t<div class='gallery-icon portrait'>\n\t\t\t\t<a href='https:\/\/myftinia-shkoder.org\/?attachment_id=20090'><img loading=\"lazy\" decoding=\"async\" width=\"150\" height=\"150\" src=\"https:\/\/myftinia-shkoder.org\/wp-content\/uploads\/2026\/01\/Myftiu-i-Shkodres-vizitoi-Bashkesine-Islame-Shqiptare-ne-Danimarke-1-150x150.jpeg\" class=\"attachment-thumbnail size-thumbnail\" alt=\"\" aria-describedby=\"gallery-1-20090\" \/><\/a>\n\t\t\t<\/div>\n\t\t\t\t<figcaption class='wp-caption-text gallery-caption' id='gallery-1-20090'>\n\t\t\t\tMyftiu i Shkodr\u00ebs vizitoi Bashk\u00ebsin\u00eb Islame Shqiptare n\u00eb Danimark\u00eb\n\t\t\t\t<\/figcaption><\/figure><figure class='gallery-item'>\n\t\t\t<div class='gallery-icon portrait'>\n\t\t\t\t<a href='https:\/\/myftinia-shkoder.org\/?attachment_id=20091'><img loading=\"lazy\" decoding=\"async\" width=\"150\" height=\"150\" src=\"https:\/\/myftinia-shkoder.org\/wp-content\/uploads\/2026\/01\/Myftiu-i-Shkodres-vizitoi-Bashkesine-Islame-Shqiptare-ne-Danimarke-2-150x150.jpeg\" class=\"attachment-thumbnail size-thumbnail\" alt=\"\" aria-describedby=\"gallery-1-20091\" \/><\/a>\n\t\t\t<\/div>\n\t\t\t\t<figcaption class='wp-caption-text gallery-caption' id='gallery-1-20091'>\n\t\t\t\tMyftiu i Shkodr\u00ebs vizitoi Bashk\u00ebsin\u00eb Islame Shqiptare n\u00eb Danimark\u00eb\n\t\t\t\t<\/figcaption><\/figure><figure class='gallery-item'>\n\t\t\t<div class='gallery-icon landscape'>\n\t\t\t\t<a href='https:\/\/myftinia-shkoder.org\/?attachment_id=20092'><img loading=\"lazy\" decoding=\"async\" width=\"150\" height=\"150\" src=\"https:\/\/myftinia-shkoder.org\/wp-content\/uploads\/2026\/01\/Myftiu-i-Shkodres-vizitoi-Bashkesine-Islame-Shqiptare-ne-Danimarke-3-150x150.jpeg\" class=\"attachment-thumbnail size-thumbnail\" alt=\"\" aria-describedby=\"gallery-1-20092\" \/><\/a>\n\t\t\t<\/div>\n\t\t\t\t<figcaption class='wp-caption-text gallery-caption' id='gallery-1-20092'>\n\t\t\t\tMyftiu i Shkodr\u00ebs vizitoi Bashk\u00ebsin\u00eb Islame Shqiptare n\u00eb Danimark\u00eb\n\t\t\t\t<\/figcaption><\/figure><figure class='gallery-item'>\n\t\t\t<div class='gallery-icon landscape'>\n\t\t\t\t<a href='https:\/\/myftinia-shkoder.org\/?attachment_id=20093'><img loading=\"lazy\" decoding=\"async\" width=\"150\" height=\"150\" src=\"https:\/\/myftinia-shkoder.org\/wp-content\/uploads\/2026\/01\/Myftiu-i-Shkodres-vizitoi-Bashkesine-Islame-Shqiptare-ne-Danimarke-4-150x150.jpeg\" class=\"attachment-thumbnail size-thumbnail\" alt=\"\" aria-describedby=\"gallery-1-20093\" \/><\/a>\n\t\t\t<\/div>\n\t\t\t\t<figcaption class='wp-caption-text gallery-caption' id='gallery-1-20093'>\n\t\t\t\tMyftiu i Shkodr\u00ebs vizitoi Bashk\u00ebsin\u00eb Islame Shqiptare n\u00eb Danimark\u00eb\n\t\t\t\t<\/figcaption><\/figure><figure class='gallery-item'>\n\t\t\t<div class='gallery-icon landscape'>\n\t\t\t\t<a href='https:\/\/myftinia-shkoder.org\/?attachment_id=20094'><img loading=\"lazy\" decoding=\"async\" width=\"150\" height=\"150\" src=\"https:\/\/myftinia-shkoder.org\/wp-content\/uploads\/2026\/01\/Myftiu-i-Shkodres-vizitoi-Bashkesine-Islame-Shqiptare-ne-Danimarke-5-150x150.jpeg\" class=\"attachment-thumbnail size-thumbnail\" alt=\"\" aria-describedby=\"gallery-1-20094\" \/><\/a>\n\t\t\t<\/div>\n\t\t\t\t<figcaption class='wp-caption-text gallery-caption' id='gallery-1-20094'>\n\t\t\t\tMyftiu i Shkodr\u00ebs vizitoi Bashk\u00ebsin\u00eb Islame Shqiptare n\u00eb Danimark\u00eb\n\t\t\t\t<\/figcaption><\/figure><figure class='gallery-item'>\n\t\t\t<div class='gallery-icon landscape'>\n\t\t\t\t<a href='https:\/\/myftinia-shkoder.org\/?attachment_id=20095'><img loading=\"lazy\" decoding=\"async\" width=\"150\" height=\"150\" src=\"https:\/\/myftinia-shkoder.org\/wp-content\/uploads\/2026\/01\/Myftiu-i-Shkodres-vizitoi-Bashkesine-Islame-Shqiptare-ne-Danimarke-6-150x150.jpeg\" class=\"attachment-thumbnail size-thumbnail\" alt=\"\" aria-describedby=\"gallery-1-20095\" \/><\/a>\n\t\t\t<\/div>\n\t\t\t\t<figcaption class='wp-caption-text gallery-caption' id='gallery-1-20095'>\n\t\t\t\tMyftiu i Shkodr\u00ebs vizitoi Bashk\u00ebsin\u00eb Islame Shqiptare n\u00eb Danimark\u00eb\n\t\t\t\t<\/figcaption><\/figure><figure class='gallery-item'>\n\t\t\t<div class='gallery-icon landscape'>\n\t\t\t\t<a href='https:\/\/myftinia-shkoder.org\/?attachment_id=20096'><img loading=\"lazy\" decoding=\"async\" width=\"150\" height=\"150\" src=\"https:\/\/myftinia-shkoder.org\/wp-content\/uploads\/2026\/01\/Myftiu-i-Shkodres-vizitoi-Bashkesine-Islame-Shqiptare-ne-Danimarke-7-150x150.jpeg\" class=\"attachment-thumbnail size-thumbnail\" alt=\"\" aria-describedby=\"gallery-1-20096\" \/><\/a>\n\t\t\t<\/div>\n\t\t\t\t<figcaption class='wp-caption-text gallery-caption' id='gallery-1-20096'>\n\t\t\t\tMyftiu i Shkodr\u00ebs vizitoi Bashk\u00ebsin\u00eb Islame Shqiptare n\u00eb Danimark\u00eb\n\t\t\t\t<\/figcaption><\/figure><figure class='gallery-item'>\n\t\t\t<div class='gallery-icon portrait'>\n\t\t\t\t<a href='https:\/\/myftinia-shkoder.org\/?attachment_id=20097'><img loading=\"lazy\" decoding=\"async\" width=\"150\" height=\"150\" src=\"https:\/\/myftinia-shkoder.org\/wp-content\/uploads\/2026\/01\/Myftiu-i-Shkodres-vizitoi-Bashkesine-Islame-Shqiptare-ne-Danimarke-8-150x150.jpeg\" class=\"attachment-thumbnail size-thumbnail\" alt=\"\" aria-describedby=\"gallery-1-20097\" \/><\/a>\n\t\t\t<\/div>\n\t\t\t\t<figcaption class='wp-caption-text gallery-caption' id='gallery-1-20097'>\n\t\t\t\tMyftiu i Shkodr\u00ebs vizitoi Bashk\u00ebsin\u00eb Islame Shqiptare n\u00eb Danimark\u00eb\n\t\t\t\t<\/figcaption><\/figure><figure class='gallery-item'>\n\t\t\t<div class='gallery-icon landscape'>\n\t\t\t\t<a href='https:\/\/myftinia-shkoder.org\/?attachment_id=20098'><img loading=\"lazy\" decoding=\"async\" width=\"150\" height=\"150\" src=\"https:\/\/myftinia-shkoder.org\/wp-content\/uploads\/2026\/01\/Myftiu-i-Shkodres-vizitoi-Bashkesine-Islame-Shqiptare-ne-Danimarke-9-150x150.jpeg\" class=\"attachment-thumbnail size-thumbnail\" alt=\"\" aria-describedby=\"gallery-1-20098\" srcset=\"https:\/\/myftinia-shkoder.org\/wp-content\/uploads\/2026\/01\/Myftiu-i-Shkodres-vizitoi-Bashkesine-Islame-Shqiptare-ne-Danimarke-9-150x150.jpeg 150w, https:\/\/myftinia-shkoder.org\/wp-content\/uploads\/2026\/01\/Myftiu-i-Shkodres-vizitoi-Bashkesine-Islame-Shqiptare-ne-Danimarke-9-300x300.jpeg 300w, https:\/\/myftinia-shkoder.org\/wp-content\/uploads\/2026\/01\/Myftiu-i-Shkodres-vizitoi-Bashkesine-Islame-Shqiptare-ne-Danimarke-9-1024x1024.jpeg 1024w, https:\/\/myftinia-shkoder.org\/wp-content\/uploads\/2026\/01\/Myftiu-i-Shkodres-vizitoi-Bashkesine-Islame-Shqiptare-ne-Danimarke-9-768x768.jpeg 768w, https:\/\/myftinia-shkoder.org\/wp-content\/uploads\/2026\/01\/Myftiu-i-Shkodres-vizitoi-Bashkesine-Islame-Shqiptare-ne-Danimarke-9-1536x1536.jpeg 1536w, https:\/\/myftinia-shkoder.org\/wp-content\/uploads\/2026\/01\/Myftiu-i-Shkodres-vizitoi-Bashkesine-Islame-Shqiptare-ne-Danimarke-9.jpeg 2048w\" sizes=\"auto, (max-width: 150px) 100vw, 150px\" \/><\/a>\n\t\t\t<\/div>\n\t\t\t\t<figcaption class='wp-caption-text gallery-caption' id='gallery-1-20098'>\n\t\t\t\tMyftiu i Shkodr\u00ebs vizitoi Bashk\u00ebsin\u00eb Islame Shqiptare n\u00eb Danimark\u00eb\n\t\t\t\t<\/figcaption><\/figure><figure class='gallery-item'>\n\t\t\t<div class='gallery-icon portrait'>\n\t\t\t\t<a href='https:\/\/myftinia-shkoder.org\/?attachment_id=20099'><img loading=\"lazy\" decoding=\"async\" width=\"150\" height=\"150\" src=\"https:\/\/myftinia-shkoder.org\/wp-content\/uploads\/2026\/01\/Myftiu-i-Shkodres-vizitoi-Bashkesine-Islame-Shqiptare-ne-Danimarke-10-150x150.jpeg\" class=\"attachment-thumbnail size-thumbnail\" alt=\"\" aria-describedby=\"gallery-1-20099\" \/><\/a>\n\t\t\t<\/div>\n\t\t\t\t<figcaption class='wp-caption-text gallery-caption' id='gallery-1-20099'>\n\t\t\t\tMyftiu i Shkodr\u00ebs vizitoi Bashk\u00ebsin\u00eb Islame Shqiptare n\u00eb Danimark\u00eb\n\t\t\t\t<\/figcaption><\/figure><figure class='gallery-item'>\n\t\t\t<div class='gallery-icon landscape'>\n\t\t\t\t<a href='https:\/\/myftinia-shkoder.org\/?attachment_id=20100'><img loading=\"lazy\" decoding=\"async\" width=\"150\" height=\"150\" src=\"https:\/\/myftinia-shkoder.org\/wp-content\/uploads\/2026\/01\/Myftiu-i-Shkodres-vizitoi-Bashkesine-Islame-Shqiptare-ne-Danimarke-11-150x150.jpeg\" class=\"attachment-thumbnail size-thumbnail\" alt=\"\" aria-describedby=\"gallery-1-20100\" \/><\/a>\n\t\t\t<\/div>\n\t\t\t\t<figcaption class='wp-caption-text gallery-caption' id='gallery-1-20100'>\n\t\t\t\tMyftiu i Shkodr\u00ebs vizitoi Bashk\u00ebsin\u00eb Islame Shqiptare n\u00eb Danimark\u00eb\n\t\t\t\t<\/figcaption><\/figure><figure class='gallery-item'>\n\t\t\t<div class='gallery-icon portrait'>\n\t\t\t\t<a href='https:\/\/myftinia-shkoder.org\/?attachment_id=20101'><img loading=\"lazy\" decoding=\"async\" width=\"150\" height=\"150\" src=\"https:\/\/myftinia-shkoder.org\/wp-content\/uploads\/2026\/01\/Myftiu-i-Shkodres-vizitoi-Bashkesine-Islame-Shqiptare-ne-Danimarke-12-150x150.jpeg\" class=\"attachment-thumbnail size-thumbnail\" alt=\"\" aria-describedby=\"gallery-1-20101\" \/><\/a>\n\t\t\t<\/div>\n\t\t\t\t<figcaption class='wp-caption-text gallery-caption' id='gallery-1-20101'>\n\t\t\t\tMyftiu i Shkodr\u00ebs vizitoi Bashk\u00ebsin\u00eb Islame Shqiptare n\u00eb Danimark\u00eb\n\t\t\t\t<\/figcaption><\/figure><figure class='gallery-item'>\n\t\t\t<div class='gallery-icon portrait'>\n\t\t\t\t<a href='https:\/\/myftinia-shkoder.org\/?attachment_id=20102'><img loading=\"lazy\" decoding=\"async\" width=\"150\" height=\"150\" src=\"https:\/\/myftinia-shkoder.org\/wp-content\/uploads\/2026\/01\/Myftiu-i-Shkodres-vizitoi-Bashkesine-Islame-Shqiptare-ne-Danimarke-13-150x150.jpeg\" class=\"attachment-thumbnail size-thumbnail\" alt=\"\" aria-describedby=\"gallery-1-20102\" \/><\/a>\n\t\t\t<\/div>\n\t\t\t\t<figcaption class='wp-caption-text gallery-caption' id='gallery-1-20102'>\n\t\t\t\tMyftiu i Shkodr\u00ebs vizitoi Bashk\u00ebsin\u00eb Islame Shqiptare n\u00eb Danimark\u00eb\n\t\t\t\t<\/figcaption><\/figure><figure class='gallery-item'>\n\t\t\t<div class='gallery-icon landscape'>\n\t\t\t\t<a href='https:\/\/myftinia-shkoder.org\/?attachment_id=20103'><img loading=\"lazy\" decoding=\"async\" width=\"150\" height=\"150\" src=\"https:\/\/myftinia-shkoder.org\/wp-content\/uploads\/2026\/01\/Myftiu-i-Shkodres-vizitoi-Bashkesine-Islame-Shqiptare-ne-Danimarke-14-150x150.jpeg\" class=\"attachment-thumbnail size-thumbnail\" alt=\"\" aria-describedby=\"gallery-1-20103\" \/><\/a>\n\t\t\t<\/div>\n\t\t\t\t<figcaption class='wp-caption-text gallery-caption' id='gallery-1-20103'>\n\t\t\t\tMyftiu i Shkodr\u00ebs vizitoi Bashk\u00ebsin\u00eb Islame Shqiptare n\u00eb Danimark\u00eb\n\t\t\t\t<\/figcaption><\/figure><figure class='gallery-item'>\n\t\t\t<div class='gallery-icon portrait'>\n\t\t\t\t<a href='https:\/\/myftinia-shkoder.org\/?attachment_id=20104'><img loading=\"lazy\" decoding=\"async\" width=\"150\" height=\"150\" src=\"https:\/\/myftinia-shkoder.org\/wp-content\/uploads\/2026\/01\/Myftiu-i-Shkodres-vizitoi-Bashkesine-Islame-Shqiptare-ne-Danimarke-15-150x150.jpeg\" class=\"attachment-thumbnail size-thumbnail\" alt=\"\" aria-describedby=\"gallery-1-20104\" \/><\/a>\n\t\t\t<\/div>\n\t\t\t\t<figcaption class='wp-caption-text gallery-caption' id='gallery-1-20104'>\n\t\t\t\tMyftiu i Shkodr\u00ebs vizitoi Bashk\u00ebsin\u00eb Islame Shqiptare n\u00eb Danimark\u00eb\n\t\t\t\t<\/figcaption><\/figure><figure class='gallery-item'>\n\t\t\t<div class='gallery-icon portrait'>\n\t\t\t\t<a href='https:\/\/myftinia-shkoder.org\/?attachment_id=20105'><img loading=\"lazy\" decoding=\"async\" width=\"150\" height=\"150\" src=\"https:\/\/myftinia-shkoder.org\/wp-content\/uploads\/2026\/01\/Myftiu-i-Shkodres-vizitoi-Bashkesine-Islame-Shqiptare-ne-Danimarke-16-150x150.jpeg\" class=\"attachment-thumbnail size-thumbnail\" alt=\"\" aria-describedby=\"gallery-1-20105\" \/><\/a>\n\t\t\t<\/div>\n\t\t\t\t<figcaption class='wp-caption-text gallery-caption' id='gallery-1-20105'>\n\t\t\t\tMyftiu i Shkodr\u00ebs vizitoi Bashk\u00ebsin\u00eb Islame Shqiptare n\u00eb Danimark\u00eb\n\t\t\t\t<\/figcaption><\/figure><figure class='gallery-item'>\n\t\t\t<div class='gallery-icon landscape'>\n\t\t\t\t<a href='https:\/\/myftinia-shkoder.org\/?attachment_id=20106'><img loading=\"lazy\" decoding=\"async\" width=\"150\" height=\"150\" src=\"https:\/\/myftinia-shkoder.org\/wp-content\/uploads\/2026\/01\/Myftiu-i-Shkodres-vizitoi-Bashkesine-Islame-Shqiptare-ne-Danimarke-17-150x150.jpeg\" class=\"attachment-thumbnail size-thumbnail\" alt=\"\" aria-describedby=\"gallery-1-20106\" \/><\/a>\n\t\t\t<\/div>\n\t\t\t\t<figcaption class='wp-caption-text gallery-caption' id='gallery-1-20106'>\n\t\t\t\tMyftiu i Shkodr\u00ebs vizitoi Bashk\u00ebsin\u00eb Islame Shqiptare n\u00eb Danimark\u00eb\n\t\t\t\t<\/figcaption><\/figure><figure class='gallery-item'>\n\t\t\t<div class='gallery-icon landscape'>\n\t\t\t\t<a href='https:\/\/myftinia-shkoder.org\/?attachment_id=20107'><img loading=\"lazy\" decoding=\"async\" width=\"150\" height=\"150\" src=\"https:\/\/myftinia-shkoder.org\/wp-content\/uploads\/2026\/01\/Myftiu-i-Shkodres-vizitoi-Bashkesine-Islame-Shqiptare-ne-Danimarke-18-150x150.jpeg\" class=\"attachment-thumbnail size-thumbnail\" alt=\"\" aria-describedby=\"gallery-1-20107\" \/><\/a>\n\t\t\t<\/div>\n\t\t\t\t<figcaption class='wp-caption-text gallery-caption' id='gallery-1-20107'>\n\t\t\t\tMyftiu i Shkodr\u00ebs vizitoi Bashk\u00ebsin\u00eb Islame Shqiptare n\u00eb Danimark\u00eb\n\t\t\t\t<\/figcaption><\/figure><figure class='gallery-item'>\n\t\t\t<div class='gallery-icon landscape'>\n\t\t\t\t<a href='https:\/\/myftinia-shkoder.org\/?attachment_id=20108'><img loading=\"lazy\" decoding=\"async\" width=\"150\" height=\"150\" src=\"https:\/\/myftinia-shkoder.org\/wp-content\/uploads\/2026\/01\/Myftiu-i-Shkodres-vizitoi-Bashkesine-Islame-Shqiptare-ne-Danimarke-19-150x150.jpeg\" class=\"attachment-thumbnail size-thumbnail\" alt=\"\" aria-describedby=\"gallery-1-20108\" \/><\/a>\n\t\t\t<\/div>\n\t\t\t\t<figcaption class='wp-caption-text gallery-caption' id='gallery-1-20108'>\n\t\t\t\tMyftiu i Shkodr\u00ebs vizitoi Bashk\u00ebsin\u00eb Islame Shqiptare n\u00eb Danimark\u00eb\n\t\t\t\t<\/figcaption><\/figure><figure class='gallery-item'>\n\t\t\t<div class='gallery-icon landscape'>\n\t\t\t\t<a href='https:\/\/myftinia-shkoder.org\/?attachment_id=20109'><img loading=\"lazy\" decoding=\"async\" width=\"150\" height=\"150\" src=\"https:\/\/myftinia-shkoder.org\/wp-content\/uploads\/2026\/01\/Myftiu-i-Shkodres-vizitoi-Bashkesine-Islame-Shqiptare-ne-Danimarke-20-150x150.jpeg\" class=\"attachment-thumbnail size-thumbnail\" alt=\"\" aria-describedby=\"gallery-1-20109\" \/><\/a>\n\t\t\t<\/div>\n\t\t\t\t<figcaption class='wp-caption-text gallery-caption' id='gallery-1-20109'>\n\t\t\t\tMyftiu i Shkodr\u00ebs vizitoi Bashk\u00ebsin\u00eb Islame Shqiptare n\u00eb Danimark\u00eb\n\t\t\t\t<\/figcaption><\/figure><figure class='gallery-item'>\n\t\t\t<div class='gallery-icon landscape'>\n\t\t\t\t<a href='https:\/\/myftinia-shkoder.org\/?attachment_id=20110'><img loading=\"lazy\" decoding=\"async\" width=\"150\" height=\"150\" src=\"https:\/\/myftinia-shkoder.org\/wp-content\/uploads\/2026\/01\/Myftiu-i-Shkodres-vizitoi-Bashkesine-Islame-Shqiptare-ne-Danimarke-21-150x150.jpeg\" class=\"attachment-thumbnail size-thumbnail\" alt=\"\" aria-describedby=\"gallery-1-20110\" \/><\/a>\n\t\t\t<\/div>\n\t\t\t\t<figcaption class='wp-caption-text gallery-caption' id='gallery-1-20110'>\n\t\t\t\tMyftiu i Shkodr\u00ebs vizitoi Bashk\u00ebsin\u00eb Islame Shqiptare n\u00eb Danimark\u00eb\n\t\t\t\t<\/figcaption><\/figure><figure class='gallery-item'>\n\t\t\t<div class='gallery-icon landscape'>\n\t\t\t\t<a href='https:\/\/myftinia-shkoder.org\/?attachment_id=20111'><img loading=\"lazy\" decoding=\"async\" width=\"150\" height=\"150\" src=\"https:\/\/myftinia-shkoder.org\/wp-content\/uploads\/2026\/01\/Myftiu-i-Shkodres-vizitoi-Bashkesine-Islame-Shqiptare-ne-Danimarke-22-150x150.jpeg\" class=\"attachment-thumbnail size-thumbnail\" alt=\"\" aria-describedby=\"gallery-1-20111\" \/><\/a>\n\t\t\t<\/div>\n\t\t\t\t<figcaption class='wp-caption-text gallery-caption' id='gallery-1-20111'>\n\t\t\t\tMyftiu i Shkodr\u00ebs vizitoi Bashk\u00ebsin\u00eb Islame Shqiptare n\u00eb Danimark\u00eb\n\t\t\t\t<\/figcaption><\/figure><figure class='gallery-item'>\n\t\t\t<div class='gallery-icon landscape'>\n\t\t\t\t<a href='https:\/\/myftinia-shkoder.org\/?attachment_id=20112'><img loading=\"lazy\" decoding=\"async\" width=\"150\" height=\"150\" src=\"https:\/\/myftinia-shkoder.org\/wp-content\/uploads\/2026\/01\/Myftiu-i-Shkodres-vizitoi-Bashkesine-Islame-Shqiptare-ne-Danimarke-23-150x150.jpeg\" class=\"attachment-thumbnail size-thumbnail\" alt=\"\" aria-describedby=\"gallery-1-20112\" \/><\/a>\n\t\t\t<\/div>\n\t\t\t\t<figcaption class='wp-caption-text gallery-caption' id='gallery-1-20112'>\n\t\t\t\tMyftiu i Shkodr\u00ebs vizitoi Bashk\u00ebsin\u00eb Islame Shqiptare n\u00eb Danimark\u00eb\n\t\t\t\t<\/figcaption><\/figure><figure class='gallery-item'>\n\t\t\t<div class='gallery-icon landscape'>\n\t\t\t\t<a href='https:\/\/myftinia-shkoder.org\/?attachment_id=20113'><img loading=\"lazy\" decoding=\"async\" width=\"150\" height=\"150\" src=\"https:\/\/myftinia-shkoder.org\/wp-content\/uploads\/2026\/01\/Myftiu-i-Shkodres-vizitoi-Bashkesine-Islame-Shqiptare-ne-Danimarke-24-150x150.jpeg\" class=\"attachment-thumbnail size-thumbnail\" alt=\"\" aria-describedby=\"gallery-1-20113\" \/><\/a>\n\t\t\t<\/div>\n\t\t\t\t<figcaption class='wp-caption-text gallery-caption' id='gallery-1-20113'>\n\t\t\t\tMyftiu i Shkodr\u00ebs vizitoi Bashk\u00ebsin\u00eb Islame Shqiptare n\u00eb Danimark\u00eb\n\t\t\t\t<\/figcaption><\/figure><figure class='gallery-item'>\n\t\t\t<div class='gallery-icon portrait'>\n\t\t\t\t<a href='https:\/\/myftinia-shkoder.org\/?attachment_id=20114'><img loading=\"lazy\" decoding=\"async\" width=\"150\" height=\"150\" src=\"https:\/\/myftinia-shkoder.org\/wp-content\/uploads\/2026\/01\/Myftiu-i-Shkodres-vizitoi-Bashkesine-Islame-Shqiptare-ne-Danimarke-25-150x150.jpeg\" class=\"attachment-thumbnail size-thumbnail\" alt=\"\" aria-describedby=\"gallery-1-20114\" \/><\/a>\n\t\t\t<\/div>\n\t\t\t\t<figcaption class='wp-caption-text gallery-caption' id='gallery-1-20114'>\n\t\t\t\tMyftiu i Shkodr\u00ebs vizitoi Bashk\u00ebsin\u00eb Islame Shqiptare n\u00eb Danimark\u00eb\n\t\t\t\t<\/figcaption><\/figure><figure class='gallery-item'>\n\t\t\t<div class='gallery-icon landscape'>\n\t\t\t\t<a href='https:\/\/myftinia-shkoder.org\/?attachment_id=20115'><img loading=\"lazy\" decoding=\"async\" width=\"150\" height=\"150\" src=\"https:\/\/myftinia-shkoder.org\/wp-content\/uploads\/2026\/01\/Myftiu-i-Shkodres-vizitoi-Bashkesine-Islame-Shqiptare-ne-Danimarke-26-150x150.jpeg\" class=\"attachment-thumbnail size-thumbnail\" alt=\"\" aria-describedby=\"gallery-1-20115\" \/><\/a>\n\t\t\t<\/div>\n\t\t\t\t<figcaption class='wp-caption-text gallery-caption' id='gallery-1-20115'>\n\t\t\t\tMyftiu i Shkodr\u00ebs vizitoi Bashk\u00ebsin\u00eb Islame Shqiptare n\u00eb Danimark\u00eb\n\t\t\t\t<\/figcaption><\/figure><figure class='gallery-item'>\n\t\t\t<div class='gallery-icon landscape'>\n\t\t\t\t<a href='https:\/\/myftinia-shkoder.org\/?attachment_id=20116'><img loading=\"lazy\" decoding=\"async\" width=\"150\" height=\"150\" src=\"https:\/\/myftinia-shkoder.org\/wp-content\/uploads\/2026\/01\/Myftiu-i-Shkodres-vizitoi-Bashkesine-Islame-Shqiptare-ne-Danimarke-27-150x150.jpeg\" class=\"attachment-thumbnail size-thumbnail\" alt=\"\" aria-describedby=\"gallery-1-20116\" \/><\/a>\n\t\t\t<\/div>\n\t\t\t\t<figcaption class='wp-caption-text gallery-caption' id='gallery-1-20116'>\n\t\t\t\tMyftiu i Shkodr\u00ebs vizitoi Bashk\u00ebsin\u00eb Islame Shqiptare n\u00eb Danimark\u00eb\n\t\t\t\t<\/figcaption><\/figure>\n\t\t<\/div>\n\n","protected":false},"excerpt":{"rendered":"<div class=\"mh-excerpt\"><p>Myftiu i Shkodr\u00ebs vizitoi Bashk\u00ebsin\u00eb Islame Shqiptare n\u00eb Danimark\u00eb Me ftes\u00eb zyrtare t\u00eb Bashk\u00ebsis\u00eb Islame Shqiptare n\u00eb Danimark\u00eb, Myftiu i Shkodr\u00ebs, Imam Muhamed B. Sytari, mori pjes\u00eb n\u00eb disa prej aktiviteteve t\u00eb saj t\u00eb larmishme <a class=\"mh-excerpt-more\" href=\"https:\/\/myftinia-shkoder.org\/?p=20089\" title=\"Myftiu i Shkodr\u00ebs vizitoi Bashk\u00ebsin\u00eb Islame Shqiptare n\u00eb Danimark\u00eb\">[&#8230;]<\/a><\/p>\n<\/div>","protected":false},"author":1,"featured_media":20103,"comment_status":"closed","ping_status":"closed","sticky":false,"template":"","format":"standard","meta":{"footnotes":""},"categories":[13],"tags":[],"class_list":["post-20089","post","type-post","status-publish","format-standard","has-post-thumbnail","hentry","category-aktualitet"],"_links":{"self":[{"href":"https:\/\/myftinia-shkoder.org\/index.php?rest_route=\/wp\/v2\/posts\/20089","targetHints":{"allow":["GET"]}}],"collection":[{"href":"https:\/\/myftinia-shkoder.org\/index.php?rest_route=\/wp\/v2\/posts"}],"about":[{"href":"https:\/\/myftinia-shkoder.org\/index.php?rest_route=\/wp\/v2\/types\/post"}],"author":[{"embeddable":true,"href":"https:\/\/myftinia-shkoder.org\/index.php?rest_route=\/wp\/v2\/users\/1"}],"replies":[{"embeddable":true,"href":"https:\/\/myftinia-shkoder.org\/index.php?rest_route=%2Fwp%2Fv2%2Fcomments&post=20089"}],"version-history":[{"count":1,"href":"https:\/\/myftinia-shkoder.org\/index.php?rest_route=\/wp\/v2\/posts\/20089\/revisions"}],"predecessor-version":[{"id":20117,"href":"https:\/\/myftinia-shkoder.org\/index.php?rest_route=\/wp\/v2\/posts\/20089\/revisions\/20117"}],"wp:featuredmedia":[{"embeddable":true,"href":"https:\/\/myftinia-shkoder.org\/index.php?rest_route=\/wp\/v2\/media\/20103"}],"wp:attachment":[{"href":"https:\/\/myftinia-shkoder.org\/index.php?rest_route=%2Fwp%2Fv2%2Fmedia&parent=20089"}],"wp:term":[{"taxonomy":"category","embeddable":true,"href":"https:\/\/myftinia-shkoder.org\/index.php?rest_route=%2Fwp%2Fv2%2Fcategories&post=20089"},{"taxonomy":"post_tag","embeddable":true,"href":"https:\/\/myftinia-shkoder.org\/index.php?rest_route=%2Fwp%2Fv2%2Ftags&post=20089"}],"curies":[{"name":"wp","href":"https:\/\/api.w.org\/{rel}","templated":true}]}}