{"id":20217,"date":"2026-01-19T15:01:25","date_gmt":"2026-01-19T15:01:25","guid":{"rendered":"https:\/\/myftinia-shkoder.org\/?p=20217"},"modified":"2026-01-19T15:01:25","modified_gmt":"2026-01-19T15:01:25","slug":"myfti-i-shkodres-ligjeroi-ne-aktivitetin-e-bashkesise-islame-ne-ulqin-ne-prag-te-ramazanit","status":"publish","type":"post","link":"https:\/\/myftinia-shkoder.org\/?p=20217","title":{"rendered":"Myfti i Shkodr\u00ebs ligj\u00ebroi n\u00eb aktivitetin e Bashk\u00ebsis\u00eb Islame n\u00eb Ulqin, n\u00eb prag t\u00eb Ramazanit"},"content":{"rendered":"<p style=\"text-align: justify;\"><strong>Myfti i Shkodr\u00ebs ligj\u00ebroi n\u00eb aktivitetin e Bashk\u00ebsis\u00eb Islame n\u00eb Ulqin, n\u00eb prag t\u00eb Ramazanit<\/strong><\/p>\n<p style=\"text-align: justify;\">Me ftes\u00eb t\u00eb Mexhlisit t\u00eb Bashk\u00ebsis\u00eb Islame n\u00eb Ulqin t\u00eb Malit t\u00eb Zi, mbr\u00ebmjen e s\u00eb diel\u00ebs, m\u00eb 18 janar 2026, Myftiu i Shkodr\u00ebs, Imam Muhamed B. Sytari mori pjes\u00eb n\u00eb Tribun\u00ebn Fetare, q\u00eb u zhvillua n\u00eb xhamin\u00eb e madhe t\u00eb Pinjeshit, n\u00eb prag t\u00eb muajit t\u00eb madh\u00ebrish\u00ebm t\u00eb Ramazanit.<\/p>\n<p style=\"text-align: justify;\">N\u00eb k\u00ebt\u00eb mbr\u00ebmje fetare plot mir\u00ebsi dhe bekim ishte planifikuar q\u00eb ligj\u00ebrues nderi t\u00eb ishte Dr. Ferid Piku (Drejtor i Qendr\u00ebs Minber), si dhe Myftiu i Shkodr\u00ebs, Imam Muhamed B. Sytari.<\/p>\n<p style=\"text-align: justify;\">Pas faljes s\u00eb namazit t\u00eb jacis\u00eb, n\u00ebn drejtimin e Myftiut t\u00eb Shkodr\u00ebs, aktiviteti nisi me fjal\u00ebn e rastit nga kryeimami i Ulqinit, Mr. Ali ef. Bardhi, i cili pasi uroi mir\u00ebseardhjen dy t\u00eb ftuarve t\u00eb nderuar, si dhe besimtar\u00ebve t\u00eb shumt\u00eb t\u00eb pranish\u00ebm n\u00eb xhami, theksoi se tubime t\u00eb tilla jan\u00eb nj\u00eb mund\u00ebsi e mir\u00eb p\u00ebr t\u00eb ngrohur zemrat e besimtar\u00ebve n\u00eb prag t\u00eb muajit t\u00eb begat\u00eb t\u00eb Ramazanit.<\/p>\n<p style=\"text-align: justify;\">Nd\u00ebrkoh\u00eb, dy ligj\u00ebruesit e nderuar dhan\u00eb mesazhe t\u00eb r\u00ebnd\u00ebsishme q\u00eb kan\u00eb t\u00eb b\u00ebjn\u00eb me p\u00ebrsosjen e adhurimit dhe p\u00ebrgatitjen e duhur me rastin e ardhjes s\u00eb muajit t\u00eb begat\u00eb t\u00eb Ramazanit. U vu theksi te fakti, se muaji i madh\u00ebrish\u00ebm i Ramazanit ka nj\u00eb ndikim jasht\u00ebzakonisht t\u00eb madh n\u00eb p\u00ebrmir\u00ebsimin e gjendjes emocionale, psikologjike dhe shpirt\u00ebrore t\u00eb besimtar\u00ebve muslimane.<\/p>\n<p style=\"text-align: justify;\">Muaji i madh\u00ebrish\u00ebm i Ramazanit \u00ebsht\u00eb n\u00eb shkoll\u00eb e madhe adhurimi dhe nj\u00eb p\u00ebrmir\u00ebsues \u00e7udib\u00ebr\u00ebs i jet\u00ebs s\u00eb gjith\u00ebsecilit prej nesh.<\/p>\n<div id='gallery-1' class='gallery galleryid-20217 gallery-columns-4 gallery-size-thumbnail'><figure class='gallery-item'>\n\t\t\t<div class='gallery-icon landscape'>\n\t\t\t\t<a href='https:\/\/myftinia-shkoder.org\/?attachment_id=20223'><img loading=\"lazy\" decoding=\"async\" width=\"150\" height=\"150\" src=\"https:\/\/myftinia-shkoder.org\/wp-content\/uploads\/2026\/01\/Myfti-i-Shkodres-ligjeroi-ne-aktivitetin-e-Bashkesise-Islame-ne-Ulqin-ne-prag-te-Ramazanit-6-150x150.jpeg\" class=\"attachment-thumbnail size-thumbnail\" alt=\"\" aria-describedby=\"gallery-1-20223\" \/><\/a>\n\t\t\t<\/div>\n\t\t\t\t<figcaption class='wp-caption-text gallery-caption' id='gallery-1-20223'>\n\t\t\t\tMyfti i Shkodr\u00ebs ligj\u00ebroi n\u00eb aktivitetin e Bashk\u00ebsis\u00eb Islame n\u00eb Ulqin, n\u00eb prag t\u00eb Ramazanit\n\t\t\t\t<\/figcaption><\/figure><figure class='gallery-item'>\n\t\t\t<div class='gallery-icon landscape'>\n\t\t\t\t<a href='https:\/\/myftinia-shkoder.org\/?attachment_id=20224'><img loading=\"lazy\" decoding=\"async\" width=\"150\" height=\"150\" src=\"https:\/\/myftinia-shkoder.org\/wp-content\/uploads\/2026\/01\/Myfti-i-Shkodres-ligjeroi-ne-aktivitetin-e-Bashkesise-Islame-ne-Ulqin-ne-prag-te-Ramazanit-7-150x150.jpeg\" class=\"attachment-thumbnail size-thumbnail\" alt=\"\" aria-describedby=\"gallery-1-20224\" \/><\/a>\n\t\t\t<\/div>\n\t\t\t\t<figcaption class='wp-caption-text gallery-caption' id='gallery-1-20224'>\n\t\t\t\tMyfti i Shkodr\u00ebs ligj\u00ebroi n\u00eb aktivitetin e Bashk\u00ebsis\u00eb Islame n\u00eb Ulqin, n\u00eb prag t\u00eb Ramazanit\n\t\t\t\t<\/figcaption><\/figure><figure class='gallery-item'>\n\t\t\t<div class='gallery-icon landscape'>\n\t\t\t\t<a href='https:\/\/myftinia-shkoder.org\/?attachment_id=20218'><img loading=\"lazy\" decoding=\"async\" width=\"150\" height=\"150\" src=\"https:\/\/myftinia-shkoder.org\/wp-content\/uploads\/2026\/01\/Myfti-i-Shkodres-ligjeroi-ne-aktivitetin-e-Bashkesise-Islame-ne-Ulqin-ne-prag-te-Ramazanit-1-150x150.jpeg\" class=\"attachment-thumbnail size-thumbnail\" alt=\"\" aria-describedby=\"gallery-1-20218\" \/><\/a>\n\t\t\t<\/div>\n\t\t\t\t<figcaption class='wp-caption-text gallery-caption' id='gallery-1-20218'>\n\t\t\t\tMyfti i Shkodr\u00ebs ligj\u00ebroi n\u00eb aktivitetin e Bashk\u00ebsis\u00eb Islame n\u00eb Ulqin, n\u00eb prag t\u00eb Ramazanit\n\t\t\t\t<\/figcaption><\/figure><figure class='gallery-item'>\n\t\t\t<div class='gallery-icon landscape'>\n\t\t\t\t<a href='https:\/\/myftinia-shkoder.org\/?attachment_id=20222'><img loading=\"lazy\" decoding=\"async\" width=\"150\" height=\"150\" src=\"https:\/\/myftinia-shkoder.org\/wp-content\/uploads\/2026\/01\/Myfti-i-Shkodres-ligjeroi-ne-aktivitetin-e-Bashkesise-Islame-ne-Ulqin-ne-prag-te-Ramazanit-5-150x150.jpeg\" class=\"attachment-thumbnail size-thumbnail\" alt=\"\" aria-describedby=\"gallery-1-20222\" \/><\/a>\n\t\t\t<\/div>\n\t\t\t\t<figcaption class='wp-caption-text gallery-caption' id='gallery-1-20222'>\n\t\t\t\tMyfti i Shkodr\u00ebs ligj\u00ebroi n\u00eb aktivitetin e Bashk\u00ebsis\u00eb Islame n\u00eb Ulqin, n\u00eb prag t\u00eb Ramazanit\n\t\t\t\t<\/figcaption><\/figure><figure class='gallery-item'>\n\t\t\t<div class='gallery-icon landscape'>\n\t\t\t\t<a href='https:\/\/myftinia-shkoder.org\/?attachment_id=20221'><img loading=\"lazy\" decoding=\"async\" width=\"150\" height=\"150\" src=\"https:\/\/myftinia-shkoder.org\/wp-content\/uploads\/2026\/01\/Myfti-i-Shkodres-ligjeroi-ne-aktivitetin-e-Bashkesise-Islame-ne-Ulqin-ne-prag-te-Ramazanit-4-150x150.jpeg\" class=\"attachment-thumbnail size-thumbnail\" alt=\"\" aria-describedby=\"gallery-1-20221\" \/><\/a>\n\t\t\t<\/div>\n\t\t\t\t<figcaption class='wp-caption-text gallery-caption' id='gallery-1-20221'>\n\t\t\t\tMyfti i Shkodr\u00ebs ligj\u00ebroi n\u00eb aktivitetin e Bashk\u00ebsis\u00eb Islame n\u00eb Ulqin, n\u00eb prag t\u00eb Ramazanit\n\t\t\t\t<\/figcaption><\/figure><figure class='gallery-item'>\n\t\t\t<div class='gallery-icon landscape'>\n\t\t\t\t<a href='https:\/\/myftinia-shkoder.org\/?attachment_id=20220'><img loading=\"lazy\" decoding=\"async\" width=\"150\" height=\"150\" src=\"https:\/\/myftinia-shkoder.org\/wp-content\/uploads\/2026\/01\/Myfti-i-Shkodres-ligjeroi-ne-aktivitetin-e-Bashkesise-Islame-ne-Ulqin-ne-prag-te-Ramazanit-3-150x150.jpeg\" class=\"attachment-thumbnail size-thumbnail\" alt=\"\" aria-describedby=\"gallery-1-20220\" \/><\/a>\n\t\t\t<\/div>\n\t\t\t\t<figcaption class='wp-caption-text gallery-caption' id='gallery-1-20220'>\n\t\t\t\tMyfti i Shkodr\u00ebs ligj\u00ebroi n\u00eb aktivitetin e Bashk\u00ebsis\u00eb Islame n\u00eb Ulqin, n\u00eb prag t\u00eb Ramazanit\n\t\t\t\t<\/figcaption><\/figure><figure class='gallery-item'>\n\t\t\t<div class='gallery-icon landscape'>\n\t\t\t\t<a href='https:\/\/myftinia-shkoder.org\/?attachment_id=20219'><img loading=\"lazy\" decoding=\"async\" width=\"150\" height=\"150\" src=\"https:\/\/myftinia-shkoder.org\/wp-content\/uploads\/2026\/01\/Myfti-i-Shkodres-ligjeroi-ne-aktivitetin-e-Bashkesise-Islame-ne-Ulqin-ne-prag-te-Ramazanit-2-150x150.jpeg\" class=\"attachment-thumbnail size-thumbnail\" alt=\"\" aria-describedby=\"gallery-1-20219\" \/><\/a>\n\t\t\t<\/div>\n\t\t\t\t<figcaption class='wp-caption-text gallery-caption' id='gallery-1-20219'>\n\t\t\t\tMyfti i Shkodr\u00ebs ligj\u00ebroi n\u00eb aktivitetin e Bashk\u00ebsis\u00eb Islame n\u00eb Ulqin, n\u00eb prag t\u00eb Ramazanit\n\t\t\t\t<\/figcaption><\/figure>\n\t\t<\/div>\n\n","protected":false},"excerpt":{"rendered":"<div class=\"mh-excerpt\"><p>Myfti i Shkodr\u00ebs ligj\u00ebroi n\u00eb aktivitetin e Bashk\u00ebsis\u00eb Islame n\u00eb Ulqin, n\u00eb prag t\u00eb Ramazanit Me ftes\u00eb t\u00eb Mexhlisit t\u00eb Bashk\u00ebsis\u00eb Islame n\u00eb Ulqin t\u00eb Malit t\u00eb Zi, mbr\u00ebmjen e s\u00eb diel\u00ebs, m\u00eb 18 janar <a class=\"mh-excerpt-more\" href=\"https:\/\/myftinia-shkoder.org\/?p=20217\" title=\"Myfti i Shkodr\u00ebs ligj\u00ebroi n\u00eb aktivitetin e Bashk\u00ebsis\u00eb Islame n\u00eb Ulqin, n\u00eb prag t\u00eb Ramazanit\">[&#8230;]<\/a><\/p>\n<\/div>","protected":false},"author":1,"featured_media":20222,"comment_status":"closed","ping_status":"closed","sticky":false,"template":"","format":"standard","meta":{"footnotes":""},"categories":[13],"tags":[],"class_list":["post-20217","post","type-post","status-publish","format-standard","has-post-thumbnail","hentry","category-aktualitet"],"_links":{"self":[{"href":"https:\/\/myftinia-shkoder.org\/index.php?rest_route=\/wp\/v2\/posts\/20217","targetHints":{"allow":["GET"]}}],"collection":[{"href":"https:\/\/myftinia-shkoder.org\/index.php?rest_route=\/wp\/v2\/posts"}],"about":[{"href":"https:\/\/myftinia-shkoder.org\/index.php?rest_route=\/wp\/v2\/types\/post"}],"author":[{"embeddable":true,"href":"https:\/\/myftinia-shkoder.org\/index.php?rest_route=\/wp\/v2\/users\/1"}],"replies":[{"embeddable":true,"href":"https:\/\/myftinia-shkoder.org\/index.php?rest_route=%2Fwp%2Fv2%2Fcomments&post=20217"}],"version-history":[{"count":1,"href":"https:\/\/myftinia-shkoder.org\/index.php?rest_route=\/wp\/v2\/posts\/20217\/revisions"}],"predecessor-version":[{"id":20225,"href":"https:\/\/myftinia-shkoder.org\/index.php?rest_route=\/wp\/v2\/posts\/20217\/revisions\/20225"}],"wp:featuredmedia":[{"embeddable":true,"href":"https:\/\/myftinia-shkoder.org\/index.php?rest_route=\/wp\/v2\/media\/20222"}],"wp:attachment":[{"href":"https:\/\/myftinia-shkoder.org\/index.php?rest_route=%2Fwp%2Fv2%2Fmedia&parent=20217"}],"wp:term":[{"taxonomy":"category","embeddable":true,"href":"https:\/\/myftinia-shkoder.org\/index.php?rest_route=%2Fwp%2Fv2%2Fcategories&post=20217"},{"taxonomy":"post_tag","embeddable":true,"href":"https:\/\/myftinia-shkoder.org\/index.php?rest_route=%2Fwp%2Fv2%2Ftags&post=20217"}],"curies":[{"name":"wp","href":"https:\/\/api.w.org\/{rel}","templated":true}]}}