{"id":20337,"date":"2026-01-30T20:01:47","date_gmt":"2026-01-30T20:01:47","guid":{"rendered":"https:\/\/myftinia-shkoder.org\/?p=20337"},"modified":"2026-01-30T21:42:19","modified_gmt":"2026-01-30T21:42:19","slug":"ngrihuni-ne-kembe-per-kete-emer","status":"publish","type":"post","link":"https:\/\/myftinia-shkoder.org\/?p=20337","title":{"rendered":"\u201cNgrihuni n\u00eb k\u00ebmb\u00eb p\u00ebr k\u00ebt\u00eb em\u00ebr!\u201d"},"content":{"rendered":"<p style=\"text-align: justify;\"><strong>\u201cNgrihuni n\u00eb k\u00ebmb\u00eb p\u00ebr k\u00ebt\u00eb em\u00ebr!\u201d<\/strong><\/p>\n<p style=\"text-align: justify;\">Dit\u00ebn e xhuma, m\u00eb 30 janar 2026, n\u00ebp\u00ebrmjet minberit t\u00eb xhamis\u00eb s\u00eb Parruc\u00ebs, Myftiu i Shkodr\u00ebs, Imam Muhamed B. Sytari, iu drejtua besimtar\u00ebve me nj\u00eb mesazh n\u00eb p\u00ebrkujtim t\u00eb r\u00ebnies s\u00eb Komandantit legjendar, Mbrojt\u00ebsit t\u00eb Shkodr\u00ebs dhe Valiut t\u00eb saj, Hasan Riza Pasha, m\u00eb 30 janar 1913, n\u00eb dit\u00ebt e v\u00ebshtira t\u00eb rrethimit t\u00eb Shkodr\u00ebs.<\/p>\n<p style=\"text-align: justify;\">Gjat\u00eb hytbes s\u00eb k\u00ebsaj xhumaje, Myftiu i Shkodr\u00ebs vuri theksin tek pozita e lart\u00eb e komandantit Hasan Riza Pasha, ku nd\u00ebr t\u00eb tjera theksoi aft\u00ebsit\u00eb e m\u00ebdha t\u00eb k\u00ebtij Heroi t\u00eb madh t\u00eb kombit ton\u00eb, ve\u00e7ori me t\u00eb cilat spikati si nj\u00eb udh\u00ebheq\u00ebs me pesh\u00eb, q\u00eb si\u00e7 thon\u00eb edhe sh\u00ebnimet e shtypit t\u00eb koh\u00ebs: \u201cHasan Riza Pasha me shkenc\u00ebn e vet strategjike ka l\u00ebn\u00eb gjurm\u00eb t\u00eb pashlyeshme n\u00eb historin\u00eb ushtarake si mbrojt\u00ebs i Shkodr\u00ebs n\u00eb rrethimin historik t\u00eb saj q\u00eb, ndon\u00ebse i huej, tue krye n\u00eb kuptimin ma t\u00eb plot\u00eb detyr\u00ebn e tij, kjo nj\u00eb nd\u00ebr shkaqet jo ma t\u00eb mramet q\u00eb Shkodra muejt me qen\u00eb pjes\u00eb e pandame e nan\u00ebs Shqipni. Me vullnetin e pathyesh\u00ebm t\u00eb Hasan Riza Pash\u00ebs u ndalue turri i ushtrive t\u00eb bes\u00eblidhuna balkanike\u2026\u201d \u2013 (Hamdi Bushati, \u201cShkodra dhe motet\u201d, bot. i 2-t\u00eb, Shkod\u00ebr, 2005, v. 1, f. 365).<\/p>\n<p style=\"text-align: justify;\">Gjat\u00eb hytbes s\u00eb k\u00ebsaj xhumaje, Myftiu i Shkodr\u00ebs iu referua ditarit t\u00eb zonj\u00ebs Hortense von Zambaur, bashk\u00ebshortja e konsullit austriak n\u00eb Shkod\u00ebr asokohe, e cila ka mbajtur sh\u00ebnim detaje t\u00eb ndryshme nga realiteti i Shkodr\u00ebs n\u00eb ato muaj t\u00eb v\u00ebshtir\u00eb t\u00eb rrethimit t\u00eb vendit ton\u00eb, si dhe pozit\u00ebn e lart\u00eb t\u00eb Mbrojt\u00ebsit t\u00eb Shkodr\u00ebs, Hasan Riza Pasha.<\/p>\n<p style=\"text-align: justify;\">Nd\u00ebr t\u00eb tjera, Myftiu theksoi se: \u201cN\u00eb sh\u00ebnimet e zonj\u00ebs Hortense von Zambaur lexojm\u00eb edhe sa vijon: \u201818 tetor 1912. Mij\u00ebra shkodran\u00eb mysliman\u00eb kan\u00eb rrokur arm\u00ebt dhe jan\u00eb betuar q\u00eb t\u00eb vdesin p\u00ebr Atdheun\u2026 19 tetor 1912. N\u00eb nd\u00ebrtes\u00ebn e Bashkis\u00eb u ngrit flamuri i gjelb\u00ebr i Profetit. Lajm\u00ebtari publik (tellalli) b\u00ebn thirrje q\u00eb t\u00eb luftojn\u00eb e t\u00eb vdesin p\u00ebr Atdheun. Mysliman\u00ebt jan\u00eb t\u00eb mbushur me entuziaz\u00ebm dhe t\u00eb shumt\u00eb jan\u00eb ata q\u00eb vrapojn\u00eb me arm\u00eb n\u00eb duar n\u00ebp\u00ebr trashe. 25 n\u00ebntor 1912. Nj\u00eb shpallje e vendosur n\u00eb mur, e n\u00ebnshkruar nga Hasan Rizaja dhe Esat Pasha, njofton banor\u00ebt e Shkodr\u00ebs se ai q\u00eb shprehet p\u00ebr dor\u00ebzimin e qytetit, do t\u00eb varet! &#8230; 6 janar 1913. Sonte, n\u00eb mbr\u00ebmje, e ndez\u00ebm p\u00ebrs\u00ebri pem\u00ebn e krishtlindjeve. Hasan Rizaja, n\u00ebp\u00ebrmjet kolonel Fahri Beut, i ka d\u00ebrguar burrit tim nj\u00eb fotografi. Heroi i rrethimit t\u00eb Shkodr\u00ebs \u00ebsht\u00eb i veshur me uniform\u00eb ushtarake, me nj\u00eb q\u00ebndrim si Napoleoni. Sido q\u00eb t\u00eb p\u00ebrfundoj\u00eb kjo luft\u00eb, emri i tij do t\u00eb sh\u00ebnohet p\u00ebrjet\u00eb n\u00eb analet e historis\u00eb!\u2019 &#8230; \u201d \u2013 theksoi nd\u00ebr t\u00eb tjera Myftiu Sytari.<\/p>\n<p style=\"text-align: justify;\">Gjat\u00eb hytbes s\u00eb k\u00ebsaj xhumaje, Myftiu p\u00ebrmendi poashtu edhe vargjet e marshit q\u00eb Hasan Riza Pasha k\u00ebrkoi nga poeti At Gjergj Fishta, ku nd\u00ebr t\u00eb tjera lexojm\u00eb:<\/p>\n<p style=\"text-align: justify;\"><em>Prej kah len\u00eb e merr hana<\/em><\/p>\n<p style=\"text-align: justify;\"><em>Mu \u00e7ue shekulli kundra nesh<\/em><\/p>\n<p style=\"text-align: justify;\"><em>Djelm kreshnik\u00eb na bani nana<\/em><\/p>\n<p style=\"text-align: justify;\"><em>Vet\u00ebm na iu dalim ndesh.<\/em><\/p>\n<p style=\"text-align: justify;\"><em>T\u00eb par\u00ebt ton\u00eb burra \u00e7elikut<\/em><\/p>\n<p style=\"text-align: justify;\"><em>Bota mbar\u00eb sot i nderon<\/em><\/p>\n<p style=\"text-align: justify;\"><em>Ata i binin ndesh armikut<\/em><\/p>\n<p style=\"text-align: justify;\"><em>Si rrufeja kur veton.<\/em><\/p>\n<p style=\"text-align: justify;\"><em>N\u00eb ball\u00eb t\u00eb ushtris\u00eb u ngreh bajraku<\/em><\/p>\n<p style=\"text-align: justify;\"><em>Luft\u00eb buria q\u00eb po th\u00ebrret,<\/em><\/p>\n<p style=\"text-align: justify;\"><em>Bini djelm ku derdhet gjaku,<\/em><\/p>\n<p style=\"text-align: justify;\"><em>P\u00ebr liri e p\u00ebr Mbret.<\/em><\/p>\n<p style=\"text-align: justify;\"><em>Kush t\u00eb jet\u00eb djal n\u00eb ushtri t\u00eb Sulltanit<\/em><\/p>\n<p style=\"text-align: justify;\"><em>Kush t\u00eb jet\u00eb djal q\u00eb deken ban<\/em><\/p>\n<p style=\"text-align: justify;\"><em>T\u00eb dalin sot ai n\u00eb fush\u00eb t\u00eb mejdanit<\/em><\/p>\n<p style=\"text-align: justify;\"><em>Me dhan\u00eb jet\u00ebn p\u00ebr vatan<\/em><\/p>\n<p style=\"text-align: justify;\"><em>Asht ollsun ushtria Osmane<\/em><\/p>\n<p style=\"text-align: justify;\"><em>Nene Sanxhak rreshtue tabor<\/em><\/p>\n<p style=\"text-align: justify;\"><em>Marre t\u00eb parve kurr s\u2019iu \u00e7on<\/em><\/p>\n<p style=\"text-align: justify;\"><em>Se p\u00ebrpara bijn\u00eb gjall\u00eb n\u00eb vorr.<\/em><\/p>\n<p style=\"text-align: justify;\">Poashtu solli n\u00eb v\u00ebmendje edhe argumente t\u00eb tjera plot vler\u00eb, q\u00eb t\u00ebrheqin v\u00ebmendjen p\u00ebr respektin dhe nderim q\u00eb duhet t\u00eb kemi t\u00eb gjith\u00eb p\u00ebr personalitetin e lart\u00eb t\u00eb k\u00ebtij Heroi t\u00eb madh t\u00eb kombit ton\u00eb.<\/p>\n<p style=\"text-align: justify;\">N\u00eb fund t\u00eb ligj\u00ebrimit t\u00eb tij, Myftiu Sytari k\u00ebrkoi q\u00eb n\u00eb p\u00ebrfundim t\u00eb namazit t\u00eb xhumas\u00eb s\u00eb sotme lutja e k\u00ebsaj dite t\u2019i kushtohet shpirtit t\u00eb Komandant Hasan Riza Pash\u00ebs dhe d\u00ebshmor\u00ebve t\u00eb Shkodr\u00ebs q\u00eb dhan\u00eb jet\u00ebn, q\u00eb t\u00eb gjith\u00eb ne dhe kryeqendra e veriut t\u00eb ngelej pjes\u00eb e hart\u00ebs t\u00eb Shqip\u00ebris\u00eb son\u00eb t\u00eb shtrenjt\u00eb.<\/p>\n<p>Hytben e plot\u00eb t\u00eb Myftiut mund ta ndiqni k\u00ebtu:<\/p>\n<p><iframe loading=\"lazy\" title=\"Ngrihuni n\u00eb k\u00ebmb\u00eb p\u00ebr k\u00ebt\u00eb em\u00ebr!\" width=\"500\" height=\"281\" src=\"https:\/\/www.youtube.com\/embed\/LQvlpboY1wg?feature=oembed\" frameborder=\"0\" allow=\"accelerometer; autoplay; clipboard-write; encrypted-media; gyroscope; picture-in-picture; web-share\" referrerpolicy=\"strict-origin-when-cross-origin\" allowfullscreen><\/iframe><\/p>\n","protected":false},"excerpt":{"rendered":"<div class=\"mh-excerpt\"><p>\u201cNgrihuni n\u00eb k\u00ebmb\u00eb p\u00ebr k\u00ebt\u00eb em\u00ebr!\u201d Dit\u00ebn e xhuma, m\u00eb 30 janar 2026, n\u00ebp\u00ebrmjet minberit t\u00eb xhamis\u00eb s\u00eb Parruc\u00ebs, Myftiu i Shkodr\u00ebs, Imam Muhamed B. Sytari, iu drejtua besimtar\u00ebve me nj\u00eb mesazh n\u00eb p\u00ebrkujtim t\u00eb <a class=\"mh-excerpt-more\" href=\"https:\/\/myftinia-shkoder.org\/?p=20337\" title=\"\u201cNgrihuni n\u00eb k\u00ebmb\u00eb p\u00ebr k\u00ebt\u00eb em\u00ebr!\u201d\">[&#8230;]<\/a><\/p>\n<\/div>","protected":false},"author":1,"featured_media":20339,"comment_status":"closed","ping_status":"closed","sticky":false,"template":"","format":"standard","meta":{"footnotes":""},"categories":[5],"tags":[],"class_list":["post-20337","post","type-post","status-publish","format-standard","has-post-thumbnail","hentry","category-hytbe"],"_links":{"self":[{"href":"https:\/\/myftinia-shkoder.org\/index.php?rest_route=\/wp\/v2\/posts\/20337","targetHints":{"allow":["GET"]}}],"collection":[{"href":"https:\/\/myftinia-shkoder.org\/index.php?rest_route=\/wp\/v2\/posts"}],"about":[{"href":"https:\/\/myftinia-shkoder.org\/index.php?rest_route=\/wp\/v2\/types\/post"}],"author":[{"embeddable":true,"href":"https:\/\/myftinia-shkoder.org\/index.php?rest_route=\/wp\/v2\/users\/1"}],"replies":[{"embeddable":true,"href":"https:\/\/myftinia-shkoder.org\/index.php?rest_route=%2Fwp%2Fv2%2Fcomments&post=20337"}],"version-history":[{"count":2,"href":"https:\/\/myftinia-shkoder.org\/index.php?rest_route=\/wp\/v2\/posts\/20337\/revisions"}],"predecessor-version":[{"id":20341,"href":"https:\/\/myftinia-shkoder.org\/index.php?rest_route=\/wp\/v2\/posts\/20337\/revisions\/20341"}],"wp:featuredmedia":[{"embeddable":true,"href":"https:\/\/myftinia-shkoder.org\/index.php?rest_route=\/wp\/v2\/media\/20339"}],"wp:attachment":[{"href":"https:\/\/myftinia-shkoder.org\/index.php?rest_route=%2Fwp%2Fv2%2Fmedia&parent=20337"}],"wp:term":[{"taxonomy":"category","embeddable":true,"href":"https:\/\/myftinia-shkoder.org\/index.php?rest_route=%2Fwp%2Fv2%2Fcategories&post=20337"},{"taxonomy":"post_tag","embeddable":true,"href":"https:\/\/myftinia-shkoder.org\/index.php?rest_route=%2Fwp%2Fv2%2Ftags&post=20337"}],"curies":[{"name":"wp","href":"https:\/\/api.w.org\/{rel}","templated":true}]}}