{"id":20714,"date":"2026-03-01T16:29:34","date_gmt":"2026-03-01T16:29:34","guid":{"rendered":"https:\/\/myftinia-shkoder.org\/?p=20714"},"modified":"2026-03-04T12:47:21","modified_gmt":"2026-03-04T12:47:21","slug":"iftari-i-vellazerise-prizren-shkoder-vazhdon-traditen-e-tij-te-mrekullueshme","status":"publish","type":"post","link":"https:\/\/myftinia-shkoder.org\/?p=20714","title":{"rendered":"Iftari i v\u00ebllaz\u00ebris\u00eb Prizren \u2013 Shkod\u00ebr, vazhdon tradit\u00ebn e tij t\u00eb mrekullueshme!"},"content":{"rendered":"<p style=\"text-align: justify;\"><strong>Iftari i v\u00ebllaz\u00ebris\u00eb Prizren \u2013 Shkod\u00ebr, vazhdon tradit\u00ebn e tij t\u00eb mrekullueshme!<\/strong><\/p>\n<p style=\"text-align: justify;\">Dit\u00ebn e shtun\u00eb, m\u00eb 28 shkurt 2028, me ftes\u00eb t\u00eb Kryetarit t\u00eb K\u00ebshillit t\u00eb Bashk\u00ebsis\u00eb Islame t\u00eb Prizrenit, H. Valon Ibrahimi, teologu Arben Halluni, drejtor i arsimit pran\u00eb Myftinis\u00eb Shkod\u00ebr dhe an\u00ebtar\u00eb t\u00eb K\u00ebshillit t\u00eb Myftinis\u00eb Shkod\u00ebr mor\u00ebn pjes\u00eb n\u00eb iftarin e p\u00ebrvitsh\u00ebm tradicional, t\u00eb K\u00ebshilli t\u00eb Bashk\u00ebsis\u00eb Islame t\u00eb Prizrenit.<\/p>\n<p style=\"text-align: justify;\">N\u00eb postimin e tyre n\u00eb facebook, K\u00ebshilli i Bashk\u00ebsis\u00eb Islame Prizren, nd\u00ebr t\u00eb tjera shprehet:<\/p>\n<p style=\"text-align: justify;\">\u201cK\u00ebshilli i Bashk\u00ebsis\u00eb Islame i Prizrenit, shtroi iftarin tradicional me struktur\u00ebn e saj, si administrat\u00ebn, imam\u00ebt, mualim\u00ebt, dhe t\u00eb gjith\u00eb bashk\u00ebpun\u00ebtor\u00ebt lokal e qendror.<\/p>\n<p style=\"text-align: justify;\">N\u00eb em\u00ebr t\u00eb nikoqirit, t\u00eb pranishmit i p\u00ebrsh\u00ebndeti kryetari i K\u00ebshillit, Valon ef. Ibrahimi. N\u00eb em\u00ebr t\u00eb Komun\u00ebs s\u00eb Prizrenit, i p\u00ebrsh\u00ebndeti kryetari i Komun\u00ebs, z. Shaqir Totaj. N\u00eb em\u00ebr t\u00eb mysafir\u00ebve nga Shqip\u00ebria, z. Arben Halluni nga Shkodra!\u201d<\/p>\n<p style=\"text-align: justify;\">Kjo tradit\u00eb e mrekullueshme e sofr\u00ebs s\u00eb begat\u00eb t\u00eb iftarit tashm\u00eb \u00ebsht\u00eb konsoliduar dhe p\u00ebrs\u00ebritet \u00e7do vit me ardhjen e muajit t\u00eb Begat\u00eb t\u00eb Ramazanit.<\/p>\n<div id='gallery-1' class='gallery galleryid-20714 gallery-columns-4 gallery-size-thumbnail'><figure class='gallery-item'>\n\t\t\t<div class='gallery-icon landscape'>\n\t\t\t\t<a href='https:\/\/myftinia-shkoder.org\/?attachment_id=20715'><img loading=\"lazy\" decoding=\"async\" width=\"150\" height=\"150\" src=\"https:\/\/myftinia-shkoder.org\/wp-content\/uploads\/2026\/03\/Iftari-i-vellazerise-Prizren-\u2013-Shkoder-vazhdon-traditen-e-tij-te-mrekullueshme-1-150x150.jpeg\" class=\"attachment-thumbnail size-thumbnail\" alt=\"\" aria-describedby=\"gallery-1-20715\" \/><\/a>\n\t\t\t<\/div>\n\t\t\t\t<figcaption class='wp-caption-text gallery-caption' id='gallery-1-20715'>\n\t\t\t\tIftari i v\u00ebllaz\u00ebris\u00eb Prizren \u2013 Shkod\u00ebr, vazhdon tradit\u00ebn e tij t\u00eb mrekullueshme!\n\t\t\t\t<\/figcaption><\/figure><figure class='gallery-item'>\n\t\t\t<div class='gallery-icon portrait'>\n\t\t\t\t<a href='https:\/\/myftinia-shkoder.org\/?attachment_id=20716'><img loading=\"lazy\" decoding=\"async\" width=\"150\" height=\"150\" src=\"https:\/\/myftinia-shkoder.org\/wp-content\/uploads\/2026\/03\/Iftari-i-vellazerise-Prizren-\u2013-Shkoder-vazhdon-traditen-e-tij-te-mrekullueshme-2-150x150.jpeg\" class=\"attachment-thumbnail size-thumbnail\" alt=\"\" aria-describedby=\"gallery-1-20716\" \/><\/a>\n\t\t\t<\/div>\n\t\t\t\t<figcaption class='wp-caption-text gallery-caption' id='gallery-1-20716'>\n\t\t\t\tIftari i v\u00ebllaz\u00ebris\u00eb Prizren \u2013 Shkod\u00ebr, vazhdon tradit\u00ebn e tij t\u00eb mrekullueshme!\n\t\t\t\t<\/figcaption><\/figure><figure class='gallery-item'>\n\t\t\t<div class='gallery-icon landscape'>\n\t\t\t\t<a href='https:\/\/myftinia-shkoder.org\/?attachment_id=20717'><img loading=\"lazy\" decoding=\"async\" width=\"150\" height=\"150\" src=\"https:\/\/myftinia-shkoder.org\/wp-content\/uploads\/2026\/03\/Iftari-i-vellazerise-Prizren-\u2013-Shkoder-vazhdon-traditen-e-tij-te-mrekullueshme-3-150x150.jpeg\" class=\"attachment-thumbnail size-thumbnail\" alt=\"\" aria-describedby=\"gallery-1-20717\" \/><\/a>\n\t\t\t<\/div>\n\t\t\t\t<figcaption class='wp-caption-text gallery-caption' id='gallery-1-20717'>\n\t\t\t\tIftari i v\u00ebllaz\u00ebris\u00eb Prizren \u2013 Shkod\u00ebr, vazhdon tradit\u00ebn e tij t\u00eb mrekullueshme!\n\t\t\t\t<\/figcaption><\/figure><figure class='gallery-item'>\n\t\t\t<div class='gallery-icon landscape'>\n\t\t\t\t<a href='https:\/\/myftinia-shkoder.org\/?attachment_id=20718'><img loading=\"lazy\" decoding=\"async\" width=\"150\" height=\"150\" src=\"https:\/\/myftinia-shkoder.org\/wp-content\/uploads\/2026\/03\/Iftari-i-vellazerise-Prizren-\u2013-Shkoder-vazhdon-traditen-e-tij-te-mrekullueshme-4-150x150.jpeg\" class=\"attachment-thumbnail size-thumbnail\" alt=\"\" aria-describedby=\"gallery-1-20718\" \/><\/a>\n\t\t\t<\/div>\n\t\t\t\t<figcaption class='wp-caption-text gallery-caption' id='gallery-1-20718'>\n\t\t\t\tIftari i v\u00ebllaz\u00ebris\u00eb Prizren \u2013 Shkod\u00ebr, vazhdon tradit\u00ebn e tij t\u00eb mrekullueshme!\n\t\t\t\t<\/figcaption><\/figure><figure class='gallery-item'>\n\t\t\t<div class='gallery-icon landscape'>\n\t\t\t\t<a href='https:\/\/myftinia-shkoder.org\/?attachment_id=20719'><img loading=\"lazy\" decoding=\"async\" width=\"150\" height=\"150\" src=\"https:\/\/myftinia-shkoder.org\/wp-content\/uploads\/2026\/03\/Iftari-i-vellazerise-Prizren-\u2013-Shkoder-vazhdon-traditen-e-tij-te-mrekullueshme-5-150x150.jpeg\" class=\"attachment-thumbnail size-thumbnail\" alt=\"\" aria-describedby=\"gallery-1-20719\" \/><\/a>\n\t\t\t<\/div>\n\t\t\t\t<figcaption class='wp-caption-text gallery-caption' id='gallery-1-20719'>\n\t\t\t\tIftari i v\u00ebllaz\u00ebris\u00eb Prizren \u2013 Shkod\u00ebr, vazhdon tradit\u00ebn e tij t\u00eb mrekullueshme!\n\t\t\t\t<\/figcaption><\/figure><figure class='gallery-item'>\n\t\t\t<div class='gallery-icon landscape'>\n\t\t\t\t<a href='https:\/\/myftinia-shkoder.org\/?attachment_id=20720'><img loading=\"lazy\" decoding=\"async\" width=\"150\" height=\"150\" src=\"https:\/\/myftinia-shkoder.org\/wp-content\/uploads\/2026\/03\/Iftari-i-vellazerise-Prizren-\u2013-Shkoder-vazhdon-traditen-e-tij-te-mrekullueshme-6-150x150.jpeg\" class=\"attachment-thumbnail size-thumbnail\" alt=\"\" aria-describedby=\"gallery-1-20720\" \/><\/a>\n\t\t\t<\/div>\n\t\t\t\t<figcaption class='wp-caption-text gallery-caption' id='gallery-1-20720'>\n\t\t\t\tIftari i v\u00ebllaz\u00ebris\u00eb Prizren \u2013 Shkod\u00ebr, vazhdon tradit\u00ebn e tij t\u00eb mrekullueshme!\n\t\t\t\t<\/figcaption><\/figure><figure class='gallery-item'>\n\t\t\t<div class='gallery-icon landscape'>\n\t\t\t\t<a href='https:\/\/myftinia-shkoder.org\/?attachment_id=20721'><img loading=\"lazy\" decoding=\"async\" width=\"150\" height=\"150\" src=\"https:\/\/myftinia-shkoder.org\/wp-content\/uploads\/2026\/03\/Iftari-i-vellazerise-Prizren-\u2013-Shkoder-vazhdon-traditen-e-tij-te-mrekullueshme-7-150x150.jpeg\" class=\"attachment-thumbnail size-thumbnail\" alt=\"\" aria-describedby=\"gallery-1-20721\" \/><\/a>\n\t\t\t<\/div>\n\t\t\t\t<figcaption class='wp-caption-text gallery-caption' id='gallery-1-20721'>\n\t\t\t\tIftari i v\u00ebllaz\u00ebris\u00eb Prizren \u2013 Shkod\u00ebr, vazhdon tradit\u00ebn e tij t\u00eb mrekullueshme!\n\t\t\t\t<\/figcaption><\/figure><figure class='gallery-item'>\n\t\t\t<div class='gallery-icon landscape'>\n\t\t\t\t<a href='https:\/\/myftinia-shkoder.org\/?attachment_id=20722'><img loading=\"lazy\" decoding=\"async\" width=\"150\" height=\"150\" src=\"https:\/\/myftinia-shkoder.org\/wp-content\/uploads\/2026\/03\/Iftari-i-vellazerise-Prizren-\u2013-Shkoder-vazhdon-traditen-e-tij-te-mrekullueshme-8-150x150.jpeg\" class=\"attachment-thumbnail size-thumbnail\" alt=\"\" aria-describedby=\"gallery-1-20722\" \/><\/a>\n\t\t\t<\/div>\n\t\t\t\t<figcaption class='wp-caption-text gallery-caption' id='gallery-1-20722'>\n\t\t\t\tIftari i v\u00ebllaz\u00ebris\u00eb Prizren \u2013 Shkod\u00ebr, vazhdon tradit\u00ebn e tij t\u00eb mrekullueshme!\n\t\t\t\t<\/figcaption><\/figure><figure class='gallery-item'>\n\t\t\t<div class='gallery-icon landscape'>\n\t\t\t\t<a href='https:\/\/myftinia-shkoder.org\/?attachment_id=20723'><img loading=\"lazy\" decoding=\"async\" width=\"150\" height=\"150\" src=\"https:\/\/myftinia-shkoder.org\/wp-content\/uploads\/2026\/03\/Iftari-i-vellazerise-Prizren-\u2013-Shkoder-vazhdon-traditen-e-tij-te-mrekullueshme-9-150x150.jpeg\" class=\"attachment-thumbnail size-thumbnail\" alt=\"\" aria-describedby=\"gallery-1-20723\" \/><\/a>\n\t\t\t<\/div>\n\t\t\t\t<figcaption class='wp-caption-text gallery-caption' id='gallery-1-20723'>\n\t\t\t\tIftari i v\u00ebllaz\u00ebris\u00eb Prizren \u2013 Shkod\u00ebr, vazhdon tradit\u00ebn e tij t\u00eb mrekullueshme!\n\t\t\t\t<\/figcaption><\/figure><figure class='gallery-item'>\n\t\t\t<div class='gallery-icon landscape'>\n\t\t\t\t<a href='https:\/\/myftinia-shkoder.org\/?attachment_id=20724'><img loading=\"lazy\" decoding=\"async\" width=\"150\" height=\"150\" src=\"https:\/\/myftinia-shkoder.org\/wp-content\/uploads\/2026\/03\/Iftari-i-vellazerise-Prizren-\u2013-Shkoder-vazhdon-traditen-e-tij-te-mrekullueshme-10-150x150.jpeg\" class=\"attachment-thumbnail size-thumbnail\" alt=\"\" aria-describedby=\"gallery-1-20724\" \/><\/a>\n\t\t\t<\/div>\n\t\t\t\t<figcaption class='wp-caption-text gallery-caption' id='gallery-1-20724'>\n\t\t\t\tIftari i v\u00ebllaz\u00ebris\u00eb Prizren \u2013 Shkod\u00ebr, vazhdon tradit\u00ebn e tij t\u00eb mrekullueshme!\n\t\t\t\t<\/figcaption><\/figure><figure class='gallery-item'>\n\t\t\t<div class='gallery-icon landscape'>\n\t\t\t\t<a href='https:\/\/myftinia-shkoder.org\/?attachment_id=20725'><img loading=\"lazy\" decoding=\"async\" width=\"150\" height=\"150\" src=\"https:\/\/myftinia-shkoder.org\/wp-content\/uploads\/2026\/03\/Iftari-i-vellazerise-Prizren-\u2013-Shkoder-vazhdon-traditen-e-tij-te-mrekullueshme-11-150x150.jpeg\" class=\"attachment-thumbnail size-thumbnail\" alt=\"\" aria-describedby=\"gallery-1-20725\" \/><\/a>\n\t\t\t<\/div>\n\t\t\t\t<figcaption class='wp-caption-text gallery-caption' id='gallery-1-20725'>\n\t\t\t\tIftari i v\u00ebllaz\u00ebris\u00eb Prizren \u2013 Shkod\u00ebr, vazhdon tradit\u00ebn e tij t\u00eb mrekullueshme!\n\t\t\t\t<\/figcaption><\/figure><figure class='gallery-item'>\n\t\t\t<div class='gallery-icon landscape'>\n\t\t\t\t<a href='https:\/\/myftinia-shkoder.org\/?attachment_id=20726'><img loading=\"lazy\" decoding=\"async\" width=\"150\" height=\"150\" src=\"https:\/\/myftinia-shkoder.org\/wp-content\/uploads\/2026\/03\/Iftari-i-vellazerise-Prizren-\u2013-Shkoder-vazhdon-traditen-e-tij-te-mrekullueshme-12-150x150.jpeg\" class=\"attachment-thumbnail size-thumbnail\" alt=\"\" aria-describedby=\"gallery-1-20726\" \/><\/a>\n\t\t\t<\/div>\n\t\t\t\t<figcaption class='wp-caption-text gallery-caption' id='gallery-1-20726'>\n\t\t\t\tIftari i v\u00ebllaz\u00ebris\u00eb Prizren \u2013 Shkod\u00ebr, vazhdon tradit\u00ebn e tij t\u00eb mrekullueshme!\n\t\t\t\t<\/figcaption><\/figure>\n\t\t<\/div>\n\n","protected":false},"excerpt":{"rendered":"<div class=\"mh-excerpt\"><p>Iftari i v\u00ebllaz\u00ebris\u00eb Prizren \u2013 Shkod\u00ebr, vazhdon tradit\u00ebn e tij t\u00eb mrekullueshme! Dit\u00ebn e shtun\u00eb, m\u00eb 28 shkurt 2028, me ftes\u00eb t\u00eb Kryetarit t\u00eb K\u00ebshillit t\u00eb Bashk\u00ebsis\u00eb Islame t\u00eb Prizrenit, H. Valon Ibrahimi, teologu Arben <a class=\"mh-excerpt-more\" href=\"https:\/\/myftinia-shkoder.org\/?p=20714\" title=\"Iftari i v\u00ebllaz\u00ebris\u00eb Prizren \u2013 Shkod\u00ebr, vazhdon tradit\u00ebn e tij t\u00eb mrekullueshme!\">[&#8230;]<\/a><\/p>\n<\/div>","protected":false},"author":1,"featured_media":20718,"comment_status":"closed","ping_status":"closed","sticky":false,"template":"","format":"standard","meta":{"footnotes":""},"categories":[38],"tags":[],"class_list":["post-20714","post","type-post","status-publish","format-standard","has-post-thumbnail","hentry","category-mevludi-1447-2025"],"_links":{"self":[{"href":"https:\/\/myftinia-shkoder.org\/index.php?rest_route=\/wp\/v2\/posts\/20714","targetHints":{"allow":["GET"]}}],"collection":[{"href":"https:\/\/myftinia-shkoder.org\/index.php?rest_route=\/wp\/v2\/posts"}],"about":[{"href":"https:\/\/myftinia-shkoder.org\/index.php?rest_route=\/wp\/v2\/types\/post"}],"author":[{"embeddable":true,"href":"https:\/\/myftinia-shkoder.org\/index.php?rest_route=\/wp\/v2\/users\/1"}],"replies":[{"embeddable":true,"href":"https:\/\/myftinia-shkoder.org\/index.php?rest_route=%2Fwp%2Fv2%2Fcomments&post=20714"}],"version-history":[{"count":1,"href":"https:\/\/myftinia-shkoder.org\/index.php?rest_route=\/wp\/v2\/posts\/20714\/revisions"}],"predecessor-version":[{"id":20727,"href":"https:\/\/myftinia-shkoder.org\/index.php?rest_route=\/wp\/v2\/posts\/20714\/revisions\/20727"}],"wp:featuredmedia":[{"embeddable":true,"href":"https:\/\/myftinia-shkoder.org\/index.php?rest_route=\/wp\/v2\/media\/20718"}],"wp:attachment":[{"href":"https:\/\/myftinia-shkoder.org\/index.php?rest_route=%2Fwp%2Fv2%2Fmedia&parent=20714"}],"wp:term":[{"taxonomy":"category","embeddable":true,"href":"https:\/\/myftinia-shkoder.org\/index.php?rest_route=%2Fwp%2Fv2%2Fcategories&post=20714"},{"taxonomy":"post_tag","embeddable":true,"href":"https:\/\/myftinia-shkoder.org\/index.php?rest_route=%2Fwp%2Fv2%2Ftags&post=20714"}],"curies":[{"name":"wp","href":"https:\/\/api.w.org\/{rel}","templated":true}]}}