{"id":20763,"date":"2026-03-08T22:03:18","date_gmt":"2026-03-08T22:03:18","guid":{"rendered":"https:\/\/myftinia-shkoder.org\/?p=20763"},"modified":"2026-03-08T22:03:18","modified_gmt":"2026-03-08T22:03:18","slug":"myftinia-shkoder-shtron-iftar-me-rastin-e-7-marsit-dites-se-mesuesit","status":"publish","type":"post","link":"https:\/\/myftinia-shkoder.org\/?p=20763","title":{"rendered":"Myftinia Shkod\u00ebr shtron iftar me rastin e 7 Marsit, Dit\u00ebs s\u00eb M\u00ebsuesit"},"content":{"rendered":"<p style=\"text-align: justify;\"><strong>Myftinia Shkod\u00ebr shtron iftar me rastin e 7 Marsit, Dit\u00ebs s\u00eb M\u00ebsuesit<\/strong><\/p>\n<p style=\"text-align: justify;\">Dit\u00ebn e shtun\u00eb, m\u00eb 7 mars 2026, me rastin e 7 Marsit \u2013 Dit\u00ebs s\u00eb M\u00ebsuesit, Myftinia Shkod\u00ebr shtroi nj\u00eb iftar t\u00eb ve\u00e7ant\u00eb n\u00eb nder t\u00eb m\u00ebsuesve, duke shprehur mir\u00ebnjohje dhe respekt p\u00ebr kontributin e tyre t\u00eb \u00e7muar n\u00eb edukimin dhe formimin e brezave t\u00eb rinj.<\/p>\n<p style=\"text-align: justify;\">N\u00eb k\u00ebt\u00eb sof\u00ebr t\u00eb begat\u00eb t\u00eb iftarit mor\u00ebn pjes\u00eb m\u00ebsues dhe drejtues institucionesh arsimore, t\u00eb cil\u00ebt u bashkuan n\u00eb nj\u00eb atmosfer\u00eb t\u00eb ngroht\u00eb v\u00ebllaz\u00ebrore dhe respekti p\u00ebr figur\u00ebn e m\u00ebsuesit.<\/p>\n<p style=\"text-align: justify;\">Organizimi i k\u00ebtij iftari kishte p\u00ebr synim t\u00eb theksoj\u00eb r\u00ebnd\u00ebsin\u00eb e dijes dhe t\u00eb rolit q\u00eb m\u00ebsuesit kan\u00eb n\u00eb nd\u00ebrtimin e nj\u00eb shoq\u00ebrie t\u00eb edukuar dhe t\u00eb zhvilluar dhe pozit\u00ebn e lart\u00eb q\u00eb z\u00eb figura e m\u00ebsuesit n\u00eb fen\u00eb islame.<\/p>\n<p style=\"text-align: justify;\">P\u00ebrfaq\u00ebsuesi i Myftinis\u00eb Shkod\u00ebr, teologu Ervil Ku\u00e7i, n\u00eb \u00e7elje t\u00eb iftari, pasi q\u00eb i uroi m\u00ebsuesit p\u00ebr fest\u00ebn e tyre, nd\u00ebr t\u00eb tjera u shpreh, se: N\u00eb lidhje me rastin e fest\u00ebs s\u00eb Dit\u00ebs s\u00eb M\u00ebsuesit, k\u00ebt\u00eb iftar e kemi konsideruar nj\u00eb simbolik\u00eb me vler\u00eb n\u00eb sh\u00ebrbim t\u00eb njohjes dhe respektit p\u00ebr figur\u00ebn e m\u00ebsuesit. Duke qen\u00eb se pozita e m\u00ebsuesit n\u00eb fen\u00eb ton\u00eb islame ka nj\u00eb vend tep\u00ebr t\u00eb lart\u00eb, ku vet\u00eb Zoti i Gjith\u00ebsis\u00eb e ka p\u00ebrmendur n\u00eb Kur&#8217;anin Fam\u00eblart\u00eb, se: \u201cA jan\u00eb t\u00eb barabart\u00eb ata q\u00eb din\u00eb dhe ata q\u00eb nuk din\u00eb?!\u201d, si dhe vet\u00eb Pejgamberi (a.s) na ka th\u00ebn\u00eb se \u00ebsht\u00eb d\u00ebrguar m\u00ebsues.<\/p>\n<p style=\"text-align: justify;\">Me k\u00ebt\u00eb rast, p\u00ebrsh\u00ebndeti edhe m\u00ebsuesi i nderuar z. Muamer Vuci, i cili fal\u00ebnderoi Myftinin\u00eb Shkod\u00ebr p\u00ebr organizimin e k\u00ebtij iftari, n\u00eb respekt t\u00eb figur\u00ebs s\u00eb m\u00ebsuesit, t\u00eb cil\u00ebt sh\u00ebrbyen me p\u00ebrkushtim t\u00eb lart\u00eb n\u00eb \u00e7do skaj t\u00eb vendit p\u00ebr m\u00ebsimin dhe edukimin e brezave. Ai tha, se ky iftar shpreh edhe nj\u00ebher\u00eb harmonin\u00eb fetare q\u00eb karakterizon qytetin e Shkodr\u00ebs, duke u mbledhur k\u00ebtu s\u00eb bashku m\u00ebsues pa dallim feje.<\/p>\n<p style=\"text-align: justify;\">Gjithashtu, nj\u00eb fjal\u00eb p\u00ebrsh\u00ebndet\u00ebse mbajti edhe drejtori i Medreses\u00eb \u201cH. Sheh Shamia\u201d, z. Kujtim Dervishi, i cili nd\u00ebr t\u00eb tjera theksoi, se: M\u00ebsuesit kan\u00eb qen\u00eb dhe mbeten drita e dijes s\u00eb shoq\u00ebris\u00eb ton\u00eb. Me pun\u00ebn q\u00eb keni b\u00ebr\u00eb ju, me p\u00ebrkushtimin dhe dashurin\u00eb tuaj p\u00ebr arsimin, ju keni formuar brezat e t\u00ebr\u00eb duke u dh\u00ebn\u00eb atyre njohurit\u00eb e nevojshme dhe formim shkencor, por edhe edukat\u00ebn, moralin dhe vlerat njer\u00ebzore.<\/p>\n<div id='gallery-1' class='gallery galleryid-20763 gallery-columns-5 gallery-size-thumbnail'><figure class='gallery-item'>\n\t\t\t<div class='gallery-icon landscape'>\n\t\t\t\t<a href='https:\/\/myftinia-shkoder.org\/?attachment_id=20764'><img loading=\"lazy\" decoding=\"async\" width=\"150\" height=\"113\" src=\"https:\/\/myftinia-shkoder.org\/wp-content\/uploads\/2026\/03\/Myftinia-Shkoder-shtron-iftar-me-rastin-e-7-Marsit-Dites-se-Mesuesit-1-scaled.jpeg\" class=\"attachment-thumbnail size-thumbnail\" alt=\"\" aria-describedby=\"gallery-1-20764\" srcset=\"https:\/\/myftinia-shkoder.org\/wp-content\/uploads\/2026\/03\/Myftinia-Shkoder-shtron-iftar-me-rastin-e-7-Marsit-Dites-se-Mesuesit-1-scaled.jpeg 2560w, https:\/\/myftinia-shkoder.org\/wp-content\/uploads\/2026\/03\/Myftinia-Shkoder-shtron-iftar-me-rastin-e-7-Marsit-Dites-se-Mesuesit-1-300x225.jpeg 300w\" sizes=\"auto, (max-width: 150px) 100vw, 150px\" \/><\/a>\n\t\t\t<\/div>\n\t\t\t\t<figcaption class='wp-caption-text gallery-caption' id='gallery-1-20764'>\n\t\t\t\tMyftinia Shkod\u00ebr shtron iftar me rastin e 7 Marsit, Dit\u00ebs s\u00eb M\u00ebsuesit\n\t\t\t\t<\/figcaption><\/figure><figure class='gallery-item'>\n\t\t\t<div class='gallery-icon landscape'>\n\t\t\t\t<a href='https:\/\/myftinia-shkoder.org\/?attachment_id=20765'><img loading=\"lazy\" decoding=\"async\" width=\"150\" height=\"150\" src=\"https:\/\/myftinia-shkoder.org\/wp-content\/uploads\/2026\/03\/Myftinia-Shkoder-shtron-iftar-me-rastin-e-7-Marsit-Dites-se-Mesuesit-2-150x150.jpeg\" class=\"attachment-thumbnail size-thumbnail\" alt=\"\" aria-describedby=\"gallery-1-20765\" \/><\/a>\n\t\t\t<\/div>\n\t\t\t\t<figcaption class='wp-caption-text gallery-caption' id='gallery-1-20765'>\n\t\t\t\tMyftinia Shkod\u00ebr shtron iftar me rastin e 7 Marsit, Dit\u00ebs s\u00eb M\u00ebsuesit\n\t\t\t\t<\/figcaption><\/figure><figure class='gallery-item'>\n\t\t\t<div class='gallery-icon '>\n\t\t\t\t<a href='https:\/\/myftinia-shkoder.org\/?attachment_id=20766'><img loading=\"lazy\" decoding=\"async\" width=\"1\" height=\"1\" src=\"https:\/\/myftinia-shkoder.org\/wp-content\/uploads\/2026\/03\/Myftinia-Shkoder-shtron-iftar-me-rastin-e-7-Marsit-Dites-se-Mesuesit-3.jpeg\" class=\"attachment-thumbnail size-thumbnail\" alt=\"\" aria-describedby=\"gallery-1-20766\" \/><\/a>\n\t\t\t<\/div>\n\t\t\t\t<figcaption class='wp-caption-text gallery-caption' id='gallery-1-20766'>\n\t\t\t\tMyftinia Shkod\u00ebr shtron iftar me rastin e 7 Marsit, Dit\u00ebs s\u00eb M\u00ebsuesit\n\t\t\t\t<\/figcaption><\/figure><figure class='gallery-item'>\n\t\t\t<div class='gallery-icon landscape'>\n\t\t\t\t<a href='https:\/\/myftinia-shkoder.org\/?attachment_id=20767'><img loading=\"lazy\" decoding=\"async\" width=\"150\" height=\"150\" src=\"https:\/\/myftinia-shkoder.org\/wp-content\/uploads\/2026\/03\/Myftinia-Shkoder-shtron-iftar-me-rastin-e-7-Marsit-Dites-se-Mesuesit-4-150x150.jpeg\" class=\"attachment-thumbnail size-thumbnail\" alt=\"\" aria-describedby=\"gallery-1-20767\" \/><\/a>\n\t\t\t<\/div>\n\t\t\t\t<figcaption class='wp-caption-text gallery-caption' id='gallery-1-20767'>\n\t\t\t\tMyftinia Shkod\u00ebr shtron iftar me rastin e 7 Marsit, Dit\u00ebs s\u00eb M\u00ebsuesit\n\t\t\t\t<\/figcaption><\/figure><figure class='gallery-item'>\n\t\t\t<div class='gallery-icon landscape'>\n\t\t\t\t<a href='https:\/\/myftinia-shkoder.org\/?attachment_id=20768'><img loading=\"lazy\" decoding=\"async\" width=\"150\" height=\"150\" src=\"https:\/\/myftinia-shkoder.org\/wp-content\/uploads\/2026\/03\/Myftinia-Shkoder-shtron-iftar-me-rastin-e-7-Marsit-Dites-se-Mesuesit-5-150x150.jpeg\" class=\"attachment-thumbnail size-thumbnail\" alt=\"\" aria-describedby=\"gallery-1-20768\" \/><\/a>\n\t\t\t<\/div>\n\t\t\t\t<figcaption class='wp-caption-text gallery-caption' id='gallery-1-20768'>\n\t\t\t\tMyftinia Shkod\u00ebr shtron iftar me rastin e 7 Marsit, Dit\u00ebs s\u00eb M\u00ebsuesit\n\t\t\t\t<\/figcaption><\/figure><figure class='gallery-item'>\n\t\t\t<div class='gallery-icon landscape'>\n\t\t\t\t<a href='https:\/\/myftinia-shkoder.org\/?attachment_id=20769'><img loading=\"lazy\" decoding=\"async\" width=\"150\" height=\"150\" src=\"https:\/\/myftinia-shkoder.org\/wp-content\/uploads\/2026\/03\/Myftinia-Shkoder-shtron-iftar-me-rastin-e-7-Marsit-Dites-se-Mesuesit-6-150x150.jpeg\" class=\"attachment-thumbnail size-thumbnail\" alt=\"\" aria-describedby=\"gallery-1-20769\" \/><\/a>\n\t\t\t<\/div>\n\t\t\t\t<figcaption class='wp-caption-text gallery-caption' id='gallery-1-20769'>\n\t\t\t\tMyftinia Shkod\u00ebr shtron iftar me rastin e 7 Marsit, Dit\u00ebs s\u00eb M\u00ebsuesit\n\t\t\t\t<\/figcaption><\/figure><figure class='gallery-item'>\n\t\t\t<div class='gallery-icon landscape'>\n\t\t\t\t<a href='https:\/\/myftinia-shkoder.org\/?attachment_id=20770'><img loading=\"lazy\" decoding=\"async\" width=\"150\" height=\"150\" src=\"https:\/\/myftinia-shkoder.org\/wp-content\/uploads\/2026\/03\/Myftinia-Shkoder-shtron-iftar-me-rastin-e-7-Marsit-Dites-se-Mesuesit-7-150x150.jpeg\" class=\"attachment-thumbnail size-thumbnail\" alt=\"\" aria-describedby=\"gallery-1-20770\" \/><\/a>\n\t\t\t<\/div>\n\t\t\t\t<figcaption class='wp-caption-text gallery-caption' id='gallery-1-20770'>\n\t\t\t\tMyftinia Shkod\u00ebr shtron iftar me rastin e 7 Marsit, Dit\u00ebs s\u00eb M\u00ebsuesit\n\t\t\t\t<\/figcaption><\/figure><figure class='gallery-item'>\n\t\t\t<div class='gallery-icon landscape'>\n\t\t\t\t<a href='https:\/\/myftinia-shkoder.org\/?attachment_id=20771'><img loading=\"lazy\" decoding=\"async\" width=\"150\" height=\"150\" src=\"https:\/\/myftinia-shkoder.org\/wp-content\/uploads\/2026\/03\/Myftinia-Shkoder-shtron-iftar-me-rastin-e-7-Marsit-Dites-se-Mesuesit-8-150x150.jpeg\" class=\"attachment-thumbnail size-thumbnail\" alt=\"\" aria-describedby=\"gallery-1-20771\" \/><\/a>\n\t\t\t<\/div>\n\t\t\t\t<figcaption class='wp-caption-text gallery-caption' id='gallery-1-20771'>\n\t\t\t\tMyftinia Shkod\u00ebr shtron iftar me rastin e 7 Marsit, Dit\u00ebs s\u00eb M\u00ebsuesit\n\t\t\t\t<\/figcaption><\/figure><figure class='gallery-item'>\n\t\t\t<div class='gallery-icon landscape'>\n\t\t\t\t<a href='https:\/\/myftinia-shkoder.org\/?attachment_id=20773'><img loading=\"lazy\" decoding=\"async\" width=\"150\" height=\"150\" src=\"https:\/\/myftinia-shkoder.org\/wp-content\/uploads\/2026\/03\/Myftinia-Shkoder-shtron-iftar-me-rastin-e-7-Marsit-Dites-se-Mesuesit-9-150x150.jpeg\" class=\"attachment-thumbnail size-thumbnail\" alt=\"\" aria-describedby=\"gallery-1-20773\" \/><\/a>\n\t\t\t<\/div>\n\t\t\t\t<figcaption class='wp-caption-text gallery-caption' id='gallery-1-20773'>\n\t\t\t\tMyftinia Shkod\u00ebr shtron iftar me rastin e 7 Marsit, Dit\u00ebs s\u00eb M\u00ebsuesit\n\t\t\t\t<\/figcaption><\/figure>\n\t\t<\/div>\n\n","protected":false},"excerpt":{"rendered":"<div class=\"mh-excerpt\"><p>Myftinia Shkod\u00ebr shtron iftar me rastin e 7 Marsit, Dit\u00ebs s\u00eb M\u00ebsuesit Dit\u00ebn e shtun\u00eb, m\u00eb 7 mars 2026, me rastin e 7 Marsit \u2013 Dit\u00ebs s\u00eb M\u00ebsuesit, Myftinia Shkod\u00ebr shtroi nj\u00eb iftar t\u00eb ve\u00e7ant\u00eb <a class=\"mh-excerpt-more\" href=\"https:\/\/myftinia-shkoder.org\/?p=20763\" title=\"Myftinia Shkod\u00ebr shtron iftar me rastin e 7 Marsit, Dit\u00ebs s\u00eb M\u00ebsuesit\">[&#8230;]<\/a><\/p>\n<\/div>","protected":false},"author":1,"featured_media":20764,"comment_status":"closed","ping_status":"closed","sticky":false,"template":"","format":"standard","meta":{"footnotes":""},"categories":[13,45],"tags":[],"class_list":["post-20763","post","type-post","status-publish","format-standard","has-post-thumbnail","hentry","category-aktualitet","category-ramazan-1447-2026"],"_links":{"self":[{"href":"https:\/\/myftinia-shkoder.org\/index.php?rest_route=\/wp\/v2\/posts\/20763","targetHints":{"allow":["GET"]}}],"collection":[{"href":"https:\/\/myftinia-shkoder.org\/index.php?rest_route=\/wp\/v2\/posts"}],"about":[{"href":"https:\/\/myftinia-shkoder.org\/index.php?rest_route=\/wp\/v2\/types\/post"}],"author":[{"embeddable":true,"href":"https:\/\/myftinia-shkoder.org\/index.php?rest_route=\/wp\/v2\/users\/1"}],"replies":[{"embeddable":true,"href":"https:\/\/myftinia-shkoder.org\/index.php?rest_route=%2Fwp%2Fv2%2Fcomments&post=20763"}],"version-history":[{"count":1,"href":"https:\/\/myftinia-shkoder.org\/index.php?rest_route=\/wp\/v2\/posts\/20763\/revisions"}],"predecessor-version":[{"id":20774,"href":"https:\/\/myftinia-shkoder.org\/index.php?rest_route=\/wp\/v2\/posts\/20763\/revisions\/20774"}],"wp:featuredmedia":[{"embeddable":true,"href":"https:\/\/myftinia-shkoder.org\/index.php?rest_route=\/wp\/v2\/media\/20764"}],"wp:attachment":[{"href":"https:\/\/myftinia-shkoder.org\/index.php?rest_route=%2Fwp%2Fv2%2Fmedia&parent=20763"}],"wp:term":[{"taxonomy":"category","embeddable":true,"href":"https:\/\/myftinia-shkoder.org\/index.php?rest_route=%2Fwp%2Fv2%2Fcategories&post=20763"},{"taxonomy":"post_tag","embeddable":true,"href":"https:\/\/myftinia-shkoder.org\/index.php?rest_route=%2Fwp%2Fv2%2Ftags&post=20763"}],"curies":[{"name":"wp","href":"https:\/\/api.w.org\/{rel}","templated":true}]}}